{"id":197222,"date":"2025-10-24T00:49:13","date_gmt":"2025-10-24T00:49:13","guid":{"rendered":"https:\/\/www.europesays.com\/es\/197222\/"},"modified":"2025-10-24T00:49:13","modified_gmt":"2025-10-24T00:49:13","slug":"solo-javier-el-documental-sobre-la-vida-de-javier-sartorius","status":"publish","type":"post","link":"https:\/\/www.europesays.com\/es\/197222\/","title":{"rendered":"\u201cSolo Javier\u201d: el documental sobre la vida de Javier Sartorius"},"content":{"rendered":"<p>Una joven promesa del tenis espa\u00f1ol con una vida de \u00e9xito que lo dej\u00f3 todo y vivi\u00f3 dedicado a la oraci\u00f3n en el Santuario de Lord porque encontr\u00f3 la verdadera riqueza en Dios<\/p>\n<p>Roc\u00edo Lancho Garc\u00eda &#8211; Ciudad del Vaticano<\/p>\n<p>Un joven extrovertido, apuesto, procedente de la aristocracia madrile\u00f1a, carism\u00e1tico y un gran deportista. As\u00ed era Javier Sartorius Milans del Bosch (1962-2006). Ten\u00eda por delante una prometedora carrera como tenista. Se mud\u00f3 junto con su hermano a California, Estados Unidos, para estudiar Administraci\u00f3n y Direcci\u00f3n de Empresa. Empez\u00f3 a trabajar como profesor de p\u00e1del y lleg\u00f3 as\u00ed una vida de \u00e9xito, fiestas, chicas, diversi\u00f3n. Cuando se alz\u00f3 campe\u00f3n de p\u00e1del de Estados Unidos, Javier tir\u00f3 el trofeo a la basura. En el fondo sent\u00eda un profundo vac\u00edo existencial. Comenz\u00f3 a sentir inquietud por la vida espiritual, a trav\u00e9s del yoga y la meditaci\u00f3n, y siendo cercano a los m\u00e1s desfavorecidos. En este camino de b\u00fasqueda, un familiar le invit\u00f3 a unirse a una misi\u00f3n en las monta\u00f1as de Cuzco en Per\u00fa. Una experiencia de un mes que termin\u00f3 convirti\u00e9ndose en un a\u00f1o. All\u00ed, se encontr\u00f3 con Dios y su vida cambi\u00f3. Dej\u00f3 atr\u00e1s el pasado e inici\u00f3 una nueva vida dedicada a la oraci\u00f3n y la pobreza. Decidi\u00f3 regresar a Espa\u00f1a para ingresar en el Seminario de Toledo. Sin embargo, Javier segu\u00eda sintiendo una gran inquietud por realizar una entrega m\u00e1s radical y viaj\u00f3 hasta el Santuario de Lord, en las monta\u00f1as del Prepirineo catal\u00e1n. En la vida contemplativa y retirada del mundo, Javier encontr\u00f3 su lugar. Los \u00faltimos a\u00f1os de su vida, estuvieron marcados por una delicada enfermedad, que \u00e9l afront\u00f3 con humildad y alegr\u00eda, mientras retom\u00f3 los estudios de teolog\u00eda en el Seminario de Barcelona. Falleci\u00f3 de un repentino ataque al coraz\u00f3n poco antes de recibir el Sacramento del Orden Sacerdotal.<\/p>\n<p>Un amigo y testigo de su camino espiritual <\/p>\n<p>Jordi Bosch Codina, conoci\u00f3 a Javier en el a\u00f1o 1989 en Per\u00fa. Juntos se fueron tambi\u00e9n al seminario de Toledo. Fue \u00e9l quien le habl\u00f3 del Santuario de Nuestra Se\u00f1ora de Lord cuando Javier le transmiti\u00f3 la inquietud que ten\u00eda de vivir una vida aislada del mundo. Ahora, su viejo amigo es el presidente de la Asociaci\u00f3n Javier Sartorius. Ha viajado a Roma para el preestreno del documental \u201cSolo Javier\u201d, acompa\u00f1ado del hermano Fernando Sartorius, con quien vivi\u00f3 en Los \u00c1ngeles; de su prima Rosa Muguiro Sartorius, que fue como una hermana para Javier y del director del documental, Josemar\u00eda Angl\u00e8s. Todos ellos han tenido ocasi\u00f3n de saludar al Papa Le\u00f3n XIV al finalizar la audiencia general de este mi\u00e9rcoles. Le han regalado el libro de la vida de Javier, una peque\u00f1a estatua de la Virgen de Lord y una pelota de tenis. El Pont\u00edfice ya hab\u00eda escuchado hablar de la historia de Javier Sartorius, porque el pasado 1 de octubre, el presidente de la Generalitat de Catalu\u00f1a, Salvador Illa, en su encuentro con Le\u00f3n XIV en el Vaticano le obsequi\u00f3 con la pel\u00edcula y el libro.<\/p>\n<p>El origen de la Asociaci\u00f3n y del documental <\/p>\n<p>Para explicar c\u00f3mo naci\u00f3 la pel\u00edcula es necesario explicar por qu\u00e9 se crea la Asociaci\u00f3n, explica Jordi en entrevista con los medios vaticanos. \u201cNos situamos en el a\u00f1o 2006 cuando muere Javier. 10 a\u00f1os despu\u00e9s, el que era rector del Seminario interdiocesano donde Javier estudiaba, escribe una carta al obispo de Solsona, di\u00f3cesis a la que estaba vinculado Javier, donde est\u00e1 el Santuario de Lord. En la carta dec\u00eda, yo he visto en Javier rasgos y virtudes que nos inducen a pensar que podr\u00eda ser santo\u201d. El obispo traslada la informaci\u00f3n al padre Juan, superior del Santuario de Lord y \u00e9l a su vez a un grupo de familiares y amigos de Javier. Fue entonces cuando decidieron formar la Asociaci\u00f3n Javier Sartorius. \u201cIniciamos el proceso de instituci\u00f3n de la entidad y a la vez estamos haciendo una consulta para ver si hay posible causa, con todo lo que esto representa, como buscar un postulador\u201d, precisa Jordi. La respuesta del obispo fue que en principio no hay causa porque no hay inter\u00e9s y devoci\u00f3n por parte del pueblo fiel, porque la historia de Javier se conoc\u00eda solo entre familiares y amigos. As\u00ed surgi\u00f3 la idea de hacer el relato de la vida de Javier para convertirlo en pel\u00edcula documental y en un libro.<\/p>\n<p>Para crear el documental la Asociaci\u00f3n buscaba un equipo que reuniera tres caracter\u00edsticas: talento, juventud y fe, y los encontraron. \u201cSin profundizar en lo que Javier descubre es dif\u00edcil entender su historia, por eso les invitamos a que hicieran una experiencia de una semana en el Santuario, para recoger todo el legado de Javier de sus cartas, testimonios, etc.\u201d. Naci\u00f3 as\u00ed \u201cSolo Javier, un documental con un presupuesto bajito, pero que est\u00e1 teniendo un impacto importante\u201d.<\/p>\n<p>    <img decoding=\"async\" src=\"data:image\/gif;base64,R0lGODlhAQABAIAAAAAAAP\/\/\/yH5BAEAAAAALAAAAAABAAEAAAIBRAA7\" data-original=\"https:\/\/www.vaticannews.va\/content\/dam\/vaticannews\/multimedia\/2025\/ottobre\/24\/Rosa-Muguiro-Sartorius-y-Josepmaria-Angles_3.jpg\/_jcr_content\/renditions\/cq5dam.thumbnail.cropped.750.422.jpeg\" alt=\"Presentation en Roma del documental \u201cSolo Javier\u201d\" title=\"Presentation en Roma del documental \u201cSolo Javier\u201d\"\/><\/p>\n<p>\n   Presentation en Roma del documental \u201cSolo Javier\u201d\n  <\/p>\n<p>La mirada de Javier sobre la pobreza y la verdad interior <\/p>\n<p>Por otro lado, Jordi asegura tambi\u00e9n que \u201cen el recorrido vital de Javier, tiene contacto con los homeless en Estados Unidos y esto produce un primer impacto donde \u00e9l abre los ojos y capta en la belleza de lo que descubre a trav\u00e9s de un juicio de la raz\u00f3n, la verdad que baja al coraz\u00f3n donde uno verifica que hay gente que sufre. Y ese sufrimiento lo comparar\u00e1 con su propia existencia y con el privilegio que \u00e9l ha vivido\u201d. Mirando a estas personas, Javier descubre algo que a \u00e9l le falta, una felicidad que \u00e9l no experimenta al poner el coraz\u00f3n en lo material. Cuando se fue de misi\u00f3n y descubre la riqueza de la Iglesia &#8211; asegura su amigo de la juventud \u2013 verific\u00f3 en los pobres su propia pobreza y empieza a encontrar la respuesta en Jesucristo. En el encuentro con Cristo, Javier es feliz. \u00c9l vivi\u00f3 cinco caracter\u00edsticas fundamentales, asevera Jordi: \u201cLa humildad, la obediencia, reconocer la autoridad, la alegr\u00eda y la inocencia\u201d. Todo ello le llev\u00f3 a la \u201cradicalidad del amor\u201d y esa \u201cplenitud del amor le hizo vivir las virtudes de una forma extraordinaria\u201d.<\/p>\n<p>Un ejemplo para los j\u00f3venes de hoy <\/p>\n<p>Al respecto, Bosch Codina cree que Javier Sartorius puede ser un modelo y ejemplo para los j\u00f3venes de hoy en d\u00eda porque hizo \u201cun recorrido de fuera hacia dentro y de dentro hacia arriba, como san Agust\u00edn\u201d.<\/p>\n<p>La pel\u00edcula se propone como un viaje: desde el atractivo \u00e9xito mundano hasta la capilla de un santuario perdido en la monta\u00f1a, pasando por el impacto de la pobreza en Per\u00fa y abordando la necesidad de vida espiritual en el primer mundo. El documental sobre su vida, que fue presentado en Roma el 21 de octubre, busca ir m\u00e1s all\u00e1 de un simple relato biogr\u00e1fico, \u201cquiere transmitir la experiencia espiritual de renuncias y desapegos en favor de un Amor alegre, silencioso y contemplativo\u201d. Asimismo, \u201cbusca interpelar a j\u00f3venes so\u00f1ando con riqueza y \u00e9xito, en busca de un amor pleno, y a cat\u00f3licos que asisten a misa sin compromiso real\u201d. \u201cM\u00e1s que resaltar la santidad de Javier, busca desafiar, provocar y atraer, mostrando la belleza de una fe que huye de la comodidad, que rompe esquemas, y que se f\u00eda completamente del Se\u00f1or\u201d, se explica en la presentaci\u00f3n del largometraje.<\/p>\n","protected":false},"excerpt":{"rendered":"Una joven promesa del tenis espa\u00f1ol con una vida de \u00e9xito que lo dej\u00f3 todo y vivi\u00f3 dedicado&hellip;\n","protected":false},"author":2,"featured_media":197223,"comment_status":"","ping_status":"","sticky":false,"template":"","format":"standard","meta":{"footnotes":""},"categories":[169],"tags":[54654,177,634,146,147,25,24,176,175,705,492,23],"class_list":{"0":"post-197222","1":"post","2":"type-post","3":"status-publish","4":"format-standard","5":"has-post-thumbnail","7":"category-cine","8":"tag-docufilm","9":"tag-cine","10":"tag-deporte","11":"tag-entertainment","12":"tag-entretenimiento","13":"tag-es","14":"tag-espana","15":"tag-film","16":"tag-movies","17":"tag-peru","18":"tag-sociedad","19":"tag-spain"},"share_on_mastodon":{"url":"https:\/\/pubeurope.com\/@es\/115426398311032920","error":""},"_links":{"self":[{"href":"https:\/\/www.europesays.com\/es\/wp-json\/wp\/v2\/posts\/197222","targetHints":{"allow":["GET"]}}],"collection":[{"href":"https:\/\/www.europesays.com\/es\/wp-json\/wp\/v2\/posts"}],"about":[{"href":"https:\/\/www.europesays.com\/es\/wp-json\/wp\/v2\/types\/post"}],"author":[{"embeddable":true,"href":"https:\/\/www.europesays.com\/es\/wp-json\/wp\/v2\/users\/2"}],"replies":[{"embeddable":true,"href":"https:\/\/www.europesays.com\/es\/wp-json\/wp\/v2\/comments?post=197222"}],"version-history":[{"count":0,"href":"https:\/\/www.europesays.com\/es\/wp-json\/wp\/v2\/posts\/197222\/revisions"}],"wp:featuredmedia":[{"embeddable":true,"href":"https:\/\/www.europesays.com\/es\/wp-json\/wp\/v2\/media\/197223"}],"wp:attachment":[{"href":"https:\/\/www.europesays.com\/es\/wp-json\/wp\/v2\/media?parent=197222"}],"wp:term":[{"taxonomy":"category","embeddable":true,"href":"https:\/\/www.europesays.com\/es\/wp-json\/wp\/v2\/categories?post=197222"},{"taxonomy":"post_tag","embeddable":true,"href":"https:\/\/www.europesays.com\/es\/wp-json\/wp\/v2\/tags?post=197222"}],"curies":[{"name":"wp","href":"https:\/\/api.w.org\/{rel}","templated":true}]}}