{"id":197226,"date":"2025-10-24T00:52:11","date_gmt":"2025-10-24T00:52:11","guid":{"rendered":"https:\/\/www.europesays.com\/es\/197226\/"},"modified":"2025-10-24T00:52:11","modified_gmt":"2025-10-24T00:52:11","slug":"richard-gere-deja-madrid-y-se-vuelve-con-su-familia-a-estados-unidos-cinco-anos-antes-de-lo-previsto","status":"publish","type":"post","link":"https:\/\/www.europesays.com\/es\/197226\/","title":{"rendered":"Richard Gere deja Madrid y se vuelve con su familia a Estados Unidos cinco a\u00f1os antes de lo previsto"},"content":{"rendered":"<p style=\"\">Madrid no ha sido lo que <a href=\"https:\/\/www.abc.es\/gente\/richard-gere-revela-quiere-acabar-problema-personas-20250922182734-nt.html\" target=\"_self\" data-voc-vtm-id=\"in-text-traffic\" title=\"Richard Gere\" data-mrf-link=\"www.abc.es\" rel=\"nofollow noopener\">Richard Gere<\/a> esperaba. Al menos eso parece por las \u00faltimas declaraciones del actor, que confirma que la pareja ha dejado la capital espa\u00f1ola, donde se instal\u00f3 en septiembre del pasado a\u00f1o, para volver a Estados Unidos. A pesar  &#8230; de que el int\u00e9rprete de &#8216;Pretty Woman&#8217; cont\u00f3 que tras seis a\u00f1os juntos en su pa\u00eds le correspond\u00eda pasar seis a\u00f1os en el pa\u00eds de su mujer, <strong>Alejandra Gere<\/strong>, parece que <strong>las prioridades han cambiado<\/strong>. <\/p>\n<p class=\"voc-p\" style=\"\">Ha sido en declaraciones a &#8216;Hello!&#8217; durante el visionado de su documental &#8216;Wisdom of Happiness&#8217; el pasado 16 de octubre en Nueva York. \u00abDe hecho hemos vuelto\u00bb, asegura el actor en respuesta a c\u00f3mo hab\u00eda cambiado su vida desde que <a href=\"https:\/\/www.abc.es\/gente\/richard-gere-sincera-sobre-gusta-espana-20250801125033-nt.html\" target=\"_self\" data-voc-vtm-id=\"in-text-traffic\" title=\"viven en nuestro pa\u00eds\" data-mrf-link=\"www.abc.es\" rel=\"nofollow noopener\">viven en nuestro pa\u00eds<\/a>. \u00abEstuvimos en Espa\u00f1a durante un a\u00f1o\u00bb, ha a\u00f1adido ante el rostro serio de Alejandra Gere. <\/p>\n<p class=\"voc-p\" style=\"\">\u00abElla fue muy generosa al permitirme vivir seis a\u00f1os en mi mundo, as\u00ed que es justo que ahora yo <strong>le dedique al menos otros seis viviendo en el suyo<\/strong>\u00bb, coment\u00f3 Richard Gere el pasado a\u00f1o en una entrevista con &#8216;Vanity Fair&#8217; cuando se establecieron en Espa\u00f1a. Durante este a\u00f1o se sucedieron los actos ben\u00e9ficos en Madrid y Barcelona, y tambi\u00e9n fue especialmente comentado su paso por los premios <a href=\"https:\/\/www.abc.es\/play\/cine\/noticias\/richard-gere-tras-recibir-goya-internacional-vengo-20250208000800-nt.html\" target=\"_self\" data-voc-vtm-id=\"in-text-traffic\" title=\"Goya, donde recibi\u00f3 el premio internacional.\" data-mrf-link=\"www.abc.es\" rel=\"nofollow noopener\">Goya, donde recibi\u00f3 el premio internacional.<\/a><\/p>\n<p class=\"voc-p\" style=\"\">Durante la entrevista, Richard Gere no ha dejado claro cu\u00e1l ha sido <strong>el motivo de su vuelta a Estados Unidos<\/strong>. Simplemente ha a\u00f1adido \u00abAlejandra estaba muy contenta por su familia, sus amigos, su cultura, su ciudad y su comida, todo, toda las buenas cosas culturales, as\u00ed que <strong>fue fabuloso<\/strong>\u00bb. El pasado mes de febrero, Richard Gere brome\u00f3 diciendo que nunca se deb\u00eda \u00abconfiar en una mujer\u00bb porque Alejandra le convenci\u00f3 para mudarse a Madrid diciendo que <strong>ser\u00edan primero seis meses, luego dos a\u00f1os<\/strong> y despu\u00e9s diez. <\/p>\n<p class=\"voc-p\" style=\"\">\u00abEs toda la experiencia. <strong>Espa\u00f1a es un pa\u00eds muy civilizado<\/strong>, la gente es amable y cordial y experimentas un sentimiento de comunidad\u00bb, reconoc\u00eda hace solo unos meses el estadounidense, al que tambi\u00e9n le sorprend\u00eda la actitud de la gente. No ha sido suficiente. La realidad es que, si se mudaron en septiembre de 2024 y ya est\u00e1n de vuelta, ha sido solo un a\u00f1o el que han pasado viviendo en el prestigioso barrio de La Moraleja. Por suerte, este cambio de planes <strong>no parece haber afectado lo m\u00e1s m\u00ednimo a Alejandra<\/strong>, que sigue mostrando su amor incondicional por el actor. <\/p>\n<p class=\"voc-p\" style=\"\">La \u00faltima publicaci\u00f3n de Alejandra desde la casa de Madrid fue el pasado mes de agosto, para despu\u00e9s disfrutar de unas vacaciones junto al mar. En septiembre presentaron en Barcelona el documental, participaron en un acto de Open Arms y parece que decidieron dejar atr\u00e1s su vida espa\u00f1ola. \u00abAhora &#8216;Wisdom of Happiness&#8217; continuar\u00e1 su viaje por otros pa\u00edses del mundo. Y con cada estreno, <strong>llevaremos esa misma luz<\/strong>, ese mismo latido com\u00fan que nos recuerda lo esencial: que la verdadera felicidad no es un destino, es el camino que recorremos juntos. Porque cada paso, cada encuentro y cada momento compartido son parte de esta gran celebraci\u00f3n de la vida\u00bb, compart\u00eda. De ah\u00ed pasaron por Mil\u00e1n y Nueva York ha sido la parada m\u00e1s reciente, aunque sin duda no ser\u00e1 la \u00faltima. <\/p>\n","protected":false},"excerpt":{"rendered":"Madrid no ha sido lo que Richard Gere esperaba. Al menos eso parece por las \u00faltimas declaraciones del&hellip;\n","protected":false},"author":2,"featured_media":197227,"comment_status":"","ping_status":"","sticky":false,"template":"","format":"standard","meta":{"footnotes":""},"categories":[91],"tags":[988,5810,51,146,147,25,24,4217,367,12075,205,3456,12074,23,4218,739],"class_list":{"0":"post-197226","1":"post","2":"type-post","3":"status-publish","4":"format-standard","5":"has-post-thumbnail","7":"category-entretenimiento","8":"tag-anos","9":"tag-cinco","10":"tag-deja","11":"tag-entertainment","12":"tag-entretenimiento","13":"tag-es","14":"tag-espana","15":"tag-estados","16":"tag-familia","17":"tag-gere","18":"tag-madrid","19":"tag-previsto","20":"tag-richard","21":"tag-spain","22":"tag-unidos","23":"tag-vuelve"},"share_on_mastodon":{"url":"https:\/\/pubeurope.com\/@es\/115426410026417528","error":""},"_links":{"self":[{"href":"https:\/\/www.europesays.com\/es\/wp-json\/wp\/v2\/posts\/197226","targetHints":{"allow":["GET"]}}],"collection":[{"href":"https:\/\/www.europesays.com\/es\/wp-json\/wp\/v2\/posts"}],"about":[{"href":"https:\/\/www.europesays.com\/es\/wp-json\/wp\/v2\/types\/post"}],"author":[{"embeddable":true,"href":"https:\/\/www.europesays.com\/es\/wp-json\/wp\/v2\/users\/2"}],"replies":[{"embeddable":true,"href":"https:\/\/www.europesays.com\/es\/wp-json\/wp\/v2\/comments?post=197226"}],"version-history":[{"count":0,"href":"https:\/\/www.europesays.com\/es\/wp-json\/wp\/v2\/posts\/197226\/revisions"}],"wp:featuredmedia":[{"embeddable":true,"href":"https:\/\/www.europesays.com\/es\/wp-json\/wp\/v2\/media\/197227"}],"wp:attachment":[{"href":"https:\/\/www.europesays.com\/es\/wp-json\/wp\/v2\/media?parent=197226"}],"wp:term":[{"taxonomy":"category","embeddable":true,"href":"https:\/\/www.europesays.com\/es\/wp-json\/wp\/v2\/categories?post=197226"},{"taxonomy":"post_tag","embeddable":true,"href":"https:\/\/www.europesays.com\/es\/wp-json\/wp\/v2\/tags?post=197226"}],"curies":[{"name":"wp","href":"https:\/\/api.w.org\/{rel}","templated":true}]}}