{"id":197238,"date":"2025-10-24T00:59:08","date_gmt":"2025-10-24T00:59:08","guid":{"rendered":"https:\/\/www.europesays.com\/es\/197238\/"},"modified":"2025-10-24T00:59:08","modified_gmt":"2025-10-24T00:59:08","slug":"hace-50-anos-se-iniciaron-en-zacatecas-los-festivales-taurinos-en-ocasion-del-dia-del-medico","status":"publish","type":"post","link":"https:\/\/www.europesays.com\/es\/197238\/","title":{"rendered":"Hace 50 a\u00f1os se iniciaron en Zacatecas los Festivales Taurinos en ocasi\u00f3n del \u201cD\u00eda del M\u00e9dico\u201d"},"content":{"rendered":"<p>Y a partir de ah\u00ed, Miguel Rodr\u00edguez V\u00e1zquez asumi\u00f3 la organizaci\u00f3n de los festivales contando siempre con la amplia colaboraci\u00f3n no solo de sus compa\u00f1eros y amigos m\u00e9dicos sino tambi\u00e9n de los Directivos\u00a0 de las Instituciones de\u00a0 Salud, Autoridades del Gobierno estatal y municipal , ganaderos\u00a0 de reses bravas, matadores de toros y novilleros\u00a0 de\u00a0 esta tierra la\u00a0 Banda\u00a0 de M\u00fasica, etc.<\/p>\n","protected":false},"excerpt":{"rendered":"Y a partir de ah\u00ed, Miguel Rodr\u00edguez V\u00e1zquez asumi\u00f3 la organizaci\u00f3n de los festivales contando siempre con la&hellip;\n","protected":false},"author":2,"featured_media":197239,"comment_status":"","ping_status":"","sticky":false,"template":"","format":"standard","meta":{"footnotes":""},"categories":[277],"tags":[373,168,25,24,23,167,374],"class_list":{"0":"post-197238","1":"post","2":"type-post","3":"status-publish","4":"format-standard","5":"has-post-thumbnail","7":"category-toreo","8":"tag-bullfighting","9":"tag-deportes","10":"tag-es","11":"tag-espana","12":"tag-spain","13":"tag-sports","14":"tag-toreo"},"share_on_mastodon":{"url":"https:\/\/pubeurope.com\/@es\/115426437784034654","error":""},"_links":{"self":[{"href":"https:\/\/www.europesays.com\/es\/wp-json\/wp\/v2\/posts\/197238","targetHints":{"allow":["GET"]}}],"collection":[{"href":"https:\/\/www.europesays.com\/es\/wp-json\/wp\/v2\/posts"}],"about":[{"href":"https:\/\/www.europesays.com\/es\/wp-json\/wp\/v2\/types\/post"}],"author":[{"embeddable":true,"href":"https:\/\/www.europesays.com\/es\/wp-json\/wp\/v2\/users\/2"}],"replies":[{"embeddable":true,"href":"https:\/\/www.europesays.com\/es\/wp-json\/wp\/v2\/comments?post=197238"}],"version-history":[{"count":0,"href":"https:\/\/www.europesays.com\/es\/wp-json\/wp\/v2\/posts\/197238\/revisions"}],"wp:featuredmedia":[{"embeddable":true,"href":"https:\/\/www.europesays.com\/es\/wp-json\/wp\/v2\/media\/197239"}],"wp:attachment":[{"href":"https:\/\/www.europesays.com\/es\/wp-json\/wp\/v2\/media?parent=197238"}],"wp:term":[{"taxonomy":"category","embeddable":true,"href":"https:\/\/www.europesays.com\/es\/wp-json\/wp\/v2\/categories?post=197238"},{"taxonomy":"post_tag","embeddable":true,"href":"https:\/\/www.europesays.com\/es\/wp-json\/wp\/v2\/tags?post=197238"}],"curies":[{"name":"wp","href":"https:\/\/api.w.org\/{rel}","templated":true}]}}