{"id":197268,"date":"2025-10-24T01:18:08","date_gmt":"2025-10-24T01:18:08","guid":{"rendered":"https:\/\/www.europesays.com\/es\/197268\/"},"modified":"2025-10-24T01:18:08","modified_gmt":"2025-10-24T01:18:08","slug":"putin-llama-a-los-jovenes-rusos-a-no-aplazar-la-felicidad-y-tener-mas-hijos","status":"publish","type":"post","link":"https:\/\/www.europesays.com\/es\/197268\/","title":{"rendered":"Putin llama a los j\u00f3venes rusos a \u00abno aplazar la felicidad\u00bb y tener m\u00e1s hijos"},"content":{"rendered":"<p class=\"c-paragraph\">El <a href=\"https:\/\/www.20minutos.es\/tags\/temas\/vladimir-putin.html\" title=\"Vlad\u00edmir Putin\" rel=\"nofollow noopener\" target=\"_blank\">presidente ruso, Vlad\u00edmir Putin<\/a>, llam\u00f3 este jueves a los<b> j\u00f3venes rusos a \u00abno aplazar la felicidad\u00bb y tener m\u00e1s hijos,<\/b> en un nuevo llamado a frenar la grave crisis demogr\u00e1fica que afronta el pa\u00eds. \u00abLa paternidad y la maternidad son una felicidad y no es preciso aplazarla\u00bb, afirm\u00f3 el mandatario ruso en la reuni\u00f3n del Consejo para el desarrollo de la pol\u00edtica estatal demogr\u00e1fica y familiar celebrado este jueves en el <a href=\"https:\/\/www.20minutos.es\/tags\/instituciones-empresas\/kremlin.html\" title=\"Kremlin\" rel=\"nofollow noopener\" target=\"_blank\">Kremlin<\/a>.<\/p>\n<p class=\"c-paragraph\">Putin llam\u00f3 a los presentes a esforzarse para que \u00ablos j\u00f3venes busquen sinceramente la felicidad de la <a href=\"https:\/\/www.20minutos.es\/tags\/temas\/maternidad.html\" title=\"Maternidad\" rel=\"nofollow noopener\" target=\"_blank\">maternidad<\/a> y de la <a href=\"https:\/\/www.20minutos.es\/tags\/temas\/paternidad.html\" title=\"Paternidad\" rel=\"nofollow noopener\" target=\"_blank\">paternidad<\/a>, que se sientan realizados en la educaci\u00f3n de los hijos y est\u00e9n seguros en que el Estado les apoyar\u00e1 en el momento justo, lo que se dice, pondr\u00e1 el hombro\u00bb.\u00a0\u00abQue har\u00e1 todo lo necesario para que <b>el nacimiento de hijos no afecte la calidad de vida de la familia<\/b>, sino por el contrario, que eleve su estatus\u00bb, dijo, al se\u00f1alar que \u00abel asunto no es multiplicar la pobreza\u00bb.<\/p>\n<p class=\"c-paragraph\">Reconoci\u00f3 que la creciente urbanizaci\u00f3n y los problemas de las sociedades postindustriales cambian la conciencia, las prioridades y los valores de la poblaci\u00f3n, por lo que pueden retrasar la decisi\u00f3n de los j\u00f3venes de tener el primer hijo, pero <b>llam\u00f3 a mantener los valores ligados a la felicidad de la infancia, la maternidad y la paternidad<\/b>.\u00a0\u00abSon cosas que no se compran con dinero\u00bb, sostuvo, al insistir que \u00abla soluci\u00f3n de los problemas demogr\u00e1ficos comienza en cada familia concreta (&#8230;) de c\u00f3mo la gente percibe al mundo\u00bb.<\/p>\n<p class=\"c-paragraph\">Volvi\u00f3 a insistir en los \u00ab<b>valores tradicionales<\/b>\u00bb -Rusia se opone al movimiento<a href=\"\">\u00a0<\/a>LGTBI<a href=\"\">\u00a0<\/a>y a la propaganda de la ideolog\u00eda childfree, que busca reconocer el derecho de las mujeres a no tener hijos-, al se\u00f1alar que \u00abestos son la base de nuestra pol\u00edtica demogr\u00e1fica\u00bb.<\/p>\n<p class=\"c-paragraph\">En el marco de la reuni\u00f3n, el mandatario ruso abord\u00f3 <b>nuevamente medidas para incentivar la natalidad<\/b>, como la creaci\u00f3n de guarder\u00edas, ayudas para las familias con bajos ingresos e hipotecas preferenciales.\u00a0\u00abSin lugar a dudas, no podemos obviar los apoyos materiales. Todas nuestras acciones est\u00e1n dirigidas en este sentido\u00bb, declar\u00f3.<\/p>\n<p class=\"c-paragraph\">Rusia destinar\u00e1 en los pr\u00f3ximos tres a\u00f1os 37.500 millones de rublos (m\u00e1s de 402 millones de d\u00f3lares) a los programas para promover la <a href=\"https:\/\/www.20minutos.es\/tags\/temas\/natalidad.html\" title=\"Natalidad\" rel=\"nofollow noopener\" target=\"_blank\">natalidad<\/a> en medio de la crisis demogr\u00e1fica m\u00e1s grave del \u00faltimo cuarto de siglo.\u00a0<b>Las autoridades buscan revertir la dr\u00e1stica ca\u00edda de la natalidad<\/b>, relacionada tanto con la incertidumbre causada por la guerra como por el \u00abagujero demogr\u00e1fico\u00bb en el que se encuentra Rusia.<\/p>\n","protected":false},"excerpt":{"rendered":"El presidente ruso, Vlad\u00edmir Putin, llam\u00f3 este jueves a los j\u00f3venes rusos a \u00abno aplazar la felicidad\u00bb y&hellip;\n","protected":false},"author":2,"featured_media":197269,"comment_status":"","ping_status":"","sticky":false,"template":"","format":"standard","meta":{"footnotes":""},"categories":[42],"tags":[17,18,13,14,11,563,61,62,63,64,433,19,20,1913,54657,9,10,15,16,6726,10981,30651,12,21,22,65,66,67],"class_list":{"0":"post-197268","1":"post","2":"type-post","3":"status-publish","4":"format-standard","5":"has-post-thumbnail","7":"category-internacional","8":"tag-breaking-news","9":"tag-breakingnews","10":"tag-featured-news","11":"tag-featurednews","12":"tag-headlines","13":"tag-hijos","14":"tag-internacional","15":"tag-international","16":"tag-international-news","17":"tag-internationalnews","18":"tag-jovenes","19":"tag-latest-news","20":"tag-latestnews","21":"tag-maternidad","22":"tag-natalidad","23":"tag-news","24":"tag-noticias","25":"tag-noticias-destacadas","26":"tag-noticiasdestacadas","27":"tag-paternidad","28":"tag-putin","29":"tag-rusos","30":"tag-titulares","31":"tag-ultimas-noticias","32":"tag-ultimasnoticias","33":"tag-world","34":"tag-world-news","35":"tag-worldnews"},"share_on_mastodon":{"url":"https:\/\/pubeurope.com\/@es\/115426512338924286","error":""},"_links":{"self":[{"href":"https:\/\/www.europesays.com\/es\/wp-json\/wp\/v2\/posts\/197268","targetHints":{"allow":["GET"]}}],"collection":[{"href":"https:\/\/www.europesays.com\/es\/wp-json\/wp\/v2\/posts"}],"about":[{"href":"https:\/\/www.europesays.com\/es\/wp-json\/wp\/v2\/types\/post"}],"author":[{"embeddable":true,"href":"https:\/\/www.europesays.com\/es\/wp-json\/wp\/v2\/users\/2"}],"replies":[{"embeddable":true,"href":"https:\/\/www.europesays.com\/es\/wp-json\/wp\/v2\/comments?post=197268"}],"version-history":[{"count":0,"href":"https:\/\/www.europesays.com\/es\/wp-json\/wp\/v2\/posts\/197268\/revisions"}],"wp:featuredmedia":[{"embeddable":true,"href":"https:\/\/www.europesays.com\/es\/wp-json\/wp\/v2\/media\/197269"}],"wp:attachment":[{"href":"https:\/\/www.europesays.com\/es\/wp-json\/wp\/v2\/media?parent=197268"}],"wp:term":[{"taxonomy":"category","embeddable":true,"href":"https:\/\/www.europesays.com\/es\/wp-json\/wp\/v2\/categories?post=197268"},{"taxonomy":"post_tag","embeddable":true,"href":"https:\/\/www.europesays.com\/es\/wp-json\/wp\/v2\/tags?post=197268"}],"curies":[{"name":"wp","href":"https:\/\/api.w.org\/{rel}","templated":true}]}}