{"id":197298,"date":"2025-10-24T01:38:07","date_gmt":"2025-10-24T01:38:07","guid":{"rendered":"https:\/\/www.europesays.com\/es\/197298\/"},"modified":"2025-10-24T01:38:07","modified_gmt":"2025-10-24T01:38:07","slug":"el-actor-can-yaman-dice-que-aprendia-espanol-gracias-a-la-revuelta-y-lo-que-suelta-sobre-broncano-genera-risa-unanime-en-el-plato","status":"publish","type":"post","link":"https:\/\/www.europesays.com\/es\/197298\/","title":{"rendered":"El actor Can Yaman dice que aprend\u00eda espa\u00f1ol gracias a &#8216;La Revuelta&#8217;, y lo que suelta sobre Broncano genera risa un\u00e1nime en el plat\u00f3"},"content":{"rendered":"<p>El actor turco Can Yaman, conocido por series como Violeta como el mar, Sandokan o El hombre equivocado, y pr\u00f3ximamente protagonizar\u00e1 una serie en espa\u00f1ol, ha sido el invitado de este jueves en <a href=\"https:\/\/www.huffingtonpost.es\/virales\/rufian-pronuncia-sobre-famoso-baile-ester-exposito-revela-que-le-dijo-conocio.html\" rel=\"nofollow noopener\" target=\"_blank\">La Revuelta<\/a>, presentado por<a href=\"https:\/\/www.huffingtonpost.es\/virales\/gabriel-rufian-tajante-sobre-que-politico-derechas-la-revuelta.html\" rel=\"nofollow noopener\" target=\"_blank\"> David Broncano.<\/a><\/p>\n<p>En la conversaci\u00f3n inicial tras su entrada triunfal, Yaman le ha hecho saber que habla varios idiomas y uno de ellos es el espa\u00f1ol, <b>idioma que ha aprendido en un a\u00f1o gracias a su profesora valenciana<\/b>. Lo que ha generado la risa en todo el plat\u00f3, incluida la de Broncano, ha sido el inciso que ha hecho.<\/p>\n<p>Ha recordado que borr\u00f3 su principal cuenta de Instagram, pero qu<b>e luego cre\u00f3 una privada en la que solo segu\u00eda cuentas espa\u00f1olas<\/b> que tom\u00f3 como referencia para aprender espa\u00f1ol y una de ellas ha sido Broncano, pero ojo a lo que le ha soltado.<\/p>\n<p>\u00abSegu\u00eda solo a espa\u00f1oles, era un desaf\u00edo, principalmente a ti, a La Revuelta, para entender con subt\u00edtulos&#8230; <b>Me ven\u00eda abajo porque no te entend\u00eda<\/b>\u00ab, ha expresado el actor, generando una carcajada un\u00e1nime.<\/p>\n<p>\u00ab<b>Dec\u00eda, \u00bfpero qu\u00e9 dice ese t\u00edo? No le entiendo. As\u00ed que eres mi \u00eddolo, he venido aqu\u00ed corriendo, como haces t\u00fa <\/b>(al principio del programa)\u00bb, ha a\u00f1adido. \u00abSomos como gotas de agua, hermanos gemelos\u00bb, ha bromeado Broncano.<\/p>\n<p>La libreta de expresiones espa\u00f1olas de Can Yaman<\/p>\n<p>Algo que ha sorprendido a Broncano y al resto del p\u00fablico ha sido la libreta de expresiones que ha escrito a mano el propio Yaman y que ha regalado al programa. Los apuntaba para aprenderlos, pero la mayor\u00eda son palabrotas como \u00abme cago la madre que te pari\u00f3, hijo de la gran puta\u00bb o frases como <b>\u00abmojar el churro\u00bb.<\/b><\/p>\n<p>\u00abEs un desaf\u00edo para m\u00ed, llevo un a\u00f1o estudiando espa\u00f1ol, mi vocabulario es muy amplio\u00bb, ha comentado el actor. Contiene frases como <b>\u00abser un paquete\u00bb, \u00ab\u00bfqu\u00e9 co\u00f1o hace el chaval?\u00bb,\u00a0 \u00abel patio est\u00e1 un poco revuelto\u00bb o \u00abme he pegado una viciada incre\u00edble\u00bb.<\/b><\/p>\n","protected":false},"excerpt":{"rendered":"El actor turco Can Yaman, conocido por series como Violeta como el mar, Sandokan o El hombre equivocado,&hellip;\n","protected":false},"author":2,"featured_media":197299,"comment_status":"","ping_status":"","sticky":false,"template":"","format":"standard","meta":{"footnotes":""},"categories":[91],"tags":[9029,146,147,25,24,29956,518,23],"class_list":{"0":"post-197298","1":"post","2":"type-post","3":"status-publish","4":"format-standard","5":"has-post-thumbnail","7":"category-entretenimiento","8":"tag-david-broncano","9":"tag-entertainment","10":"tag-entretenimiento","11":"tag-es","12":"tag-espana","13":"tag-la-revuelta","14":"tag-rtve","15":"tag-spain"},"share_on_mastodon":{"url":"https:\/\/pubeurope.com\/@es\/115426590953049102","error":""},"_links":{"self":[{"href":"https:\/\/www.europesays.com\/es\/wp-json\/wp\/v2\/posts\/197298","targetHints":{"allow":["GET"]}}],"collection":[{"href":"https:\/\/www.europesays.com\/es\/wp-json\/wp\/v2\/posts"}],"about":[{"href":"https:\/\/www.europesays.com\/es\/wp-json\/wp\/v2\/types\/post"}],"author":[{"embeddable":true,"href":"https:\/\/www.europesays.com\/es\/wp-json\/wp\/v2\/users\/2"}],"replies":[{"embeddable":true,"href":"https:\/\/www.europesays.com\/es\/wp-json\/wp\/v2\/comments?post=197298"}],"version-history":[{"count":0,"href":"https:\/\/www.europesays.com\/es\/wp-json\/wp\/v2\/posts\/197298\/revisions"}],"wp:featuredmedia":[{"embeddable":true,"href":"https:\/\/www.europesays.com\/es\/wp-json\/wp\/v2\/media\/197299"}],"wp:attachment":[{"href":"https:\/\/www.europesays.com\/es\/wp-json\/wp\/v2\/media?parent=197298"}],"wp:term":[{"taxonomy":"category","embeddable":true,"href":"https:\/\/www.europesays.com\/es\/wp-json\/wp\/v2\/categories?post=197298"},{"taxonomy":"post_tag","embeddable":true,"href":"https:\/\/www.europesays.com\/es\/wp-json\/wp\/v2\/tags?post=197298"}],"curies":[{"name":"wp","href":"https:\/\/api.w.org\/{rel}","templated":true}]}}