{"id":197365,"date":"2025-10-24T02:27:09","date_gmt":"2025-10-24T02:27:09","guid":{"rendered":"https:\/\/www.europesays.com\/es\/197365\/"},"modified":"2025-10-24T02:27:09","modified_gmt":"2025-10-24T02:27:09","slug":"la-casa-blanca-confirma-que-trump-se-reunira-con-xi-jinping-el-30-de-octubre-en-corea-del-sur","status":"publish","type":"post","link":"https:\/\/www.europesays.com\/es\/197365\/","title":{"rendered":"La Casa Blanca confirma que Trump se reunir\u00e1 con Xi Jinping el 30 de octubre en Corea del Sur"},"content":{"rendered":"<p><a href=\"https:\/\/theobjective.com\/etiqueta\/casa-blanca\/\" rel=\"nofollow noopener\" target=\"_blank\">La Casa Blanca<\/a> ha confirmado que el presidente de Estados Unidos, <a href=\"https:\/\/theobjective.com\/internacional\/2025-10-23\/senado-eeuu-espana-otan\/\" rel=\"nofollow noopener\" target=\"_blank\">Donald Trump<\/a>, se <a href=\"https:\/\/theobjective.com\/internacional\/2025-10-21\/trump-encuentro-putin-budapest-anuncio\/\" rel=\"nofollow noopener\" target=\"_blank\">reunir\u00e1<\/a> con su hom\u00f3logo chino, <a href=\"https:\/\/theobjective.com\/etiqueta\/xi-jinping\/\" rel=\"nofollow noopener\" target=\"_blank\">Xi Jinping<\/a>, en Corea el Sur el pr\u00f3ximo 30 de octubre para limar asperezas en el marco de la<strong> guerra econ\u00f3mica declarada por el mandatario norteamericano.<\/strong><\/p>\n<p>\u00abEl jueves por la ma\u00f1ana, hora local, <strong>Trump participar\u00e1 en una reuni\u00f3n bilateral con Xi<\/strong> de la Rep\u00fablica Popular China antes de partir hacia Washington\u00bb, ha informado este jueves la portavoz de la Casa Blanca, Karoline Leavitt, en una rueda de prensa.<\/p>\n<p>El encuentro, que ser\u00e1 el primer cara a cara entre los l\u00edderes desde que Trump asumi\u00f3 el cargo el pasado mes de enero, se producir\u00e1 en el marco de la <strong>cumb<\/strong>re de Cooperaci\u00f3n Econ\u00f3mica Asia-Pac\u00edfico (APEC) que se celebra en la ciudad surcoreana de Gyeongju. Ambos han mantenido <strong>al menos tres conversaciones telef\u00f3nicas este a\u00f1o<\/strong>, la m\u00e1s reciente en septiembre. La \u00faltima vez que se reunieron en persona fue en 2019 durante el primer mandato del magnate republicano, seg\u00fan ha recogido Bloomberg.<\/p>\n","protected":false},"excerpt":{"rendered":"La Casa Blanca ha confirmado que el presidente de Estados Unidos, Donald Trump, se reunir\u00e1 con su hom\u00f3logo&hellip;\n","protected":false},"author":2,"featured_media":197366,"comment_status":"","ping_status":"","sticky":false,"template":"","format":"standard","meta":{"footnotes":""},"categories":[42],"tags":[17,18,1615,352,629,13,14,11,61,62,63,64,21775,19,20,9,10,15,16,5601,12,21,22,65,66,67,13847],"class_list":{"0":"post-197365","1":"post","2":"type-post","3":"status-publish","4":"format-standard","5":"has-post-thumbnail","7":"category-internacional","8":"tag-breaking-news","9":"tag-breakingnews","10":"tag-china","11":"tag-donald-trump","12":"tag-estados-unidos","13":"tag-featured-news","14":"tag-featurednews","15":"tag-headlines","16":"tag-internacional","17":"tag-international","18":"tag-international-news","19":"tag-internationalnews","20":"tag-la-casa-blanca","21":"tag-latest-news","22":"tag-latestnews","23":"tag-news","24":"tag-noticias","25":"tag-noticias-destacadas","26":"tag-noticiasdestacadas","27":"tag-reuniones","28":"tag-titulares","29":"tag-ultimas-noticias","30":"tag-ultimasnoticias","31":"tag-world","32":"tag-world-news","33":"tag-worldnews","34":"tag-xi-jinping"},"share_on_mastodon":{"url":"https:\/\/pubeurope.com\/@es\/115426783703016642","error":""},"_links":{"self":[{"href":"https:\/\/www.europesays.com\/es\/wp-json\/wp\/v2\/posts\/197365","targetHints":{"allow":["GET"]}}],"collection":[{"href":"https:\/\/www.europesays.com\/es\/wp-json\/wp\/v2\/posts"}],"about":[{"href":"https:\/\/www.europesays.com\/es\/wp-json\/wp\/v2\/types\/post"}],"author":[{"embeddable":true,"href":"https:\/\/www.europesays.com\/es\/wp-json\/wp\/v2\/users\/2"}],"replies":[{"embeddable":true,"href":"https:\/\/www.europesays.com\/es\/wp-json\/wp\/v2\/comments?post=197365"}],"version-history":[{"count":0,"href":"https:\/\/www.europesays.com\/es\/wp-json\/wp\/v2\/posts\/197365\/revisions"}],"wp:featuredmedia":[{"embeddable":true,"href":"https:\/\/www.europesays.com\/es\/wp-json\/wp\/v2\/media\/197366"}],"wp:attachment":[{"href":"https:\/\/www.europesays.com\/es\/wp-json\/wp\/v2\/media?parent=197365"}],"wp:term":[{"taxonomy":"category","embeddable":true,"href":"https:\/\/www.europesays.com\/es\/wp-json\/wp\/v2\/categories?post=197365"},{"taxonomy":"post_tag","embeddable":true,"href":"https:\/\/www.europesays.com\/es\/wp-json\/wp\/v2\/tags?post=197365"}],"curies":[{"name":"wp","href":"https:\/\/api.w.org\/{rel}","templated":true}]}}