{"id":197371,"date":"2025-10-24T02:30:13","date_gmt":"2025-10-24T02:30:13","guid":{"rendered":"https:\/\/www.europesays.com\/es\/197371\/"},"modified":"2025-10-24T02:30:13","modified_gmt":"2025-10-24T02:30:13","slug":"se-sufrio-y-se-disfruto-muchisimo","status":"publish","type":"post","link":"https:\/\/www.europesays.com\/es\/197371\/","title":{"rendered":"Se sufri\u00f3 y se disfrut\u00f3 much\u00edsimo"},"content":{"rendered":"<p class=\"ft-text ft-helper-closenews\">Es decir la palabra \u00abAnaitasuna\u00bb y <strong>brotar las sonrisas por doquier<\/strong> en el polideportivo de Vallob\u00edn. Fue el filial del equipo navarro el rival del Base Oviedo en el partido decisivo para subir a Plata en 2022. Aquel 29 de mayo fue<strong> el d\u00eda perfecto para el club ovetense<\/strong>, que logr\u00f3 el ansiado ascenso en <strong>un repleto Vallob\u00edn, con un ambiente que no se recordaba<\/strong>. De regreso en la segunda categor\u00eda del balonmano espa\u00f1ol, los caminos del ahora Conf\u00eda Base y el Anaitasuna se vuelven a cruzar ma\u00f1ana en el pabell\u00f3n ovetense (18.30 horas). Ya no es el filial, es el primer equipo navarro en su lucha por recuperar la Liga Asobal. <strong>Los recuerdos se agolpan en la cabeza de los tres supervivientes<\/strong> de aquel hist\u00f3rico ascenso azul: Rub\u00e9n Men\u00e9ndez y Jayro P\u00e9rez, en la pista, y Ricardo D\u00edez, que ha cambiado el vestuario por los despachos y ejerce de director deportivo.<\/p>\n<p>Un colof\u00f3n perfecto<\/p>\n<p class=\"ft-text\">\u00ab<strong>Fue el colof\u00f3n perfecto a mi carrera, todo sali\u00f3 perfecto<\/strong>\u00ab, rememora D\u00edez, que tiene grabado a fuego el tremendo ambiente que se vivi\u00f3 aquel d\u00eda: \u00abNos hicieron pasillo al entrar&#8230; todo el mundo estaba volcado. Recuerdo que <strong>hab\u00eda tantas voces que no nos escuch\u00e1bamos entre nosotros<\/strong>\u00ab.<\/p>\n<p class=\"ft-text\">El director deportivo del Base es el primero que destaca que este no es el Anaitasuna de entonces, pero cree que \u00ab<strong>los chicos est\u00e1n en un momento muy bueno<\/strong> y la victoria del otro d\u00eda en Alcobendas, la primera de la temporada, nos da un plus de confianza y nos indica que vamos en el buen camino\u00bb.<\/p>\n<p><img decoding=\"async\" src=\"https:\/\/www.europesays.com\/es\/wp-content\/uploads\/2025\/10\/cea01fe4-702e-478d-a72d-9431699b5c81_alta-libre-aspect-ratio_default_0_x995y508.jpg\" width=\"1200\" height=\"803\" alt=\"Rub\u00e9n Men\u00e9ndez y Ricardo D\u00edez se abrazan para celebrar el ascenso de 2022.\" class=\"ft-helper-img-rd\" loading=\"lazy\" hasdataaida=\"true\"\/><\/p>\n<p class=\"ft-helper-fontColor-quaternary ft-helper-fontSize-body-S ft-helper-spacer-t-xxs\">Rub\u00e9n Men\u00e9ndez y Ricardo D\u00edez se abrazan para celebrar el ascenso de 2022.  \/ Conf\u00eda Base<\/p>\n<p>M\u00e1s nervios en la grada<\/p>\n<p class=\"ft-text\">Tambi\u00e9n vivi\u00f3 aquel gran d\u00eda Rub\u00e9n Men\u00e9ndez, pero en su caso sentado en la grada porque estaba <strong>reci\u00e9n operado de una grave lesi\u00f3n de rodilla<\/strong>. \u00abEra un d\u00eda que el club llevaba esperando muchos a\u00f1os y desde la grada lo viv\u00ed con la misma emoci\u00f3n que en la pista, pero con m\u00e1s nervios si cabe. <strong>Se sufri\u00f3 y se disfrut\u00f3 much\u00edsimo<\/strong>\u00ab, apunta Rub\u00e9n, que no olvida que el Base gan\u00f3 de uno y no le val\u00eda el empate. \u00abNo he visto Vallob\u00edn as\u00ed en mi vida, no hab\u00eda ni un asiento libre, hab\u00eda gente de pie, volcada&#8230;\u00bb, dice el jugador, que ma\u00f1ana apuesta por los suyos: \u00abestamos trabajando muy bien, <strong>un grupo muy majo con 17 t\u00edos que van a muerte<\/strong>. Estamos progresando en el juego y creo que despu\u00e9s de ganar en Alcobendas los resultados van a ir d\u00e1ndose mejor\u00bb.<\/p>\n<p class=\"ft-text\">Para Jayro P\u00e9rez, aquel 29 de mayo de 2022 <strong>fue \u00abel d\u00eda so\u00f1ado\u00bb<\/strong>. \u00abCon el pabell\u00f3n lleno y el ambiente espectacular, fue <strong>un sue\u00f1o ascender con el club de toda mi vida, delante de mis amigos y de mi familia<\/strong>\u00ab, apunta el canterano, contento de que ante el Alcobendas \u00abllegara por fin la ansiada victoria, que vivimos con mucha ilusi\u00f3n. El partido del s\u00e1bado lo afrontamos con muchas ganas\u00bb.<\/p>\n<p data-close=\"closedContent\" class=\"subscribeHideForDisplay\">Suscr\u00edbete para seguir leyendo<\/p>\n","protected":false},"excerpt":{"rendered":"Es decir la palabra \u00abAnaitasuna\u00bb y brotar las sonrisas por doquier en el polideportivo de Vallob\u00edn. Fue el&hellip;\n","protected":false},"author":2,"featured_media":197372,"comment_status":"","ping_status":"","sticky":false,"template":"","format":"standard","meta":{"footnotes":""},"categories":[278],"tags":[1938,376,5715,1798,3279,168,978,25,24,375,3403,33079,23,167,3947],"class_list":{"0":"post-197371","1":"post","2":"type-post","3":"status-publish","4":"format-standard","5":"has-post-thumbnail","7":"category-balonmano","8":"tag-alcobendas","9":"tag-balonmano","10":"tag-base","11":"tag-club","12":"tag-confia","13":"tag-deportes","14":"tag-dia","15":"tag-es","16":"tag-espana","17":"tag-handball","18":"tag-navarro","19":"tag-sonado","20":"tag-spain","21":"tag-sports","22":"tag-supervivientes"},"share_on_mastodon":{"url":"https:\/\/pubeurope.com\/@es\/115426795400017978","error":""},"_links":{"self":[{"href":"https:\/\/www.europesays.com\/es\/wp-json\/wp\/v2\/posts\/197371","targetHints":{"allow":["GET"]}}],"collection":[{"href":"https:\/\/www.europesays.com\/es\/wp-json\/wp\/v2\/posts"}],"about":[{"href":"https:\/\/www.europesays.com\/es\/wp-json\/wp\/v2\/types\/post"}],"author":[{"embeddable":true,"href":"https:\/\/www.europesays.com\/es\/wp-json\/wp\/v2\/users\/2"}],"replies":[{"embeddable":true,"href":"https:\/\/www.europesays.com\/es\/wp-json\/wp\/v2\/comments?post=197371"}],"version-history":[{"count":0,"href":"https:\/\/www.europesays.com\/es\/wp-json\/wp\/v2\/posts\/197371\/revisions"}],"wp:featuredmedia":[{"embeddable":true,"href":"https:\/\/www.europesays.com\/es\/wp-json\/wp\/v2\/media\/197372"}],"wp:attachment":[{"href":"https:\/\/www.europesays.com\/es\/wp-json\/wp\/v2\/media?parent=197371"}],"wp:term":[{"taxonomy":"category","embeddable":true,"href":"https:\/\/www.europesays.com\/es\/wp-json\/wp\/v2\/categories?post=197371"},{"taxonomy":"post_tag","embeddable":true,"href":"https:\/\/www.europesays.com\/es\/wp-json\/wp\/v2\/tags?post=197371"}],"curies":[{"name":"wp","href":"https:\/\/api.w.org\/{rel}","templated":true}]}}