{"id":197373,"date":"2025-10-24T02:32:13","date_gmt":"2025-10-24T02:32:13","guid":{"rendered":"https:\/\/www.europesays.com\/es\/197373\/"},"modified":"2025-10-24T02:32:13","modified_gmt":"2025-10-24T02:32:13","slug":"oscar-de-la-hoya-y-sus-aliados-al-frente-contra-dana-white","status":"publish","type":"post","link":"https:\/\/www.europesays.com\/es\/197373\/","title":{"rendered":"\u00d3scar de la Hoya y sus aliados al frente contra Dana White"},"content":{"rendered":"<p>            <img loading=\"lazy\" decoding=\"async\" width=\"696\" height=\"464\" class=\"entry-thumb\" src=\"https:\/\/www.europesays.com\/es\/wp-content\/uploads\/2025\/10\/De-la-Hoya-Oscar-696x464.jpg\"   alt=\"\" title=\"De la Hoya - \u00d3scar\"\/><\/p>\n<p><strong>\u00d3scar De La Hoya <\/strong>ha formado un frente com\u00fan junto Eddie Hearn y Frank Warren, para defender el modelo tradicional del boxeo frente a la irrupci\u00f3n de <strong>Zuffa Boxing<\/strong>, la nueva promotora respaldada por <strong>Dana White<\/strong>, presidente de la <strong>UFC<\/strong>. El excampe\u00f3n mundial y actual mandam\u00e1s de <strong>Golden Boy Promotions<\/strong> <a href=\"https:\/\/www.espabox.com\/oscar-de-la-hoya-ataca-ferozmente-a-canelo-alvarez-y-a-dana-white\/\" rel=\"noopener nofollow\" target=\"_blank\">dej\u00f3 claro que no se toma en serio<\/a> a Zuffa Boxing y que su prioridad es preservar el <strong>\u201cboxeo real\u201d<\/strong>. <strong>\u201cNo lo veo como competencia. Soy un promotor serio\u201d<\/strong>, afirm\u00f3 De La Hoya, marcando distancia con lo que describi\u00f3 como un enfoque m\u00e1s cercano a <strong>\u201cun reality show o un juego\u201d<\/strong> que al boxeo.<\/p>\n<p>De La Hoya fue contundente:<strong> \u201cQue una nueva entidad entre en el boxeo y quiera cambiar una ley que lleva d\u00e9cadas protegiendo a los p\u00fagiles me parece turbio. Si quieres hacer lo correcto en este deporte, no eliminas la ley que protege al boxeador. El boxeador es el producto. Sin esa cl\u00e1usula, el boxeador queda vulnerable\u201d.<\/strong> El californiano mostr\u00f3 su preocupaci\u00f3n por el modelo de negocio de Zuffa, que podr\u00eda replicar el sistema de la UFC, donde los luchadores suelen estar peor remunerados y tienen menos control sobre sus carreras. De La Hoya tambi\u00e9n expres\u00f3 su visi\u00f3n sobre c\u00f3mo deben construirse las carreras de los boxeadores: <strong>\u201cSoy un promotor que va a promover y desarrollar campeones mundiales desde cero. Identifico prospectos y los construyo paso a paso, como hice con Canelo, como hice con Ryan Garc\u00eda, como estoy haciendo ahora con todos mis campeones. No voy a dejar que los derroten o eliminen de entrada\u201d<\/strong>, afirm\u00f3.<\/p>\n<p>En este sentido critic\u00f3 el enfoque de Zuffa, que, a su juicio, no respeta el proceso de desarrollo de los p\u00fagiles:<strong> \u201cEsto no es un reality show. Es boxeo de verdad, es competencia de verdad\u201d<\/strong>, insisti\u00f3. En el panorama promocional, De La Hoya destac\u00f3 su creciente mejor sinton\u00eda con otros empresarios como Eddie Hearn, de Matchroom Boxing, Bob Arum, de Top Rank, y Frank Warren, de Queensberry Promotions.<\/p>\n<p>A pesar de las disputas pasadas, especialmente con Hearn, De La Hoya rest\u00f3 importancia a estos roces:<strong> \u201cTodo eso con Eddie eran juegos y diversi\u00f3n. Ahora estamos en el mismo carril, promoviendo lo que sabemos hacer mejor\u201d<\/strong>. Juntos, <a href=\"https:\/\/www.espabox.com\/oscar-de-la-hoya-carga-contra-todos\/\" rel=\"noopener nofollow\" target=\"_blank\">estos promotores defienden un modelo tradicional<\/a> frente a la propuesta de Zuffa de instaurar un \u00fanico cintur\u00f3n y apartar a los organismos:<strong> \u201cLas organismos tienen una larga historia. No creo que sea tan f\u00e1cil dejarlos de lado\u201d<\/strong>, asegur\u00f3 De La Hoya.<\/p>\n<p>Un actor clave en este escenario es <strong>Turki Alalshikh<\/strong>, quien colabora tanto con Zuffa como con Hearn y De La Hoya, a quien compr\u00f3 la revista The Ring, y para quien tambi\u00e9n tuvo unas palabras: <strong>\u201cConozco a Turki y s\u00e9 que ama el boxeo tradicional, le encanta ver a los mejores contra los mejores cuando est\u00e1n listos. Pero debe entender que, para llegar a ese nivel, hay que desarrollar a los p\u00fagiles, y eso es lo que nosotros hacemos mejor\u201d<\/strong>.<\/p>\n<p>\u00d3scar de la Hoya tambi\u00e9n mostr\u00f3 su apoyo a Top Rank tras quedarse sin un socio televisivo, un importante problema que no termina de solucionar el veterano Arum: <strong>\u201cConf\u00edo en que encontrar\u00e1n un nuevo socio televisivo. Los necesitamos\u201d<\/strong>, afirm\u00f3. En cuanto al futuro del boxeo, De La Hoya se mostr\u00f3 optimista sobre el estado actual del deporte: <strong>\u201cEl boxeo y los p\u00fagiles est\u00e1n bien tal y como estamos. No necesitamos cambios dr\u00e1sticos que comprometan lo que hemos construido durante d\u00e9cadas\u201d<\/strong>.<\/p>\n","protected":false},"excerpt":{"rendered":"\u00d3scar De La Hoya ha formado un frente com\u00fan junto Eddie Hearn y Frank Warren, para defender el&hellip;\n","protected":false},"author":2,"featured_media":197374,"comment_status":"","ping_status":"","sticky":false,"template":"","format":"standard","meta":{"footnotes":""},"categories":[276],"tags":[168,25,24,23,167,343],"class_list":{"0":"post-197373","1":"post","2":"type-post","3":"status-publish","4":"format-standard","5":"has-post-thumbnail","7":"category-ufc","8":"tag-deportes","9":"tag-es","10":"tag-espana","11":"tag-spain","12":"tag-sports","13":"tag-ufc"},"share_on_mastodon":{"url":"https:\/\/pubeurope.com\/@es\/115426803480772573","error":""},"_links":{"self":[{"href":"https:\/\/www.europesays.com\/es\/wp-json\/wp\/v2\/posts\/197373","targetHints":{"allow":["GET"]}}],"collection":[{"href":"https:\/\/www.europesays.com\/es\/wp-json\/wp\/v2\/posts"}],"about":[{"href":"https:\/\/www.europesays.com\/es\/wp-json\/wp\/v2\/types\/post"}],"author":[{"embeddable":true,"href":"https:\/\/www.europesays.com\/es\/wp-json\/wp\/v2\/users\/2"}],"replies":[{"embeddable":true,"href":"https:\/\/www.europesays.com\/es\/wp-json\/wp\/v2\/comments?post=197373"}],"version-history":[{"count":0,"href":"https:\/\/www.europesays.com\/es\/wp-json\/wp\/v2\/posts\/197373\/revisions"}],"wp:featuredmedia":[{"embeddable":true,"href":"https:\/\/www.europesays.com\/es\/wp-json\/wp\/v2\/media\/197374"}],"wp:attachment":[{"href":"https:\/\/www.europesays.com\/es\/wp-json\/wp\/v2\/media?parent=197373"}],"wp:term":[{"taxonomy":"category","embeddable":true,"href":"https:\/\/www.europesays.com\/es\/wp-json\/wp\/v2\/categories?post=197373"},{"taxonomy":"post_tag","embeddable":true,"href":"https:\/\/www.europesays.com\/es\/wp-json\/wp\/v2\/tags?post=197373"}],"curies":[{"name":"wp","href":"https:\/\/api.w.org\/{rel}","templated":true}]}}