{"id":197376,"date":"2025-10-24T02:36:10","date_gmt":"2025-10-24T02:36:10","guid":{"rendered":"https:\/\/www.europesays.com\/es\/197376\/"},"modified":"2025-10-24T02:36:10","modified_gmt":"2025-10-24T02:36:10","slug":"hamilton-espera-que-ferrari-pueda-recuperar-la-magia-en-mexico","status":"publish","type":"post","link":"https:\/\/www.europesays.com\/es\/197376\/","title":{"rendered":"Hamilton espera que Ferrari pueda recuperar la magia en M\u00e9xico"},"content":{"rendered":"<p class=\"com-paragraph  --capital --s\">CIUDAD DE M\u00c9XICO, 23 oct &#8211; Lewis Hamilton espera que Ferrari pueda repetir el triunfo del a\u00f1o pasado en el Gran Premio de la Ciudad de M\u00e9xico este fin de semana, pero su compa\u00f1ero de equipo Charles Leclerc se mostr\u00f3 m\u00e1s pesimista el jueves, diciendo que una victoria parece fuera de su alcance sin que \u00absucedan cosas extra\u00f1as\u00bb.<\/p>\n<p class=\"com-paragraph   --s\">El espa\u00f1ol Carlos Sainz, que ahora conduce para Williams, consigui\u00f3 la \u00faltima victoria de Ferrari hace 12 meses en M\u00e9xico, y ahora el equipo lleva una racha de 23 carreras sin ganar.<\/p>\n<p class=\"com-paragraph   --s\">\u00abCreo que fuimos muy fuertes aqu\u00ed el a\u00f1o pasado, as\u00ed que espero que podamos aprovechar lo aprendido el a\u00f1o pasado y aplicarlo este fin de semana\u00bb, dijo Hamilton, quien a\u00fan no ha subido al podio desde que se uni\u00f3 al equipo italiano en enero.<\/p>\n<p class=\"com-paragraph   --s\">El siete veces campe\u00f3n del mundo se enfrenta al desaf\u00edo adicional de perderse la primera sesi\u00f3n de pr\u00e1cticas, mientras que el corredor de resistencia, el italiano Antonio Fuoco, tomar\u00e1 su asiento para ganar experiencia en la F\u00f3rmula Uno.<\/p>\n<p class=\"com-paragraph   --s\">\u00abMe faltar\u00e1 la primera pr\u00e1ctica, as\u00ed que este fin de semana necesito aprender a correr pr\u00e1cticamente desde el principio\u00bb, agreg\u00f3 Hamilton.<\/p>\n<p class=\"com-paragraph   --s\">Leclerc adopt\u00f3 un tono m\u00e1s pesimista sobre las perspectivas inmediatas de Ferrari.<\/p>\n<p class=\"com-paragraph   --s\">\u00abEn este momento no parece muy probable que vayamos a luchar por la victoria este fin de semana, pero nunca digas nunca. El a\u00f1o pasado fue un fin de semana muy positivo para el equipo, Carlos estuvo realmente muy fuerte todo el fin de semana y me cost\u00f3 acercarme\u00bb, reconoci\u00f3 el piloto monegasco.<\/p>\n<p class=\"com-paragraph   --s\">\u00abEspero que podamos reproducir eso, pero siento que estamos m\u00e1s lejos en comparaci\u00f3n con el a\u00f1o pasado. As\u00ed que, hasta el final de la temporada, creo que va a ser muy dif\u00edcil ganar carreras sin que ocurran cosas extra\u00f1as\u00bb, agreg\u00f3 Leclerc, quien es quinto en el campeonato de pilotos y ha subido al podio seis veces esta temporada. (Reporte de Ang\u00e9lica Medina. Editado por Carlos Calvo Pacheco)<\/p>\n","protected":false},"excerpt":{"rendered":"CIUDAD DE M\u00c9XICO, 23 oct &#8211; Lewis Hamilton espera que Ferrari pueda repetir el triunfo del a\u00f1o pasado&hellip;\n","protected":false},"author":2,"featured_media":197377,"comment_status":"","ping_status":"","sticky":false,"template":"","format":"standard","meta":{"footnotes":""},"categories":[270],"tags":[168,25,24,306,271,272,23,167],"class_list":{"0":"post-197376","1":"post","2":"type-post","3":"status-publish","4":"format-standard","5":"has-post-thumbnail","7":"category-formula-1","8":"tag-deportes","9":"tag-es","10":"tag-espana","11":"tag-f1","12":"tag-formula-1","13":"tag-formula1","14":"tag-spain","15":"tag-sports"},"share_on_mastodon":{"url":"https:\/\/pubeurope.com\/@es\/115426819052488877","error":""},"_links":{"self":[{"href":"https:\/\/www.europesays.com\/es\/wp-json\/wp\/v2\/posts\/197376","targetHints":{"allow":["GET"]}}],"collection":[{"href":"https:\/\/www.europesays.com\/es\/wp-json\/wp\/v2\/posts"}],"about":[{"href":"https:\/\/www.europesays.com\/es\/wp-json\/wp\/v2\/types\/post"}],"author":[{"embeddable":true,"href":"https:\/\/www.europesays.com\/es\/wp-json\/wp\/v2\/users\/2"}],"replies":[{"embeddable":true,"href":"https:\/\/www.europesays.com\/es\/wp-json\/wp\/v2\/comments?post=197376"}],"version-history":[{"count":0,"href":"https:\/\/www.europesays.com\/es\/wp-json\/wp\/v2\/posts\/197376\/revisions"}],"wp:featuredmedia":[{"embeddable":true,"href":"https:\/\/www.europesays.com\/es\/wp-json\/wp\/v2\/media\/197377"}],"wp:attachment":[{"href":"https:\/\/www.europesays.com\/es\/wp-json\/wp\/v2\/media?parent=197376"}],"wp:term":[{"taxonomy":"category","embeddable":true,"href":"https:\/\/www.europesays.com\/es\/wp-json\/wp\/v2\/categories?post=197376"},{"taxonomy":"post_tag","embeddable":true,"href":"https:\/\/www.europesays.com\/es\/wp-json\/wp\/v2\/tags?post=197376"}],"curies":[{"name":"wp","href":"https:\/\/api.w.org\/{rel}","templated":true}]}}