{"id":197383,"date":"2025-10-24T02:40:12","date_gmt":"2025-10-24T02:40:12","guid":{"rendered":"https:\/\/www.europesays.com\/es\/197383\/"},"modified":"2025-10-24T02:40:12","modified_gmt":"2025-10-24T02:40:12","slug":"hablamos-con-la-familia-mas-poderosa-del-mercado-de-casas-de-lujo-el-cliente-espanol-es-acogedor-te-piden-una-valoracion-y-a-la-semana-siguiente-te-invitan-a-cenar","status":"publish","type":"post","link":"https:\/\/www.europesays.com\/es\/197383\/","title":{"rendered":"Hablamos con la familia m\u00e1s poderosa del mercado de casas de lujo: \u201cEl cliente espa\u00f1ol es acogedor, te piden una valoraci\u00f3n y a la semana siguiente, te invitan a cenar\u201d"},"content":{"rendered":"<p><strong>Louis:<\/strong> Y <strong>en Espa\u00f1a, una zona exterior, una <a href=\"https:\/\/www.revistaad.es\/galerias\/terrazas-con-encanto\" rel=\"nofollow noopener\" target=\"_blank\">terraza<\/a>, es primordial. Para m\u00ed, adem\u00e1s, el dormitorio es importante, me gustan las camas grandes, \u00a1una king size!,<\/strong> te aseguro que encontrar habitaciones de estas dimensiones aqu\u00ed, no suele ser f\u00e1cil.<\/p>\n<p><strong>AD: En vuestra serie os hemos visto con grandes del interiorismo como Jacques Garc\u00eda, \u00bfcon qu\u00e9 arquitecto o dise\u00f1ador local os gustar\u00eda trabajar?<\/strong><\/p>\n<p><strong>Louis:<\/strong> Con <a href=\"https:\/\/www.revistaad.es\/lugares\/articulos\/lazaro-rosa-violan-bar-hotel-mallorca\" rel=\"nofollow noopener\" target=\"_blank\">L\u00e1zaro Rosa-Viol\u00e1n<\/a> nos encantar\u00eda. Tambi\u00e9n con <a href=\"https:\/\/www.revistaad.es\/galerias\/tamara-falco-casa-atico-madrid\" rel=\"nofollow noopener\" target=\"_blank\">Beatriz Silveira,<\/a> que ya se ha convertido en una buena amiga.<\/p>\n<p><img decoding=\"async\" alt=\"Cocina de madera con encimera de piedra de casa de lujo\" loading=\"lazy\" class=\"ResponsiveImageContainer-eNxvmU cfBbTk responsive-image__image\"   src=\"https:\/\/www.europesays.com\/es\/wp-content\/uploads\/2025\/10\/IMG_7114.jpeg\"\/><\/p>\n<p>La cocina con barra de m\u00e1rmol, suelos y encimera de La Levantina. La iluminaci\u00f3n es un dise\u00f1o de Ruiz Vel\u00e1zquez para Borgia Conti.<\/p>\n<p>\u00a9 Cortes\u00eda de Kretz Real Estate<strong>AD: \u00bfCu\u00e1l dir\u00edais que es vuestra ventaja con respecto a vuestros competidores?<\/strong><\/p>\n<p><strong>Louis:<\/strong> Una de nuestras fortalezas es <strong>la confianza que tenemos con nuestros clientes,<\/strong> de hecho, funcionamos mucho con el boca oreja, nos suelen recomendar a otros amigos y conocidos. Adem\u00e1s, trabajamos en familia, nos conocemos a la perfecci\u00f3n y aunque podamos tener visiones diferentes, lo cierto es que se complementan y enriquecen los proyectos, siempre acabamos llegando a un acuerdo.<\/p>\n<p><strong>Adriana:<\/strong> Este es nuestro negocio, pero tambi\u00e9n <strong>es nuestra pasi\u00f3n,<\/strong> o sea que no paramos nunca. Siempre estamos hablando de temas inmobiliarios, a veces viene nuestra abuela, [Majo, muy presente en la serie], a cenar y se queja porque aunque intentamos dejar el m\u00f3vil a un lado, si llama un cliente, vamos a estar disponibles.<\/p>\n<p><strong>Rapha\u00ebl:<\/strong> S\u00ed, somos seis, si uno de nosotros est\u00e1 de vacaciones, el otro est\u00e1 al tanto de sus listados y puede retomar las visitas sin problemas. <strong>La reactividad y la disponibilidad<\/strong> son definitivamente nuestros puntos fuertes.<\/p>\n<p><strong>AD: \u00bfQu\u00e9 planes ten\u00e9is para Kretz Real Estate en los pr\u00f3ximos cinco a\u00f1os?<\/strong><\/p>\n<p><strong>Louis:<\/strong> Queremos <strong>seguir afianz\u00e1ndonos en Madrid y abrir mercado en el norte, en <a href=\"https:\/\/www.revistaad.es\/articulos\/que-ver-en-cantabria\" rel=\"nofollow noopener\" target=\"_blank\">Cantabria<\/a> y tambi\u00e9n posiblemente en Valencia y Alicante<\/strong>. La idea es seguir aumentando nuestra facturaci\u00f3n y tambi\u00e9n quiz\u00e1, incluso plantearnos la apertura de una agencia f\u00edsica.<\/p>\n<p><strong>AD: \u00bfY para la serie &#8216;Negocio Familiar: Viviendas de lujo&#8217;?<\/strong><\/p>\n<p><strong>Louis:<\/strong> La sexta temporada se estrenar\u00e1 en noviembre en Francia y en menos de un a\u00f1o en Netflix para el resto de los pa\u00edses. Ver\u00e9is m\u00e1s destinos, m\u00e1s casas impresionantes, eventos familiares muy importantes y\u2026 <strong>Bueno, tambi\u00e9n hay un episodio conmigo en <a href=\"https:\/\/www.revistaad.es\/articulos\/una-casa-mallorca-dusty-deco-decoracion\" rel=\"nofollow noopener\" target=\"_blank\">Palma de Mallorca<\/a> con una persona espa\u00f1ola, pero por ahora no puedo decir m\u00e1s\u2026 \u00a1Habr\u00e1 que esperar!<\/strong><\/p>\n","protected":false},"excerpt":{"rendered":"Louis: Y en Espa\u00f1a, una zona exterior, una terraza, es primordial. Para m\u00ed, adem\u00e1s, el dormitorio es importante,&hellip;\n","protected":false},"author":2,"featured_media":197384,"comment_status":"","ping_status":"","sticky":false,"template":"","format":"standard","meta":{"footnotes":""},"categories":[173],"tags":[229,233,231,230,232,234,146,147,25,24,1285,23,13721,8374],"class_list":{"0":"post-197383","1":"post","2":"type-post","3":"status-publish","4":"format-standard","5":"has-post-thumbnail","7":"category-arte-y-diseno","8":"tag-arte","9":"tag-arte-y-diseno","10":"tag-arts","11":"tag-arts-and-design","12":"tag-design","13":"tag-diseno","14":"tag-entertainment","15":"tag-entretenimiento","16":"tag-es","17":"tag-espana","18":"tag-lugares","19":"tag-spain","20":"tag-textabovecentergridwidth","21":"tag-web"},"share_on_mastodon":{"url":"https:\/\/pubeurope.com\/@es\/115426834741367844","error":""},"_links":{"self":[{"href":"https:\/\/www.europesays.com\/es\/wp-json\/wp\/v2\/posts\/197383","targetHints":{"allow":["GET"]}}],"collection":[{"href":"https:\/\/www.europesays.com\/es\/wp-json\/wp\/v2\/posts"}],"about":[{"href":"https:\/\/www.europesays.com\/es\/wp-json\/wp\/v2\/types\/post"}],"author":[{"embeddable":true,"href":"https:\/\/www.europesays.com\/es\/wp-json\/wp\/v2\/users\/2"}],"replies":[{"embeddable":true,"href":"https:\/\/www.europesays.com\/es\/wp-json\/wp\/v2\/comments?post=197383"}],"version-history":[{"count":0,"href":"https:\/\/www.europesays.com\/es\/wp-json\/wp\/v2\/posts\/197383\/revisions"}],"wp:featuredmedia":[{"embeddable":true,"href":"https:\/\/www.europesays.com\/es\/wp-json\/wp\/v2\/media\/197384"}],"wp:attachment":[{"href":"https:\/\/www.europesays.com\/es\/wp-json\/wp\/v2\/media?parent=197383"}],"wp:term":[{"taxonomy":"category","embeddable":true,"href":"https:\/\/www.europesays.com\/es\/wp-json\/wp\/v2\/categories?post=197383"},{"taxonomy":"post_tag","embeddable":true,"href":"https:\/\/www.europesays.com\/es\/wp-json\/wp\/v2\/tags?post=197383"}],"curies":[{"name":"wp","href":"https:\/\/api.w.org\/{rel}","templated":true}]}}