{"id":197401,"date":"2025-10-24T02:53:09","date_gmt":"2025-10-24T02:53:09","guid":{"rendered":"https:\/\/www.europesays.com\/es\/197401\/"},"modified":"2025-10-24T02:53:09","modified_gmt":"2025-10-24T02:53:09","slug":"incidentes-y-suspension-en-el-clasico-de-ramallo-deportes-hoy","status":"publish","type":"post","link":"https:\/\/www.europesays.com\/es\/197401\/","title":{"rendered":"Incidentes y suspensi\u00f3n en el cl\u00e1sico de Ramallo \u2013 Deportes Hoy"},"content":{"rendered":"<p>\t\t\t\t\t\t\t\tIncidentes y suspensi\u00f3n en el cl\u00e1sico de Ramallo<\/p>\n<p data-start=\"176\" data-end=\"335\"><strong data-start=\"176\" data-end=\"335\">Social y Defensores jugaban por la Copa Nicole\u00f1a cuando el encuentro fue suspendido a los 32 minutos del segundo tiempo, con ventaja 2 a 1 para el Granate.<\/strong><\/p>\n<p data-start=\"337\" data-end=\"709\">El cl\u00e1sico ramallense entre Social y Defensores, disputado en la cancha de Somisa, termin\u00f3 de la peor manera. A los 32 minutos del segundo tiempo, el \u00e1rbitro Fabricio Est\u00e9vano decidi\u00f3 suspender el partido por incidentes entre los jugadores dentro del campo de juego y algunos disturbios en las tribunas, ante lo cual la polic\u00eda no garantiz\u00f3 la continuidad del encuentro.<\/p>\n<p data-start=\"337\" data-end=\"709\"><img loading=\"lazy\" decoding=\"async\" class=\"size-medium wp-image-190377 aligncenter\" src=\"https:\/\/www.europesays.com\/es\/wp-content\/uploads\/2025\/10\/Defensores-y-Social-Copa-Nicolena-3-300x225.jpg\" alt=\"\" width=\"300\" height=\"225\"  \/><\/p>\n<p data-start=\"711\" data-end=\"976\">Hasta ese momento, Defensores ganaba 2 a 1. Jos\u00e9 Pittaluga hab\u00eda puesto en ventaja al \u201cCeleste\u201d a los 13 minutos del primer tiempo, pero el \u201cGranate\u201d lo dio vuelta con goles de Gaspar Pahuasi a los 33 de esa misma etapa y de Milton Olego a los 30 del complemento.<\/p>\n<p data-start=\"978\" data-end=\"1188\">El juego se torn\u00f3 caliente en el segundo tiempo, y a los 26 minutos fue expulsado por doble amarilla Valent\u00edn Escobar en Social. Poco despu\u00e9s, los incidentes derivaron en la suspensi\u00f3n definitiva del cl\u00e1sico.<\/p>\n<p data-start=\"1190\" data-end=\"1339\">Resta que el Tribunal de Disciplina de la Liga Nicole\u00f1a determine c\u00f3mo continuar\u00e1 la historia y si se reanudar\u00e1 o se dar\u00e1 por cerrado el resultado.<\/p>\n<p data-start=\"1346\" data-end=\"1814\"><strong data-start=\"1346\" data-end=\"1358\">S\u00edntesis<\/strong><br data-start=\"1358\" data-end=\"1361\"\/><strong data-start=\"1361\" data-end=\"1375\">Social (R)<\/strong> 1: Danilo Malet; Valent\u00edn Escobar, Santiago Quiroga, El\u00edas Mart\u00ednez, Fausto Marini; Augusto Jara, Maximiliano Nocera, Agust\u00edn Velo, Guido Reynoso; Joaqu\u00edn Sollini y Jos\u00e9 Pittaluga. DT: Sebasti\u00e1n Mart\u00ednez.<br data-start=\"1580\" data-end=\"1583\"\/><strong data-start=\"1583\" data-end=\"1601\">Defensores (R)<\/strong> 2: Kevin Vizgarra; Uziel Cabrera, Joaqu\u00edn Gorosito, Fabricio Zaupa, Juan Brucellaria; Juli\u00e1n Rodr\u00edguez, M\u00e1ximo Guzm\u00e1n, Bruno Latof, Andr\u00e9s Casta\u00f1o; Gaspar Pahuasi y Agust\u00edn Hipelmayer. DT: Fabricio Jaureguizar.<\/p>\n<p data-start=\"1816\" data-end=\"1992\"><strong data-start=\"1816\" data-end=\"1826\">Goles:<\/strong> 13\u2019 PT Pittaluga (S), 33\u2019 PT Pahuasi (D), 30\u2019 ST Olego (D).<br data-start=\"1886\" data-end=\"1889\"\/><strong data-start=\"1889\" data-end=\"1904\">Incidencia:<\/strong> 26\u2019 ST expulsado Escobar (S).<br data-start=\"1934\" data-end=\"1937\"\/><strong data-start=\"1937\" data-end=\"1949\">\u00c1rbitro:<\/strong> Fabricio Est\u00e9vano.<br data-start=\"1968\" data-end=\"1971\"\/><strong data-start=\"1971\" data-end=\"1982\">Cancha:<\/strong> Somisa.<\/p>\n","protected":false},"excerpt":{"rendered":"Incidentes y suspensi\u00f3n en el cl\u00e1sico de Ramallo Social y Defensores jugaban por la Copa Nicole\u00f1a cuando el&hellip;\n","protected":false},"author":2,"featured_media":197402,"comment_status":"","ping_status":"","sticky":false,"template":"","format":"standard","meta":{"footnotes":""},"categories":[278],"tags":[376,168,25,24,375,23,167],"class_list":{"0":"post-197401","1":"post","2":"type-post","3":"status-publish","4":"format-standard","5":"has-post-thumbnail","7":"category-balonmano","8":"tag-balonmano","9":"tag-deportes","10":"tag-es","11":"tag-espana","12":"tag-handball","13":"tag-spain","14":"tag-sports"},"share_on_mastodon":{"url":"https:\/\/pubeurope.com\/@es\/115426885858659557","error":""},"_links":{"self":[{"href":"https:\/\/www.europesays.com\/es\/wp-json\/wp\/v2\/posts\/197401","targetHints":{"allow":["GET"]}}],"collection":[{"href":"https:\/\/www.europesays.com\/es\/wp-json\/wp\/v2\/posts"}],"about":[{"href":"https:\/\/www.europesays.com\/es\/wp-json\/wp\/v2\/types\/post"}],"author":[{"embeddable":true,"href":"https:\/\/www.europesays.com\/es\/wp-json\/wp\/v2\/users\/2"}],"replies":[{"embeddable":true,"href":"https:\/\/www.europesays.com\/es\/wp-json\/wp\/v2\/comments?post=197401"}],"version-history":[{"count":0,"href":"https:\/\/www.europesays.com\/es\/wp-json\/wp\/v2\/posts\/197401\/revisions"}],"wp:featuredmedia":[{"embeddable":true,"href":"https:\/\/www.europesays.com\/es\/wp-json\/wp\/v2\/media\/197402"}],"wp:attachment":[{"href":"https:\/\/www.europesays.com\/es\/wp-json\/wp\/v2\/media?parent=197401"}],"wp:term":[{"taxonomy":"category","embeddable":true,"href":"https:\/\/www.europesays.com\/es\/wp-json\/wp\/v2\/categories?post=197401"},{"taxonomy":"post_tag","embeddable":true,"href":"https:\/\/www.europesays.com\/es\/wp-json\/wp\/v2\/tags?post=197401"}],"curies":[{"name":"wp","href":"https:\/\/api.w.org\/{rel}","templated":true}]}}