{"id":197408,"date":"2025-10-24T03:00:17","date_gmt":"2025-10-24T03:00:17","guid":{"rendered":"https:\/\/www.europesays.com\/es\/197408\/"},"modified":"2025-10-24T03:00:17","modified_gmt":"2025-10-24T03:00:17","slug":"debut-agridulce-de-simmons","status":"publish","type":"post","link":"https:\/\/www.europesays.com\/es\/197408\/","title":{"rendered":"Debut agridulce de Simmons"},"content":{"rendered":"<p>\n        <strong>Kobi Simmons<\/strong> disput\u00f3 ayer sus primeros minutos como jugador del <a href=\"https:\/\/www.noticiasdealava.eus\/baskonia\/\" title=\"Baskonia\" class=\"link copy\" rel=\"nofollow noopener\" target=\"_blank\">Baskonia<\/a> en el partido de<strong> Euroliga ante el Estrella Roja.\u00a0<\/strong>\n<\/p>\n<p class=\"article-body__text \">\n        El base estadounidense, pese a firmar <strong>buenos minutos sobre el parqu\u00e9 del Belgrado Arena<\/strong>, nada pudo hacer para evitar <strong>una nueva derrota baskonista en Europa (90-72)<\/strong> que ya es la sexta de la temporada.\n<\/p>\n<p>            <a href=\"https:\/\/www.noticiasdealava.eus\/baskonia\/2025\/10\/23\/baskonia-belgrado-90-72-10257898.html\" title=\"El Baskonia, un querer y no poder en Belgrado (90-72)\" class=\"new__media\" rel=\"nofollow noopener\" target=\"_blank\"><\/p>\n<p>                <img alt=\"El Baskonia, un querer y no poder en Belgrado (90-72)\" data-src=\"https:\/\/www.europesays.com\/es\/wp-content\/uploads\/2025\/10\/e30f57ac-7a79-4564-97ae-c45d0ebf43c3_16-9-aspect-ratio_default_0.jpg\" class=\"lozad\"\/><\/p>\n<p>        <\/a><\/p>\n<p>        <a href=\"https:\/\/www.noticiasdealava.eus\/baskonia\/2025\/10\/23\/baskonia-belgrado-90-72-10257898.html\" title=\"El Baskonia, un querer y no poder en Belgrado (90-72)\" class=\"new__headline\" rel=\"nofollow noopener\" target=\"_blank\"><br \/>\n            El Baskonia, un querer y no poder en Belgrado (90-72)<br \/>\n        <\/a><\/p>\n<p class=\"article-body__text \">\n        Hab\u00eda expectativas en el debut de Simmons con la camiseta azulgrana despu\u00e9s de que <a href=\"https:\/\/www.noticiasdealava.eus\/baskonia\/2025\/10\/23\/galbiati-baskonia-estrella-roja-10257502.html\" title=\"Paolo Galbiati\" target=\"_blank\" class=\"link copy\" rel=\"nofollow noopener\">Paolo Galbiati<\/a> le convocase para la cita. Lo cierto es que el debut del estadounidense no fue del todo malo para el poco tiempo que lleva en Vitoria, donde <strong>apenas ha tenido una oportunidad real para adaptarse a la din\u00e1mica del conjunto dirigido por el t\u00e9cnico italiano.<\/strong>\n<\/p>\n<p class=\"article-body__text \">\n        Simmons, que tan solo lleva tres d\u00edas en Vitoria, <strong>disfrut\u00f3 de un total de 17 minutos y 42 segundos (el s\u00e9ptimo que m\u00e1s) <\/strong>en su estreno ante el equipo serbio. El base anot\u00f3 <strong>un total de siete puntos<\/strong> en otra noche aciaga para el conjunto vitoriano.\n<\/p>\n<p>            <a href=\"https:\/\/www.noticiasdealava.eus\/baskonia\/2025\/10\/20\/base-baskonia-kobi-simmons-aterriza-10240011.html\" title=\"El base del Baskonia Kobi Simmons aterriza en Vitoria\" class=\"new__media\" rel=\"nofollow noopener\" target=\"_blank\"><\/p>\n<p>                <img alt=\"El base del Baskonia Kobi Simmons aterriza en Vitoria\" data-src=\"https:\/\/www.europesays.com\/es\/wp-content\/uploads\/2025\/10\/40e6ac66-8430-4d85-a786-25a7110fdade_16-9-aspect-ratio_default_0_x488y271.jpg\" class=\"lozad\"\/><\/p>\n<p>        <\/a><\/p>\n<p>        <a href=\"https:\/\/www.noticiasdealava.eus\/baskonia\/2025\/10\/20\/base-baskonia-kobi-simmons-aterriza-10240011.html\" title=\"El base del Baskonia Kobi Simmons aterriza en Vitoria\" class=\"new__headline\" rel=\"nofollow noopener\" target=\"_blank\"><br \/>\n            El base del Baskonia Kobi Simmons aterriza en Vitoria<br \/>\n        <\/a><\/p>\n<p>  Insistente y participativo por dentro <\/p>\n<p class=\"article-body__text \">\n        Las mejores acciones para el base norteamericano llegaron <strong>por el interior de la cancha,<\/strong> donde supo aprovechar los espacios para firmar <strong>buenas internadas<\/strong> a trav\u00e9s de la zona del equipo serbio. Aparte de intentar<strong> alimentar a los p\u00edvots con su visi\u00f3n de juego,<\/strong> el base no dud\u00f3 en ning\u00fan momento a la hora de ser vertical y tratar de buscar ventajas en las entradas.\n<\/p>\n<p class=\"article-body__text \">\n        La actuaci\u00f3n de Simmons fue <strong>correcta para un jugador que acaba de llegar<\/strong> y al que no se le puede pedir mucho m\u00e1s con \u00fanicamente dos entrenamientos a sus espaldas.\n<\/p>\n<p>            <a href=\"https:\/\/www.noticiasdealava.eus\/baskonia\/2025\/10\/22\/bombazo-samanic-abandona-baskonia-10248830.html\" title=\"Bombazo: Samanic abandona el Baskonia\" class=\"new__media\" rel=\"nofollow noopener\" target=\"_blank\"><\/p>\n<p>                <img alt=\"Bombazo: Samanic abandona el Baskonia\" data-src=\"https:\/\/www.europesays.com\/es\/wp-content\/uploads\/2025\/10\/2d8c977d-9dee-4368-a621-f6e7c783a8a7_16-9-aspect-ratio_default_0.jpg\" class=\"lozad\"\/><\/p>\n<p>        <\/a><\/p>\n<p>        <a href=\"https:\/\/www.noticiasdealava.eus\/baskonia\/2025\/10\/22\/bombazo-samanic-abandona-baskonia-10248830.html\" title=\"Bombazo: Samanic abandona el Baskonia\" class=\"new__headline\" rel=\"nofollow noopener\" target=\"_blank\"><br \/>\n            Bombazo: Samanic abandona el Baskonia<br \/>\n        <\/a><\/p>\n<p class=\"article-body__text \">\n        El nuevo fichaje del Baskonia tambi\u00e9n <strong>dej\u00f3 ver una pizca de su f\u00edsico<\/strong>, un hecho que destaca respecto a otros bases de la plantilla de menor envergadura. Por eso mismo, <strong>Galbiati no tard\u00f3 en darle su oportunidad en lugar de Nowell<\/strong> una vez apreciada la diferencia f\u00edsica entre el Baskonia y el Estrella Roja.\n<\/p>\n<p class=\"article-body__text \">\n        Sin embargo, al igual que el resto del equipo, <strong>la actuaci\u00f3n de Simmons fue de m\u00e1s a menos y termin\u00f3 por diluirse al completo tras el descanso.<\/strong> El estadounidense no qued\u00f3 exento de los desajustes colectivos en un nefasto tercer cuarto que le cost\u00f3 el partido al Baskonia. De hecho, un d\u00eda m\u00e1s,<strong> la actuaci\u00f3n de TLC fue de lo poco destacable en el encuentro.<\/strong>\n<\/p>\n<p>            <a href=\"https:\/\/www.noticiasdealava.eus\/baskonia\/2025\/10\/23\/1x1-baskonia-estrella-roja-luwawu-10257513.html\" title=\"El 1x1 del Baskonia ante el Estrella Roja: Luwawu-Cabarrot y poco m\u00e1s en Belgrado\" class=\"new__media\" rel=\"nofollow noopener\" target=\"_blank\"><\/p>\n<p>                <img alt=\"El 1x1 del Baskonia ante el Estrella Roja: Luwawu-Cabarrot y poco m\u00e1s en Belgrado\" data-src=\"https:\/\/www.europesays.com\/es\/wp-content\/uploads\/2025\/10\/9ef6549b-72dc-497d-8043-8588cb3a077c_16-9-aspect-ratio_default_0.jpg\" class=\"lozad\"\/><\/p>\n<p>        <\/a><\/p>\n<p>        <a href=\"https:\/\/www.noticiasdealava.eus\/baskonia\/2025\/10\/23\/1x1-baskonia-estrella-roja-luwawu-10257513.html\" title=\"El 1x1 del Baskonia ante el Estrella Roja: Luwawu-Cabarrot y poco m\u00e1s en Belgrado\" class=\"new__headline\" rel=\"nofollow noopener\" target=\"_blank\"><br \/>\n            El 1&#215;1 del Baskonia ante el Estrella Roja: Luwawu-Cabarrot y poco m\u00e1s en Belgrado<br \/>\n        <\/a><\/p>\n<p class=\"article-body__text \">\n        La derrota en Serbia supuso<strong> un debut agridulce para el exjugador de los Zhejiang Golden Bulls <\/strong>de la liga china que sin embargo le puede servir para ir adapt\u00e1ndose al equipo.\u00a0\n<\/p>\n<p class=\"article-body__text \">\n        El pr\u00f3ximo domingo,<strong> ante el UCAM Murcia, Simmons tendr\u00e1 una nueva oportunidad para seguir entrando en la din\u00e1mica<\/strong> de un Baskonia que necesita urgentemente refuerzos de calidad en este dif\u00edcil arranque de temporada.<\/p>\n","protected":false},"excerpt":{"rendered":"Kobi Simmons disput\u00f3 ayer sus primeros minutos como jugador del Baskonia en el partido de Euroliga ante el&hellip;\n","protected":false},"author":2,"featured_media":197409,"comment_status":"","ping_status":"","sticky":false,"template":"","format":"standard","meta":{"footnotes":""},"categories":[269],"tags":[54040,299,298,5437,168,25,24,6018,23,167],"class_list":{"0":"post-197408","1":"post","2":"type-post","3":"status-publish","4":"format-standard","5":"has-post-thumbnail","7":"category-baloncesto","8":"tag-agridulce","9":"tag-baloncesto","10":"tag-basketball","11":"tag-debut","12":"tag-deportes","13":"tag-es","14":"tag-espana","15":"tag-simmons","16":"tag-spain","17":"tag-sports"},"share_on_mastodon":{"url":"https:\/\/pubeurope.com\/@es\/115426913398937950","error":""},"_links":{"self":[{"href":"https:\/\/www.europesays.com\/es\/wp-json\/wp\/v2\/posts\/197408","targetHints":{"allow":["GET"]}}],"collection":[{"href":"https:\/\/www.europesays.com\/es\/wp-json\/wp\/v2\/posts"}],"about":[{"href":"https:\/\/www.europesays.com\/es\/wp-json\/wp\/v2\/types\/post"}],"author":[{"embeddable":true,"href":"https:\/\/www.europesays.com\/es\/wp-json\/wp\/v2\/users\/2"}],"replies":[{"embeddable":true,"href":"https:\/\/www.europesays.com\/es\/wp-json\/wp\/v2\/comments?post=197408"}],"version-history":[{"count":0,"href":"https:\/\/www.europesays.com\/es\/wp-json\/wp\/v2\/posts\/197408\/revisions"}],"wp:featuredmedia":[{"embeddable":true,"href":"https:\/\/www.europesays.com\/es\/wp-json\/wp\/v2\/media\/197409"}],"wp:attachment":[{"href":"https:\/\/www.europesays.com\/es\/wp-json\/wp\/v2\/media?parent=197408"}],"wp:term":[{"taxonomy":"category","embeddable":true,"href":"https:\/\/www.europesays.com\/es\/wp-json\/wp\/v2\/categories?post=197408"},{"taxonomy":"post_tag","embeddable":true,"href":"https:\/\/www.europesays.com\/es\/wp-json\/wp\/v2\/tags?post=197408"}],"curies":[{"name":"wp","href":"https:\/\/api.w.org\/{rel}","templated":true}]}}