{"id":197414,"date":"2025-10-24T03:03:09","date_gmt":"2025-10-24T03:03:09","guid":{"rendered":"https:\/\/www.europesays.com\/es\/197414\/"},"modified":"2025-10-24T03:03:09","modified_gmt":"2025-10-24T03:03:09","slug":"la-junta-convocara-un-concurso-publico-para-sustituir-a-la-directora-del-centro-andaluz-de-arte-contemporaneo","status":"publish","type":"post","link":"https:\/\/www.europesays.com\/es\/197414\/","title":{"rendered":"La Junta convocar\u00e1 un concurso p\u00fablico para sustituir a la directora del Centro Andaluz de Arte Contempor\u00e1neo"},"content":{"rendered":"<p style=\"\">El cese fulminante de <strong>Juan Antonio \u00c1lvarez Reyes<\/strong> y el inmediato nombramiento de<strong> Jimena Bl\u00e1zquez<\/strong> como nueva directora del Centro Andaluz de Arte Contempor\u00e1neo (CAAC) provoc\u00f3 un tsunami en el mundo del arte, as\u00ed como un cisma dentro de la Consejer\u00eda de  &#8230; Cultura de la Junta de Andaluc\u00eda, entonces tambi\u00e9n de Turismo y liderada por <strong>Arturo Bernal<\/strong>. La gaditana, doctora en Historia del Arte y principalmente conocida por su labor como coleccionista y mecenas, <strong>acced\u00eda a un puesto que su predecesor hab\u00eda ocupado durante trece a\u00f1os, sin mediar un concurso p\u00fablico internacional contraviniendo as\u00ed el C\u00f3digo de Buenas Pr\u00e1cticas<\/strong>, por el que se rigen las principales instituciones art\u00edsticas en Espa\u00f1a.<\/p>\n<p class=\"voc-p\" style=\"\">Justo dos a\u00f1os despu\u00e9s de uno de los varios episodios pol\u00e9micos que protagoniz\u00f3 Bernal en la mitad de la legislatura que gestion\u00f3 los asuntos de Cultura \u2013desde el inicio del segundo mandato de Juanma Moreno y hasta la crisis de gobierno del verano de 2024\u2013, <strong>la directora que muchos criticaron al ser colocada \u00aba dedazo\u00bb<\/strong> ha dimitido aduciendo motivos personales. La Consejer\u00eda de Cultura y Deporte que ahora, de nuevo, lidera <strong>Patricia del Pozo<\/strong>, as\u00ed lo comunic\u00f3 este mi\u00e9rcoles en una nota de prensa que titulaba con lo que ser\u00e1 la subsanaci\u00f3n de aquel garrafal error. <strong>Convocar\u00e1 un concurso p\u00fablico<\/strong> para elegir la nueva direcci\u00f3n del Centro Andaluz de Arte Contempor\u00e1neo (CAAC). Como se ha mencionado, una f\u00f3rmula de selecci\u00f3n que se ajusta a las recomendaciones del Documento de Buenas Pr\u00e1cticas en Museos y Centros de Arte en Espa\u00f1a.<\/p>\n<p class=\"voc-p\" style=\"\">En ese mismo comunicado, la consejera agradeci\u00f3 a Jimena Bl\u00e1zquez Abascal \u00abla labor desempe\u00f1ada durante su etapa al frente del CAAC, reforzando su papel de referencia dentro del mapa del arte contempor\u00e1neo en Espa\u00f1a\u00bb. Valor\u00f3 asimismo que, bajo su direcci\u00f3n,<strong> el museo \u00abha ampliado los v\u00ednculos de la instituci\u00f3n con el contexto andaluz y ha ganado proyecci\u00f3n hacia el exterior\u00bb<\/strong>. No se cont\u00f3 m\u00e1s sobre las cuestiones que han llevado a la gaditana a dejar la direcci\u00f3n del centro, limit\u00e1ndose a informar de que se debe a \u00abmotivos personales\u00bb.<\/p>\n<p class=\"voc-p\" style=\"\">Bl\u00e1zquez Abascal deja as\u00ed la programaci\u00f3n del Centro Andaluz de Arte Contempor\u00e1neo (CAAC), en Sevilla, y del Centro de Creaci\u00f3n Contempor\u00e1nea de Andaluc\u00eda (C3A), en C\u00f3rdoba, cerrada para los pr\u00f3ximos a\u00f1os, garantizando la continuidad institucional, <strong>as\u00ed como la ampliaci\u00f3n del primero al Pabell\u00f3n del Siglo XV, cuya apertura est\u00e1 prevista para 2026<\/strong>.<\/p>\n<p>\nSu trayectoria en la Junta de Andaluc\u00eda\n<\/p>\n<p class=\"voc-p\" style=\"\">En los \u00faltimos dos a\u00f1os, detalla la consejer\u00eda en su nota, se ha realizado un an\u00e1lisis profundo de la colecci\u00f3n p\u00fablica de arte contempor\u00e1neo de Andaluc\u00eda, de tal forma que hoy cuenta con mayor accesibilidad digital, consulta online y documentaci\u00f3n mejorada para la investigaci\u00f3n. Al mismo tiempo, <strong>se ha implementado el Plan de Salvaguarda, reforzando la seguridad y preservaci\u00f3n del patrimonio<\/strong>.<\/p>\n<p class=\"voc-p\" style=\"\">Bajo la direcci\u00f3n de Jimena Bl\u00e1zquez Abascal, se han producido exposiciones desde el territorio, reforzando la creaci\u00f3n contempor\u00e1nea y las colaboraciones locales. Entre ellas, destacan los proyectos con <strong>Delcy Morelos<\/strong>, <strong>Kader Attia<\/strong>, <strong>Cristina Mej\u00edas<\/strong>, <strong>Regina de Miguel<\/strong>, <strong>Sandra Poulson<\/strong>, <strong>Miguel Benlloch<\/strong> y <strong>Tablao<\/strong> (sobre la escena andaluza en torno a la escultura), combinando el alcance internacional y el arraigo andaluz.<\/p>\n<p class=\"voc-p\" style=\"\">Tanto el CAAC como el C3A han ofrecido una programaci\u00f3n transversal que ha incluido cine, jazz, danza, m\u00fasica y tecnolog\u00eda, aglutinando una propuesta que ha apostado por crear espacios vivos. Como resultado, <strong>ambos espacios cerraron 2024 con un 20% m\u00e1s de visitas<\/strong>. En concreto, el centro sevillano recibi\u00f3 a m\u00e1s de 199.450 personas, mientras que por el espacio cordob\u00e9s pasaron m\u00e1s de 42.500 personas.<\/p>\n<p>\nCrisis\n<\/p>\n<p class=\"voc-p\" style=\"\">Todo estos avances se han producido en un bienio que, sin embargo, empez\u00f3 con un terremoto en Cultura. En noviembre de 2023, Bl\u00e1zquez, cuyo principal m\u00e9rito hab\u00eda sido la creaci\u00f3n y gesti\u00f3n de la Fundaci\u00f3n Montenmedio Contempor\u00e1nea en Vejer hac\u00eda un par de d\u00e9cadas, sustituy\u00f3 en el cargo a Juan Antonio \u00c1lvarez Reyes, quien dirig\u00eda el CAAC desde el a\u00f1o 2010. Al conocer la noticia,<strong> los integrantes de la Comisi\u00f3n T\u00e9cnica que asesoraba al CAAC dimitieron en pleno<\/strong>. Los especialistas \u2013Juan Cuenca, Estrella de Diego, Francisco Jarauta Mari\u00f3n, Mar\u00eda Dolores Jim\u00e9nez-Blanco Carrillo de Albornoz, Luisa L\u00f3pez Moreno, V\u00edctor P\u00e9rez Escolano, Ana Salaberr\u00eda y Berta Sichel\u2013 <strong>expresaron a trav\u00e9s de una carta de renuncia su \u00abdesacuerdo y preocupaci\u00f3n por el procedimiento\u00bb<\/strong> con el que tuvo lugar el cese fulminante y la sustituci\u00f3n del anterior director.<\/p>\n<p class=\"voc-p\" style=\"\">Apenas un d\u00eda antes de esta renuncia en bloque, organizaciones del sector del arte contempor\u00e1neo en Andaluc\u00eda hab\u00edan condenado el procedimiento por el que la consejer\u00eda hab\u00eda elegido a la gaditana, y <strong>solicitaron la aplicaci\u00f3n de los c\u00f3digos profesionales y deontol\u00f3gicos \u00abvigentes\u00bb<\/strong>, adem\u00e1s de instar a convocar un \u00abconcurso p\u00fablico internacional para proveer las plazas de direcci\u00f3n de las instituciones de arte contempor\u00e1neo en Andaluc\u00eda atendiendo a criterios de igualdad, transparencia y buenas pr\u00e1cticas\u00bb.<\/p>\n<p class=\"voc-p\" style=\"\">La designaci\u00f3n de Bl\u00e1zquez sumaba un nuevo cap\u00edtulo al giro que Bernal hab\u00eda imprimido desde que lleg\u00f3 a la Consejer\u00eda de Cultura, borrando buena parte de lo que hab\u00eda hecho su compa\u00f1era de filas, Patricia del Pozo, en la primera legislatura del Partido Popular en la Junta. En noviembre de 2022 <strong>ces\u00f3 a la escritora y periodista Eva D\u00edaz P\u00e9rez como directora del Centro Andaluz de las Letras<\/strong>. Esta hab\u00eda ocupado el puesto desde julio de 2019 tras haber logrado la m\u00e1xima puntuaci\u00f3n (9,70 de un m\u00e1ximo de 10) en el proceso selectivo de personal directivo para esta instituci\u00f3n. Justo Navarro fue el elegido para sustituirla tambi\u00e9n por concurso. Tambi\u00e9n fue fulminada la &#8216;n\u00famero dos&#8217; de la Agencia Andaluza de Instituciones Culturales,<strong> Almudena de la Pe\u00f1a<\/strong>, que hab\u00eda ganado igualmente su plaza por concurso p\u00fablico.<\/p>\n","protected":false},"excerpt":{"rendered":"El cese fulminante de Juan Antonio \u00c1lvarez Reyes y el inmediato nombramiento de Jimena Bl\u00e1zquez como nueva directora&hellip;\n","protected":false},"author":2,"featured_media":197415,"comment_status":"","ping_status":"","sticky":false,"template":"","format":"standard","meta":{"footnotes":""},"categories":[173],"tags":[16470,229,233,231,230,245,4023,28653,54667,232,8365,234,146,147,25,24,2024,1421,23,10674],"class_list":{"0":"post-197414","1":"post","2":"type-post","3":"status-publish","4":"format-standard","5":"has-post-thumbnail","7":"category-arte-y-diseno","8":"tag-andaluz","9":"tag-arte","10":"tag-arte-y-diseno","11":"tag-arts","12":"tag-arts-and-design","13":"tag-centro","14":"tag-concurso","15":"tag-contemporaneo","16":"tag-convocara","17":"tag-design","18":"tag-directora","19":"tag-diseno","20":"tag-entertainment","21":"tag-entretenimiento","22":"tag-es","23":"tag-espana","24":"tag-junta","25":"tag-publico","26":"tag-spain","27":"tag-sustituir"},"share_on_mastodon":{"url":"https:\/\/pubeurope.com\/@es\/115426925176905303","error":""},"_links":{"self":[{"href":"https:\/\/www.europesays.com\/es\/wp-json\/wp\/v2\/posts\/197414","targetHints":{"allow":["GET"]}}],"collection":[{"href":"https:\/\/www.europesays.com\/es\/wp-json\/wp\/v2\/posts"}],"about":[{"href":"https:\/\/www.europesays.com\/es\/wp-json\/wp\/v2\/types\/post"}],"author":[{"embeddable":true,"href":"https:\/\/www.europesays.com\/es\/wp-json\/wp\/v2\/users\/2"}],"replies":[{"embeddable":true,"href":"https:\/\/www.europesays.com\/es\/wp-json\/wp\/v2\/comments?post=197414"}],"version-history":[{"count":0,"href":"https:\/\/www.europesays.com\/es\/wp-json\/wp\/v2\/posts\/197414\/revisions"}],"wp:featuredmedia":[{"embeddable":true,"href":"https:\/\/www.europesays.com\/es\/wp-json\/wp\/v2\/media\/197415"}],"wp:attachment":[{"href":"https:\/\/www.europesays.com\/es\/wp-json\/wp\/v2\/media?parent=197414"}],"wp:term":[{"taxonomy":"category","embeddable":true,"href":"https:\/\/www.europesays.com\/es\/wp-json\/wp\/v2\/categories?post=197414"},{"taxonomy":"post_tag","embeddable":true,"href":"https:\/\/www.europesays.com\/es\/wp-json\/wp\/v2\/tags?post=197414"}],"curies":[{"name":"wp","href":"https:\/\/api.w.org\/{rel}","templated":true}]}}