{"id":197416,"date":"2025-10-24T03:04:09","date_gmt":"2025-10-24T03:04:09","guid":{"rendered":"https:\/\/www.europesays.com\/es\/197416\/"},"modified":"2025-10-24T03:04:09","modified_gmt":"2025-10-24T03:04:09","slug":"libreria-sin-tarima-una-casa-que-nunca-esta-vacia","status":"publish","type":"post","link":"https:\/\/www.europesays.com\/es\/197416\/","title":{"rendered":"Librer\u00eda Sin Tarima, una casa que nunca est\u00e1 vac\u00eda"},"content":{"rendered":"<p class=\"ft-text\">La <strong>librer\u00eda Sin Tarima<\/strong> bien podr\u00eda ser la cueva de un lector insomne: libros por todas partes, apilados, cruzados, apoyados como si hubieran ca\u00eddo all\u00ed por casualidad, y, sin embargo, cada uno est\u00e1 exactamente donde debe estar. En el centro del remolino, su librero luce barba de experiencia, tirantes y sonrisa de quien ha ense\u00f1ado a leer a m\u00e1s de un ni\u00f1o, antes de ense\u00f1ar a m\u00e1s de un adulto.<\/p>\n<p class=\"ft-text\">Fue maestro, luego distribuidor y desde hace casi 20 a\u00f1os selecciona libros nuevos y de segunda mano con el mismo cuidado y dedicaci\u00f3n, empe\u00f1ado en reflejar su forma de ver el mundo. Ni en este local ni en el de <strong>Conde de Romanones<\/strong> para la actividad: todos los d\u00edas hay presentaciones, lecturas, encuentros. Porque la literatura no solo se vende, se comparte, y esa forma de entenderla, como un di\u00e1logo interminable, hace de <strong>Sin Tarima<\/strong> una casa que nunca est\u00e1 vac\u00eda.<\/p>\n<p>Sin Tarima<\/p>\n<p class=\"ft-text\">Calle Magdalena, 32<\/p>\n<p class=\"ft-text\">28012 &#8211; Madrid<\/p>\n","protected":false},"excerpt":{"rendered":"La librer\u00eda Sin Tarima bien podr\u00eda ser la cueva de un lector insomne: libros por todas partes, apilados,&hellip;\n","protected":false},"author":2,"featured_media":192055,"comment_status":"","ping_status":"","sticky":false,"template":"","format":"standard","meta":{"footnotes":""},"categories":[172],"tags":[224,146,147,25,1598,24,11532,906,225,32857,205,1645,54668,23],"class_list":{"0":"post-197416","1":"post","2":"type-post","3":"status-publish","4":"format-standard","5":"has-post-thumbnail","7":"category-libros","8":"tag-books","9":"tag-entertainment","10":"tag-entretenimiento","11":"tag-es","12":"tag-escritores","13":"tag-espana","14":"tag-libreria","15":"tag-librerias","16":"tag-libros","17":"tag-libros-mas-vendidos","18":"tag-madrid","19":"tag-novela","20":"tag-sin-tarima","21":"tag-spain"},"share_on_mastodon":{"url":"https:\/\/pubeurope.com\/@es\/115426929224808443","error":""},"_links":{"self":[{"href":"https:\/\/www.europesays.com\/es\/wp-json\/wp\/v2\/posts\/197416","targetHints":{"allow":["GET"]}}],"collection":[{"href":"https:\/\/www.europesays.com\/es\/wp-json\/wp\/v2\/posts"}],"about":[{"href":"https:\/\/www.europesays.com\/es\/wp-json\/wp\/v2\/types\/post"}],"author":[{"embeddable":true,"href":"https:\/\/www.europesays.com\/es\/wp-json\/wp\/v2\/users\/2"}],"replies":[{"embeddable":true,"href":"https:\/\/www.europesays.com\/es\/wp-json\/wp\/v2\/comments?post=197416"}],"version-history":[{"count":0,"href":"https:\/\/www.europesays.com\/es\/wp-json\/wp\/v2\/posts\/197416\/revisions"}],"wp:featuredmedia":[{"embeddable":true,"href":"https:\/\/www.europesays.com\/es\/wp-json\/wp\/v2\/media\/192055"}],"wp:attachment":[{"href":"https:\/\/www.europesays.com\/es\/wp-json\/wp\/v2\/media?parent=197416"}],"wp:term":[{"taxonomy":"category","embeddable":true,"href":"https:\/\/www.europesays.com\/es\/wp-json\/wp\/v2\/categories?post=197416"},{"taxonomy":"post_tag","embeddable":true,"href":"https:\/\/www.europesays.com\/es\/wp-json\/wp\/v2\/tags?post=197416"}],"curies":[{"name":"wp","href":"https:\/\/api.w.org\/{rel}","templated":true}]}}