{"id":197417,"date":"2025-10-24T03:05:17","date_gmt":"2025-10-24T03:05:17","guid":{"rendered":"https:\/\/www.europesays.com\/es\/197417\/"},"modified":"2025-10-24T03:05:17","modified_gmt":"2025-10-24T03:05:17","slug":"asi-luce-el-fenomeno-de-britains-got-talent-susan-boyle-que-sorprendio-a-todos-al-cantar-en-una-audicion-hace-16-anos","status":"publish","type":"post","link":"https:\/\/www.europesays.com\/es\/197417\/","title":{"rendered":"as\u00ed luce el fen\u00f3meno de &#8216;Britain&#8217;s Got Talent&#8217;, Susan Boyle, que sorprendi\u00f3 a todos al cantar en una audici\u00f3n hace 16 a\u00f1os"},"content":{"rendered":"<p>La cantante escocesa <b>Susan Boyle, de 64 a\u00f1os, reapareci\u00f3 p\u00fablicamente <\/b>con un renovado estilo que dej\u00f3 impactados a sus seguidores.\u00a0<\/p>\n<p><b>La artista asisti\u00f3 a la alfombra roja de los premios Pride of Britain<\/b>, realizados en el Grosvenor House Hotel de Londres, mostrando una imagen muy distinta a la que el p\u00fablico recuerda de sus d\u00edas en Britain\u2019s Got Talent.<\/p>\n<p class=\"c-leatambien__titulo\"> LEA TAMBI\u00c9N <\/p>\n<p><img decoding=\"async\" alt=\"Nueva York\" width=\"120\" height=\"120\" loading=\"lazy\" src=\"https:\/\/imagenes2.eltiempo.com\/files\/image_120_120\/uploads\/2025\/10\/23\/68fa7f40e8cad.jpeg\" data-full-src=\"https:\/\/www.europesays.com\/es\/wp-content\/uploads\/2025\/10\/68fa7f40e8cad.jpeg\"\/><\/p>\n<p>Vestida con un atuendo blanco y negro de manga larga, complementado con un chal de piel sint\u00e9tica y un collar de perlas, Boyle mostr\u00f3 una versi\u00f3n m\u00e1s sofisticada de s\u00ed misma.\u00a0<\/p>\n<p>Desde sus redes sociales comparti\u00f3 fotograf\u00edas del evento y escribi\u00f3: \u201c\u00a1Qu\u00e9 noche tan maravillosa en los Premios Orgullo de Gran Breta\u00f1a! Fue un gran honor homenajear a tantas personas verdaderamente inspiradoras. Todos lucieron fabulosos, y fue un placer encontrarme con algunas caras conocidas, incluyendo a la brillante Anne Hegerty (soy una gran fan de The Chase)\u201d.\u00a0<\/p>\n<p>Luego a\u00f1adi\u00f3: \u201cUna noche llena de orgullo, alegr\u00eda y admiraci\u00f3n por algunos h\u00e9roes incre\u00edbles\u201d.<\/p>\n<p class=\"c-leatambien__titulo\"> LEA TAMBI\u00c9N <\/p>\n<p><img decoding=\"async\" alt=\"La Gu\u00eda Michelin present\u00f3 las Llaves Michelin\" width=\"120\" height=\"120\" loading=\"lazy\" src=\"https:\/\/imagenes2.eltiempo.com\/files\/image_120_120\/uploads\/2025\/10\/23\/68fa71070534d.png\" data-full-src=\"https:\/\/www.europesays.com\/es\/wp-content\/uploads\/2025\/10\/68fa71070534d.png\"\/>Un cambio que sorprendi\u00f3 a sus seguidores<\/p>\n<p>Los comentarios de los fan\u00e1ticos no se hicieron esperar. Aunque muchos destacaron lo bien que se ve\u00eda la cantante, <b>el foco principal fue su nuevo corte bob rubio con flequillo.\u00a0<\/b><\/p>\n<p>\u201cEst\u00e1s preciosa, Susan. Me encanta tu pelo, te queda genial\u201d, escribi\u00f3 una admiradora. Otro usuario coment\u00f3: \u201cSe\u00f1orita, su bob es FUEGO\u201d, mientras que un tercero expres\u00f3: \u201cMi tipo de diva\u201d.<\/p>\n<p>Sus publicaciones anteriores ya mostraban un cambio progresivo en su apariencia, con un cabello m\u00e1s corto y liso, pero ahora el rubio claro se ha convertido en su sello m\u00e1s reciente.<\/p>\n<p class=\"c-cuerpo__media__txt\">La artista visti\u00f3 un elegante conjunto blanco y negro con chal de piel sint\u00e9tica y collar de perlas. Foto:Instagram: @susanboylemusic<\/p>\n<p class=\"c-leatambien__titulo\"> LEA TAMBI\u00c9N <\/p>\n<p><img decoding=\"async\" alt=\"Kim Kardashian\" width=\"120\" height=\"120\" loading=\"lazy\" src=\"https:\/\/imagenes2.eltiempo.com\/files\/image_120_120\/files\/fp\/uploads\/2025\/10\/23\/68fa565ac9eb3.r_d.939-129.jpeg\" data-full-src=\"https:\/\/www.europesays.com\/es\/wp-content\/uploads\/2025\/10\/68fa565ac9eb3.jpeg\"\/>De fen\u00f3meno mundial a \u00edcono de superaci\u00f3n<\/p>\n<p>Susan Boyle se convirti\u00f3 en un fen\u00f3meno internacional en <b>2009<\/b>, cuando sorprendi\u00f3 al jurado y al p\u00fablico con su<b> interpretaci\u00f3n de I Dreamed a Dream, de Los Miserables, durante su audici\u00f3n en Britain\u2019s Got Talent<\/b>. Su presentaci\u00f3n se volvi\u00f3 viral y la llev\u00f3 a vender m\u00e1s de 25 millones de discos en todo el mundo, consolid\u00e1ndola como una de las artistas m\u00e1s reconocidas salidas de un concurso televisivo.<\/p>\n<p><b>En 2013, Boyle revel\u00f3 que hab\u00eda sido diagnosticada con s\u00edndrome de Asperger<\/b>, una forma de autismo de alto funcionamiento. En entrevista con The Guardian, afirm\u00f3: \u201cNo har\u00e1 ninguna diferencia en mi vida. Es simplemente una condici\u00f3n con la que tengo que vivir y superarla\u201d. La artista tambi\u00e9n ha sido abierta sobre sus luchas con la depresi\u00f3n, asegurando que sus dificultades no la detendr\u00e1n en su carrera.<\/p>\n<p class=\"c-cuerpo__media__txt\">La cantante alcanz\u00f3 fama mundial en 2009 al interpretar I Dreamed a Dream en el reality brit\u00e1nico. Foto:Instagram: @susanboylemusic<\/p>\n<p><b>En 2022, su salud volvi\u00f3 a estar en riesgo cuando sufri\u00f3 un derrame cerebral. <\/b>Sin embargo, logr\u00f3 recuperarse y regresar a la m\u00fasica. En ese momento comparti\u00f3: \u201cRegres\u00e9 al estudio de grabaci\u00f3n por primera vez en seis a\u00f1os, algo que me dijeron que tal vez nunca volver\u00eda a lograr. \u00a1Pero aqu\u00ed estamos, en mi lugar feliz! Quiero agradecer a mi manager, Geraldine, por ser mi apoyo incondicional en todo momento y por ayudarme a volver a donde pertenezco. Mil gracias\u201d.<\/p>\n<p>Con su nueva imagen y renovada energ\u00eda, Susan Boyle demuestra que sigue siendo un s\u00edmbolo de resiliencia y pasi\u00f3n por la m\u00fasica, manteni\u00e9ndose fiel a la esencia que la convirti\u00f3 en una inspiraci\u00f3n mundial.<\/p>\n<p>*Este contenido fue escrito con la asistencia de una inteligencia artificial, basado en informaci\u00f3n de conocimiento p\u00fablico divulgado a medios de comunicaci\u00f3n. Adem\u00e1s, conto\u0301 con la revisi\u00f3n de la periodista y un editor.<\/p>\n<p>M\u00e1s noticias en EL TIEMPO<\/p>\n","protected":false},"excerpt":{"rendered":"La cantante escocesa Susan Boyle, de 64 a\u00f1os, reapareci\u00f3 p\u00fablicamente con un renovado estilo que dej\u00f3 impactados a&hellip;\n","protected":false},"author":2,"featured_media":197418,"comment_status":"","ping_status":"","sticky":false,"template":"","format":"standard","meta":{"footnotes":""},"categories":[171],"tags":[8722,158,146,147,25,24,7629,54669,14839,23,214],"class_list":{"0":"post-197417","1":"post","2":"type-post","3":"status-publish","4":"format-standard","5":"has-post-thumbnail","7":"category-tv","8":"tag-asi","9":"tag-el","10":"tag-entertainment","11":"tag-entretenimiento","12":"tag-es","13":"tag-espana","14":"tag-fenomeno","15":"tag-irreconocible","16":"tag-luce","17":"tag-spain","18":"tag-tv"},"share_on_mastodon":{"url":"https:\/\/pubeurope.com\/@es\/115426933231076607","error":""},"_links":{"self":[{"href":"https:\/\/www.europesays.com\/es\/wp-json\/wp\/v2\/posts\/197417","targetHints":{"allow":["GET"]}}],"collection":[{"href":"https:\/\/www.europesays.com\/es\/wp-json\/wp\/v2\/posts"}],"about":[{"href":"https:\/\/www.europesays.com\/es\/wp-json\/wp\/v2\/types\/post"}],"author":[{"embeddable":true,"href":"https:\/\/www.europesays.com\/es\/wp-json\/wp\/v2\/users\/2"}],"replies":[{"embeddable":true,"href":"https:\/\/www.europesays.com\/es\/wp-json\/wp\/v2\/comments?post=197417"}],"version-history":[{"count":0,"href":"https:\/\/www.europesays.com\/es\/wp-json\/wp\/v2\/posts\/197417\/revisions"}],"wp:featuredmedia":[{"embeddable":true,"href":"https:\/\/www.europesays.com\/es\/wp-json\/wp\/v2\/media\/197418"}],"wp:attachment":[{"href":"https:\/\/www.europesays.com\/es\/wp-json\/wp\/v2\/media?parent=197417"}],"wp:term":[{"taxonomy":"category","embeddable":true,"href":"https:\/\/www.europesays.com\/es\/wp-json\/wp\/v2\/categories?post=197417"},{"taxonomy":"post_tag","embeddable":true,"href":"https:\/\/www.europesays.com\/es\/wp-json\/wp\/v2\/tags?post=197417"}],"curies":[{"name":"wp","href":"https:\/\/api.w.org\/{rel}","templated":true}]}}