{"id":197421,"date":"2025-10-24T03:08:12","date_gmt":"2025-10-24T03:08:12","guid":{"rendered":"https:\/\/www.europesays.com\/es\/197421\/"},"modified":"2025-10-24T03:08:12","modified_gmt":"2025-10-24T03:08:12","slug":"la-nueva-estrella-de-aston-martin-f1-analiza-el-motor-honda-para-fernando-alonso-en-2026-son-muy-agresivos","status":"publish","type":"post","link":"https:\/\/www.europesays.com\/es\/197421\/","title":{"rendered":"La nueva estrella de Aston Martin F1 analiza el motor Honda para Fernando Alonso en 2026: \u00abSon muy agresivos\u00bb"},"content":{"rendered":"<p data-journey-content=\"true\" data-node-id=\"3\" class=\"css-6wxqfj emevuu60\">En los \u00faltimos meses ha habido un tema que est\u00e1 en boca de todos. No es el futuro de Max Verstappen o la batalla interna entre Lando Norris y Oscar Piastri, estamos hablando de la nueva normativa de la FIA de 2026. Antes incluso de que los monoplazas echen a rodar, la Federaci\u00f3n Internacional de Automovilismo ya ha llevado una serie de cambios relacionados con la unidad de potencia, como es el reparto el\u00e9ctrico y de combusti\u00f3n, que ha pasado de un 50\/50 a un 65\/35. <\/p>\n<p>Enrico Cardile explica el nuevo motor Honda<\/p>\n<p data-journey-content=\"true\" data-node-id=\"7\" class=\"css-6wxqfj emevuu60\">Esto ha provocado ciertos debates internos en el paddock, con algunos miembros que defend\u00edan el regreso de los V6, <strong data-node-id=\"7.1\">como era el caso de Max Verstappen o Lewis Hamilton, mientras que tambi\u00e9n ten\u00eda sus detractores, <\/strong>como Fernando Alonso y Toto Wolff. A todo ello, hay que destacar las <a href=\"https:\/\/www.caranddriver.com\/es\/formula-1\/a65999768\/experto-f1-analiza-normativa-fia-2026-dificil-entender\/\" target=\"_blank\" data-vars-ga-outbound-link=\"https:\/\/www.caranddriver.com\/es\/formula-1\/a65999768\/experto-f1-analiza-normativa-fia-2026-dificil-entender\/\" data-vars-ga-ux-element=\"Hyperlink\" data-vars-ga-call-to-action=\"nuevas reglas aerodin\u00e1micas que tendr\u00e1n lugar en 2026,\" data-node-id=\"7.3\" class=\"body-link css-168zq96 emevuu60\" rel=\"nofollow noopener\">nuevas reglas aerodin\u00e1micas que tendr\u00e1n lugar en 2026,<\/a> con la presencia de un nuevo \u201cManual Override Mode\u201d en sustituci\u00f3n del ya conocido DRS.<\/p>\n<p data-journey-content=\"true\" data-node-id=\"9\" class=\"css-6wxqfj emevuu60\">Todo ello en un a\u00f1o donde est\u00e1n puestas las esperanzas de Aston Martin. El equipo brit\u00e1nico ha estado invirtiendo grandes cantidades econ\u00f3micas para traer a un personal de <strong data-node-id=\"9.1\">la talla de Adrian Newey, Andy Cowell o la reciente incorporaci\u00f3n, Enrico Cardile. <\/strong>A todo ello, hay que sumarle la nueva f\u00e1brica de Silverstone de \u00faltima generaci\u00f3n, el t\u00fanel de viento propio o el simulador, en el que ya se est\u00e1n viendo los resultados positivos. <\/p>\n<blockquote data-theme-key=\"pullquote\" class=\"css-1eiql25 e1pe3zr91\">\n<blockquote class=\"css-fetnbk e1pe3zr90\"><p>Aston Martin F1 asegura que la nueva unidad de potencia Honda para 2026 \u00abes agresiva\u00bb<\/p><\/blockquote>\n<\/blockquote>\n<p data-journey-content=\"true\" data-node-id=\"14\" class=\"css-6wxqfj emevuu60\">De hecho, el propio CEO y jefe de Mercedes, Toto Wolff, aseguraba <a href=\"https:\/\/www.caranddriver.com\/es\/formula-1\/a65646008\/toto-wolff-atrevida-prediccion-peleara-2026-ferrari-f1-rapida-aston-martin\/\" target=\"_blank\" data-vars-ga-outbound-link=\"https:\/\/www.caranddriver.com\/es\/formula-1\/a65646008\/toto-wolff-atrevida-prediccion-peleara-2026-ferrari-f1-rapida-aston-martin\/\" data-vars-ga-ux-element=\"Hyperlink\" data-vars-ga-call-to-action=\"en una atrevida predicci\u00f3n que Honda y \" data-node-id=\"14.1\" class=\"body-link css-168zq96 emevuu60\" rel=\"nofollow noopener\">en una atrevida predicci\u00f3n que Honda y <\/a><strong data-node-id=\"14.2\"><a href=\"https:\/\/www.caranddriver.com\/es\/formula-1\/a65646008\/toto-wolff-atrevida-prediccion-peleara-2026-ferrari-f1-rapida-aston-martin\/\" target=\"_blank\" data-vars-ga-outbound-link=\"https:\/\/www.caranddriver.com\/es\/formula-1\/a65646008\/toto-wolff-atrevida-prediccion-peleara-2026-ferrari-f1-rapida-aston-martin\/\" data-vars-ga-ux-element=\"Hyperlink\" data-vars-ga-call-to-action=\"Aston Martin\" data-node-id=\"14.2.0\" class=\"body-link css-168zq96 emevuu60\" rel=\"nofollow noopener\">Aston Martin<\/a> podr\u00edan dar con la tecla en 2026, y en eso ha querido indagar precisamente Enrico Cardile.<\/strong> El italiano, que viene de Ferrari, ha estado analizando los \u00faltimos pasos de la marca japonesa en cuanto al motor de la nueva normativa se refiere. Y ojo a su conclusi\u00f3n, porque asegura que est\u00e1n siendo muy disciplinados y con un modelo agresivo. <\/p>\n<p><img draggable=\"true\" alt=\"adrian newey aston martin f1\" title=\"Adrian Newey Aston Martin F1\" loading=\"lazy\" width=\"4000\" height=\"2667\" decoding=\"async\" data-nimg=\"1\" style=\"color:transparent;width:100%;height:auto;\"   src=\"https:\/\/hips.hearstapps.com\/hmg-prod\/images\/adrian-newey-68fa198e494f0.jpg?crop=1.00xw:0.751xh;0,0.0855xh&amp;resize=980:*\" class=\"css-0 e1g79fud0\"\/><a target=\"_blank\" rel=\"noopener nofollow\" data-theme-key=\"base-link\" href=\"https:\/\/pinterest.com\/pin\/create\/button\/?url=https:\/\/www.caranddriver.com\/es\/formula-1\/a69132695\/estrella-aston-martin-f1-motor-honda-fernando-alonso-2026-agresivos\/&amp;description=&amp;media=https:\/\/hips.hearstapps.com\/hmg-prod\/images\/adrian-newey-68fa198e494f0.jpg?resize=1600:*\" class=\"pinterest css-on9hn5 e1c1bym14\"><img decoding=\"async\" data-dynamic-svg=\"true\" src=\"https:\/\/www.caranddriver.com\/_assets\/design-tokens\/fre\/static\/icons\/social\/pinterest.e8cf655.svg?primary=%2523ffffff\" loading=\"lazy\" data-testid=\"dynamic-svg-base\" height=\"auto\" width=\"auto\" alt=\"pinterest\" class=\"css-4lml0h e1mlxuuw1\"\/><\/a><\/p>\n<p>Mark Sutton &#8211; Formula 1<\/p>\n<p data-journey-content=\"true\" data-node-id=\"17\" class=\"css-6wxqfj emevuu60\">\u201cMe ha llamado la atenci\u00f3n lo involucrados que est\u00e1n los japoneses con el proyecto, lo <strong data-node-id=\"17.1\">abiertos que est\u00e1n a todas nuestras peticiones y lo agresivos que est\u00e1n siendo en todos los planteamientos<\/strong>\u201d, dec\u00eda el director t\u00e9cnico de Aston Martin.<\/p>\n<p data-journey-content=\"true\" data-node-id=\"19\" class=\"css-6wxqfj emevuu60\">\u201c<strong data-node-id=\"19.1\">Durante el desarrollo del motor podr\u00e1n apretar m\u00e1s al centrarse en un s\u00f3lo equipo, y no tener que atender peticiones de varios fabricantes de chasis<\/strong>\u201d, prosigui\u00f3.<\/p>\n<p data-journey-content=\"true\" data-node-id=\"21\" class=\"css-6wxqfj emevuu60\">\u201cYo trabajo en entender por d\u00f3nde quiere ir, que tenga la mejor calidad de informaci\u00f3n sobre todo el desarrollo del coche para poder responder a todos los retos que lanza al equipo. <strong data-node-id=\"21.1\">Hablar con \u00e9l es como hacerlo con un jefe de dise\u00f1o y un experto en aerodin\u00e1mico\u2026 todo en una misma persona<\/strong>\u201d, concluy\u00f3 Enrico Cardile haciendo menci\u00f3n a Adrian Newey. <\/p>\n<p>El salto de calidad de Aston Martin con Fernando Alonso<\/p>\n<p data-journey-content=\"true\" data-node-id=\"24\" class=\"css-6wxqfj emevuu60\">Y, evidentemente, otro de los factores determinantes para que un proyecto de estas caracter\u00edsticas pueda tener \u00e9xito en F\u00f3rmula 1 es tener un piloto de la talla de Fernando Alonso.<strong data-node-id=\"24.1\"> El propio <a href=\"https:\/\/www.caranddriver.com\/es\/formula-1\/a68904884\/embajador-aston-martin-f1-analiza-potencial-fernando-alonso-2026-ilusion\/\" target=\"_blank\" data-vars-ga-outbound-link=\"https:\/\/www.caranddriver.com\/es\/formula-1\/a68904884\/embajador-aston-martin-f1-analiza-potencial-fernando-alonso-2026-ilusion\/\" data-vars-ga-ux-element=\"Hyperlink\" data-vars-ga-call-to-action=\"embajador de Aston Martin nos lo confesaba en exclusiva\" data-node-id=\"24.1.1\" class=\"body-link css-168zq96 emevuu60\" rel=\"nofollow noopener\">embajador de Aston Martin nos lo confesaba en exclusiva<\/a> para Car and Driver, el espa\u00f1ol siempre saca el 100% del monoplaza, <\/strong>y precisamente en eso ha querido incidir el director t\u00e9cnico. <\/p>\n<p data-journey-content=\"true\" data-node-id=\"26\" class=\"css-6wxqfj emevuu60\">El propio Fernando Alonso aseguraba que su futuro m\u00e1s all\u00e1 de 2026 todav\u00eda est\u00e1 en el aire,<strong data-node-id=\"26.1\"> por lo que espera tener una buena oportunidad de volver a pelear por cosas grandes en la m\u00e1xima categor\u00eda.<\/strong> Por ello, Enrico Cardile ha querido destacar en qu\u00e9 aspectos est\u00e1 notando el equipo ese salto de calidad que les ha aportado la presencia de un bicampe\u00f3n del mundo como lo es el asturiano.<\/p>\n<p><img draggable=\"true\" alt=\"aston martin f1\" title=\"Aston Martin F1\" loading=\"lazy\" width=\"3562\" height=\"2375\" decoding=\"async\" data-nimg=\"1\" style=\"color:transparent;width:100%;height:auto;\"   src=\"https:\/\/hips.hearstapps.com\/hmg-prod\/images\/gettyimages-2242077372-68fa19a616ee8.jpg?crop=1.00xw:0.751xh;0,0.187xh&amp;resize=980:*\" class=\"css-0 e1g79fud0\"\/><a target=\"_blank\" rel=\"noopener nofollow\" data-theme-key=\"base-link\" href=\"https:\/\/pinterest.com\/pin\/create\/button\/?url=https:\/\/www.caranddriver.com\/es\/formula-1\/a69132695\/estrella-aston-martin-f1-motor-honda-fernando-alonso-2026-agresivos\/&amp;description=&amp;media=https:\/\/hips.hearstapps.com\/hmg-prod\/images\/gettyimages-2242077372-68fa19a616ee8.jpg?resize=1600:*\" class=\"pinterest css-on9hn5 e1c1bym14\"><img decoding=\"async\" data-dynamic-svg=\"true\" src=\"https:\/\/www.caranddriver.com\/_assets\/design-tokens\/fre\/static\/icons\/social\/pinterest.e8cf655.svg?primary=%2523ffffff\" loading=\"lazy\" data-testid=\"dynamic-svg-base\" height=\"auto\" width=\"auto\" alt=\"pinterest\" class=\"css-4lml0h e1mlxuuw1\"\/><\/a><\/p>\n<p>Icon Sportswire<\/p>\n<p data-journey-content=\"true\" data-node-id=\"29\" class=\"css-6wxqfj emevuu60\">\u201cEs capaz de comparar el rendimiento de coches de distintas generaciones, pero tambi\u00e9n de recordar una curva en concreto que ha hecho en otro momento del a\u00f1o o en una temporada anterior<strong data-node-id=\"29.1\"> con el mismo coche y explicar con cu\u00e1l estaba m\u00e1s a gusto. A partir de ah\u00ed es como nosotros entendemos qu\u00e9 es lo que m\u00e1s le gusta\u201d<\/strong>, dec\u00eda.  <\/p>\n<p data-journey-content=\"true\" data-node-id=\"31\" class=\"css-6wxqfj emevuu60\">Es as\u00ed como el director t\u00e9cnico de Aston Martin ha querido analizar el desarrollo de la nueva unidad de potencia Honda de cara a la normativa de 2026.   <\/p>\n","protected":false},"excerpt":{"rendered":"En los \u00faltimos meses ha habido un tema que est\u00e1 en boca de todos. No es el futuro&hellip;\n","protected":false},"author":2,"featured_media":197422,"comment_status":"","ping_status":"","sticky":false,"template":"","format":"standard","meta":{"footnotes":""},"categories":[93],"tags":[168,253,25,24,23,167],"class_list":{"0":"post-197421","1":"post","2":"type-post","3":"status-publish","4":"format-standard","5":"has-post-thumbnail","7":"category-deportes","8":"tag-deportes","9":"tag-discover","10":"tag-es","11":"tag-espana","12":"tag-spain","13":"tag-sports"},"share_on_mastodon":{"url":"https:\/\/pubeurope.com\/@es\/115426945023143836","error":""},"_links":{"self":[{"href":"https:\/\/www.europesays.com\/es\/wp-json\/wp\/v2\/posts\/197421","targetHints":{"allow":["GET"]}}],"collection":[{"href":"https:\/\/www.europesays.com\/es\/wp-json\/wp\/v2\/posts"}],"about":[{"href":"https:\/\/www.europesays.com\/es\/wp-json\/wp\/v2\/types\/post"}],"author":[{"embeddable":true,"href":"https:\/\/www.europesays.com\/es\/wp-json\/wp\/v2\/users\/2"}],"replies":[{"embeddable":true,"href":"https:\/\/www.europesays.com\/es\/wp-json\/wp\/v2\/comments?post=197421"}],"version-history":[{"count":0,"href":"https:\/\/www.europesays.com\/es\/wp-json\/wp\/v2\/posts\/197421\/revisions"}],"wp:featuredmedia":[{"embeddable":true,"href":"https:\/\/www.europesays.com\/es\/wp-json\/wp\/v2\/media\/197422"}],"wp:attachment":[{"href":"https:\/\/www.europesays.com\/es\/wp-json\/wp\/v2\/media?parent=197421"}],"wp:term":[{"taxonomy":"category","embeddable":true,"href":"https:\/\/www.europesays.com\/es\/wp-json\/wp\/v2\/categories?post=197421"},{"taxonomy":"post_tag","embeddable":true,"href":"https:\/\/www.europesays.com\/es\/wp-json\/wp\/v2\/tags?post=197421"}],"curies":[{"name":"wp","href":"https:\/\/api.w.org\/{rel}","templated":true}]}}