{"id":197423,"date":"2025-10-24T03:10:15","date_gmt":"2025-10-24T03:10:15","guid":{"rendered":"https:\/\/www.europesays.com\/es\/197423\/"},"modified":"2025-10-24T03:10:15","modified_gmt":"2025-10-24T03:10:15","slug":"visita-municipal-a-la-casa-maldita-el-dia-antes-de-su-inauguracion","status":"publish","type":"post","link":"https:\/\/www.europesays.com\/es\/197423\/","title":{"rendered":"Visita municipal a \u201cLa Casa Maldita\u201d el d\u00eda antes de su inauguraci\u00f3n"},"content":{"rendered":"<p>Con unos 18 figurantes, a partir de ma\u00f1ana viernes 24 de octubre, en San Roque abrir\u00e1 sus puertas el pasaje del terror \u201cLa Casa Maldita\u201d.<\/p>\n<p>Los tenientes de alcalde de la zona de San Roque casco, Mar\u00eda Collado, y de Comercio, David Ramos, lo han visitado comprobando que todo est\u00e1 listo para que tanto los sanroque\u00f1os como los campogibraltare\u00f1os amantes del terror puedan sorprenderse entre tumbas, telara\u00f1as, cuadros fantasmag\u00f3ricos, habitaciones abandonadas y personajes escalofriantes,.<\/p>\n<p>As\u00ed, en los bajos del Teatro Juan Luis Galiardo, a partir de las 17 horas, se podr\u00e1 vivir Halloween de una manera diferente, con una ambientaci\u00f3n sorprendente y un montaje cuidado al detalle.<\/p>\n<p>La Delegaci\u00f3n de Comercio del Ayuntamiento de San Roque organiza esta experiencia \u00fanica para los amantes de la adrenalina y el miedo.<\/p>\n<p>El pasaje del terror podr\u00e1 visitarse los d\u00edas 24, 25 y 26 de octubre, as\u00ed como los d\u00edas 29, 30 y 31, coincidiendo la \u00faltima jornada con la Noche de Halloween.<\/p>\n<p>La entrada general tendr\u00e1 un precio de 5 euros, y podr\u00e1n adquirirse a partir de las 12:00 horas en la taquilla del Teatro Juan Luis Galiardo. Se recomienda comprar los pases con antelaci\u00f3n, ya que se prev\u00e9 una gran afluencia de p\u00fablico. El horario de apertura del pasaje del terror ser\u00e1 entre las 17.00 y las 02.30 horas.<\/p>\n","protected":false},"excerpt":{"rendered":"Con unos 18 figurantes, a partir de ma\u00f1ana viernes 24 de octubre, en San Roque abrir\u00e1 sus puertas&hellip;\n","protected":false},"author":2,"featured_media":197424,"comment_status":"","ping_status":"","sticky":false,"template":"","format":"standard","meta":{"footnotes":""},"categories":[91],"tags":[1250,2193,2191,146,147,25,24,2190,2186,2189,2185,2187,23,2192,2188],"class_list":{"0":"post-197423","1":"post","2":"type-post","3":"status-publish","4":"format-standard","5":"has-post-thumbnail","7":"category-entretenimiento","8":"tag-ayuntamiento","9":"tag-cadiz","10":"tag-campamento","11":"tag-entertainment","12":"tag-entretenimiento","13":"tag-es","14":"tag-espana","15":"tag-guadiaro","16":"tag-roque","17":"tag-san-enrique","18":"tag-san-roque","19":"tag-soto-grande","20":"tag-spain","21":"tag-taraguilla","22":"tag-torreguadiaro"},"share_on_mastodon":{"url":"https:\/\/pubeurope.com\/@es\/115426952704238932","error":""},"_links":{"self":[{"href":"https:\/\/www.europesays.com\/es\/wp-json\/wp\/v2\/posts\/197423","targetHints":{"allow":["GET"]}}],"collection":[{"href":"https:\/\/www.europesays.com\/es\/wp-json\/wp\/v2\/posts"}],"about":[{"href":"https:\/\/www.europesays.com\/es\/wp-json\/wp\/v2\/types\/post"}],"author":[{"embeddable":true,"href":"https:\/\/www.europesays.com\/es\/wp-json\/wp\/v2\/users\/2"}],"replies":[{"embeddable":true,"href":"https:\/\/www.europesays.com\/es\/wp-json\/wp\/v2\/comments?post=197423"}],"version-history":[{"count":0,"href":"https:\/\/www.europesays.com\/es\/wp-json\/wp\/v2\/posts\/197423\/revisions"}],"wp:featuredmedia":[{"embeddable":true,"href":"https:\/\/www.europesays.com\/es\/wp-json\/wp\/v2\/media\/197424"}],"wp:attachment":[{"href":"https:\/\/www.europesays.com\/es\/wp-json\/wp\/v2\/media?parent=197423"}],"wp:term":[{"taxonomy":"category","embeddable":true,"href":"https:\/\/www.europesays.com\/es\/wp-json\/wp\/v2\/categories?post=197423"},{"taxonomy":"post_tag","embeddable":true,"href":"https:\/\/www.europesays.com\/es\/wp-json\/wp\/v2\/tags?post=197423"}],"curies":[{"name":"wp","href":"https:\/\/api.w.org\/{rel}","templated":true}]}}