{"id":197457,"date":"2025-10-24T03:34:12","date_gmt":"2025-10-24T03:34:12","guid":{"rendered":"https:\/\/www.europesays.com\/es\/197457\/"},"modified":"2025-10-24T03:34:12","modified_gmt":"2025-10-24T03:34:12","slug":"hice-demolicion-de-las-torres-gemelas","status":"publish","type":"post","link":"https:\/\/www.europesays.com\/es\/197457\/","title":{"rendered":"\u00abHice demolici\u00f3n de las Torres Gemelas\u00bb"},"content":{"rendered":"<p style=\"\">En las \u00faltimas d\u00e9cadas, nuestro pa\u00eds ha visto crecer y triunfar a muchos <a href=\"https:\/\/www.abc.es\/cultura\/luis-zahera-condena-genocidio-gaza-ocurriendo-barbaridad-20250929182729-vi.html\" title=\"www.abc.es\" data-voc-vtm-id=\"in-text-traffic\" data-mrf-link=\"www.abc.es\" rel=\"nofollow noopener\" target=\"_blank\">actores <\/a>y actrices diferentes, que han sabido conquistar al p\u00fablico nacional y, en numerosos casos, a la cr\u00edtica internacional. <\/p>\n<p style=\"\">No solo destacan por<strong> su talento delante de la c\u00e1mara o sobre <\/strong> &#8230; <strong>el escenario<\/strong>, sino tambi\u00e9n por su capacidad de adaptarse a g\u00e9neros muy distintos, desde el drama m\u00e1s intenso hasta la comedia m\u00e1s cercana. <\/p>\n<p class=\"voc-p\" style=\"\">Si pensamos en <strong>algunos de los nombres m\u00e1s reconocidos del cine y la televisi\u00f3n espa\u00f1ola<\/strong> encontramos figuras como Pen\u00e9lope Cruz, Javier Bardem, Antonio Banderas, Carmen Machi, Ana de Armas o Luis Tosar, entre muchos otros. <\/p>\n<p class=\"voc-p\" style=\"\">Todos ellos han representado diferentes generaciones de int\u00e9rpretes que han dejado su huella en la historia del audiovisual espa\u00f1ol. Dentro de este grupo, en los \u00faltimos a\u00f1os de cine nacional ha desatacado tambi\u00e9n el nombre de <strong>Luis Zahera<\/strong>, actor gallego que conquista a muchos por su autenticidad, carisma y versatilidad. <\/p>\n<p class=\"voc-p\" style=\"\">Zahera comenz\u00f3 su carrera en el teatro gallego y pronto dio el salto a la televisi\u00f3n, ganando popularidad gracias a su papel en la serie &#8216;Mareas vivas&#8217;. Desde entonces, ha participado en diferentes proyectos cinematogr\u00e1ficos y televisivos,<strong> destacando especialmente sus papeles en pel\u00edculas como &#8216;Celda 211&#8217;, &#8216;El reino&#8217; o &#8216;As bestas&#8217;<\/strong>, entre muchas otras.<\/p>\n<p class=\"voc-p\" style=\"\">El talento y la trayectoria de Zahera han hecho que se haya llevado varios reconocimientos en este arte, de los m\u00e1s importantes <strong>sus dos premios Goya al mejor actor de reparto por &#8216;El reino&#8217; y &#8216;As bestas&#8217;<\/strong>. Pero antes de conseguir llegar a lo m\u00e1s alto como actor, el gallego experiment\u00f3 una vida laboral muy diferente, aventur\u00e1ndose desde muy joven a trabajar lejos de casa. <\/p>\n<p>\nAs\u00ed fue el trabajo de Luis Zahera en las Torres Gemelas\n<\/p>\n<p class=\"voc-p\" style=\"\">Tal como ha contado en varias ocasiones, Zahera dej\u00f3 atr\u00e1s su Galicia natal para<strong> irse a buscar trabajo a Estados Unidos con apenas 25 a\u00f1os,<\/strong> sin saber ingl\u00e9s ni tener casi experiencia laboral. All\u00ed, desempe\u00f3 empleos como pintor, empleado de guardarropa en un restaurante de lujo o alba\u00f1il. <\/p>\n<p class=\"voc-p\" style=\"\">Sobre este \u00faltimo trabajo, el gallego cuenta una curiosidad que llama la atenci\u00f3n de muchos sobre su paso por Nueva York como joven que se estaba buscando la vida. <strong>\u00abHice demolici\u00f3n en las Torres Gemelas. Trabajaba para una empresa portuguesa. Nos contrataron para la planta 64 de Colgate y nos la cargamos. Estuvimos como un mes\u00bb<\/strong>, contaba en el programa de Telecinco &#8216;Babylon Show&#8217;. Esto ocurri\u00f3 algo m\u00e1s de diez a\u00f1os antes de que se produjese el fat\u00eddico ataque terrorista a las Torres Gemelas. <\/p>\n<p class=\"voc-p\" style=\"\">As\u00ed, Zahera tambi\u00e9n ha relatado que, en la ciudad que nunca duerme, <strong>compart\u00eda piso con otros inmigrantes<\/strong>, sobre todo gallegos y portugueses, y tuvo que enfrentarse a trabajos duros con horarios y turnos muy duros, algo que le hizo forjarse la personalidad que tanto le caracteriza ahora. <\/p>\n","protected":false},"excerpt":{"rendered":"En las \u00faltimas d\u00e9cadas, nuestro pa\u00eds ha visto crecer y triunfar a muchos actores y actrices diferentes, que&hellip;\n","protected":false},"author":2,"featured_media":197458,"comment_status":"","ping_status":"","sticky":false,"template":"","format":"standard","meta":{"footnotes":""},"categories":[91],"tags":[54674,988,20518,146,147,25,24,30215,7820,795,57,23,4655,2752,5867,24238],"class_list":{"0":"post-197457","1":"post","2":"type-post","3":"status-publish","4":"format-standard","5":"has-post-thumbnail","7":"category-entretenimiento","8":"tag-albanil","9":"tag-anos","10":"tag-demolicion","11":"tag-entertainment","12":"tag-entretenimiento","13":"tag-es","14":"tag-espana","15":"tag-gemelas","16":"tag-luis","17":"tag-nueva","18":"tag-sobre","19":"tag-spain","20":"tag-torres","21":"tag-trabajo","22":"tag-york","23":"tag-zahera"},"share_on_mastodon":{"url":"https:\/\/pubeurope.com\/@es\/115427047260635758","error":""},"_links":{"self":[{"href":"https:\/\/www.europesays.com\/es\/wp-json\/wp\/v2\/posts\/197457","targetHints":{"allow":["GET"]}}],"collection":[{"href":"https:\/\/www.europesays.com\/es\/wp-json\/wp\/v2\/posts"}],"about":[{"href":"https:\/\/www.europesays.com\/es\/wp-json\/wp\/v2\/types\/post"}],"author":[{"embeddable":true,"href":"https:\/\/www.europesays.com\/es\/wp-json\/wp\/v2\/users\/2"}],"replies":[{"embeddable":true,"href":"https:\/\/www.europesays.com\/es\/wp-json\/wp\/v2\/comments?post=197457"}],"version-history":[{"count":0,"href":"https:\/\/www.europesays.com\/es\/wp-json\/wp\/v2\/posts\/197457\/revisions"}],"wp:featuredmedia":[{"embeddable":true,"href":"https:\/\/www.europesays.com\/es\/wp-json\/wp\/v2\/media\/197458"}],"wp:attachment":[{"href":"https:\/\/www.europesays.com\/es\/wp-json\/wp\/v2\/media?parent=197457"}],"wp:term":[{"taxonomy":"category","embeddable":true,"href":"https:\/\/www.europesays.com\/es\/wp-json\/wp\/v2\/categories?post=197457"},{"taxonomy":"post_tag","embeddable":true,"href":"https:\/\/www.europesays.com\/es\/wp-json\/wp\/v2\/tags?post=197457"}],"curies":[{"name":"wp","href":"https:\/\/api.w.org\/{rel}","templated":true}]}}