{"id":197469,"date":"2025-10-24T03:42:10","date_gmt":"2025-10-24T03:42:10","guid":{"rendered":"https:\/\/www.europesays.com\/es\/197469\/"},"modified":"2025-10-24T03:42:10","modified_gmt":"2025-10-24T03:42:10","slug":"ufc-321-en-vivo-horario-donde-ver-aspinall-vs-gane-y-cartelera-completa","status":"publish","type":"post","link":"https:\/\/www.europesays.com\/es\/197469\/","title":{"rendered":"UFC 321 en vivo: horario, d\u00f3nde ver Aspinall vs Gane y cartelera completa"},"content":{"rendered":"<p class=\"has-medium-font-size\">Ciryl Gane busca recuperar el cetro de los pesos pesados en el evento que se llevar\u00e1 a cabo en Abu Dhabi<\/p>\n<p><img fetchpriority=\"high\" decoding=\"async\" width=\"1024\" height=\"576\" src=\"https:\/\/www.europesays.com\/es\/wp-content\/uploads\/2025\/07\/tom-aspinall-vs-ciryl-gane-002658-1024x576.jpg\" alt=\"Tom Aspinall vs Ciryl Gane\" class=\"wp-image-1030063\"  \/>Aspinall expone el t\u00edtulo de los pesados ante Ciryl Gane en UFC 321 | @UFCEspanol<\/p>\n<p>La <strong>UFC <\/strong>se prepara para un nuevo <strong><a href=\"https:\/\/www.clarosports.com\/artes-marciales-mixtas\/ufc\/ridder-vs-allen-resumen-y-resultado-de-todas-las-peleas-de-ufc-canada\/\" rel=\"nofollow noopener\" target=\"_blank\">evento de campeonato con UFC 321,<\/a><\/strong> programado para el <strong>s\u00e1bado 25 de octubre desde Abu Dhabi. <\/strong>La pelea estelar enfrentar\u00e1 al brit\u00e1nico <strong><a href=\"https:\/\/www.clarosports.com\/artes-marciales-mixtas\/ufc\/tom-aspinall-expone-el-titulo-de-los-pesados-ante-ciryl-gane-en-ufc-321\/\" target=\"_blank\" rel=\"noreferrer noopener nofollow\">Tom Aspinall, campe\u00f3n indiscutible del peso pesado, contra el franc\u00e9s Ciryl Gane,<\/a><\/strong> quien busca recuperar el t\u00edtulo que ya ostent\u00f3 de manera interina. Esta funci\u00f3n contar\u00e1 tambi\u00e9n con un combate por el campeonato vacante de peso paja entre <strong>Virna Jandiroba y Mackenzie Dern.<\/strong><\/p>\n<p>Horarios, canales de TV y transmisi\u00f3n online de UFC 321 en Abu Dhabi, el 25 de octubre<\/p>\n<p><strong>El evento comenzar\u00e1 con la cartelera preliminar a las 8:00 a.m., hora de la Ciudad de M\u00e9xico, <\/strong>mientras que la <strong>cartelera estelar arrancar\u00e1 a las 12:00 p.m.<\/strong> Para la transmisi\u00f3n en M\u00e9xico, los canales que ofrecen<strong> UFC 321 son Fox Sports y la plataforma de streaming UFC Fight Pass.<\/strong> En Estados Unidos ser\u00e1 10:00 horas del Este y 7:00 horas del Pac\u00edfico, evento que podr\u00e1n seguir por la se\u00f1al de ESPN y Disney Plus. <\/p>\n<blockquote class=\"twitter-tweet\">\n<p lang=\"es\" dir=\"ltr\">\u00a1Este s\u00e1bado 25 de octubre tenemos <a href=\"https:\/\/twitter.com\/hashtag\/UFC321?src=hash&amp;ref_src=twsrc%5Etfw\" rel=\"nofollow noopener\" target=\"_blank\">#UFC321<\/a> y ser\u00e1 una cartelera EXPLOSIVA! \ud83d\udca5<\/p>\n<p>Visita el link en la bio de <a href=\"https:\/\/twitter.com\/betboommex?ref_src=twsrc%5Etfw\" rel=\"nofollow noopener\" target=\"_blank\">@betboommex<\/a> y demuestra tu conocimiento en cada pelea \ud83d\udcb0 <a href=\"https:\/\/t.co\/4P2xczULBt\" rel=\"nofollow\">pic.twitter.com\/4P2xczULBt<\/a><\/p>\n<p>\u2014 UFC Espa\u00f1ol (@UFCEspanol) <a href=\"https:\/\/twitter.com\/UFCEspanol\/status\/1981465735101858227?ref_src=twsrc%5Etfw\" rel=\"nofollow noopener\" target=\"_blank\">October 23, 2025<\/a><\/p><\/blockquote>\n<p>Cartelera completa de UFC 321 y orden de las peleas: preliminares \u2013 estelares<\/p>\n<p>La cartelera estelar de UFC 321 incluye dos combates por t\u00edtulos. El evento est\u00e1 encabezado por la<strong> pelea de campeonato de peso pesado entre Tom Aspinall y Ciryl Gane<\/strong>. Adem\u00e1s, se disputar\u00e1 el <strong>t\u00edtulo vacante de peso paja entre Virna Jandiroba y Mackenzie Dern<\/strong>. Por otro lado, habr\u00e1 presencia latina ya que la cartelera preliminar contar\u00e1 con la participaci\u00f3n del peleador mexicano<strong> Jos\u00e9 Miguel Delgado, que enfrentar\u00e1 a Nathaniel Wood en el peso pluma<\/strong>.<\/p>\n<p><strong>Cartelera principal<\/strong><\/p>\n<ul class=\"wp-block-list\">\n<li>Campeonato de Peso Pesado: Tom Aspinall (c; 15-3) vs. Ciryl Gane (13-2)<\/li>\n<li>Campeonato de Peso Paja: Virna Jandiroba (22-3) vs. Mackenzie Dern (15-5)<\/li>\n<li>Peso Gallo: Umar Nurmagomedov (18-1) vs. Mario Bautista (16-2)<\/li>\n<li>Peso Pesado: Alexander Volkov (38-11) vs. Jailton Almeida (22-3)<\/li>\n<li>Peso Semipesado: Aleksandar Rakic (14-5) vs. Azamat Murzakanov (15-0)<\/li>\n<\/ul>\n<p><strong>Cartelera preliminar<\/strong><\/p>\n<ul class=\"wp-block-list\">\n<li>Peso Ligero: Nasrat Haqparast (18-5) vs. Quillan Salkilld (9-1)<\/li>\n<li>Peso Mediano: Ikram Aliskerov (16-2) vs. JunYong Park (19-6)<\/li>\n<li>Peso Ligero: Ludovit Klein (23-5-1) vs. Mateusz Rbecki (20-3)<\/li>\n<li>Peso Pesado: Valter Walker (14-1) vs. Louie Sutherland (10-3)<\/li>\n<li>Peso Pluma: Nathaniel Wood (21-6) vs. Jose Miguel Delgado (10-1)<\/li>\n<li>Peso Pesado: Hamdy Abdelwahab (6-1) vs. Chris Barnett (23-9)<\/li>\n<li>Peso Mosca masculino: Azat Maksum (15-2) vs. Mitch Raposo (9-3)<\/li>\n<li>Peso Paja: Jaqueline Amorim (10-1) vs. Mizuki (15-6)<\/li>\n<\/ul>\n<p>Tom Aspinall vs Ciryl Gane: \u00bfQui\u00e9n es el favorito y cu\u00e1nto pagan los momios?<\/p>\n<p>Los<a href=\"https:\/\/www.clarosports.com\/artes-marciales-mixtas\/ufc\/tom-aspinall-expone-el-titulo-de-los-pesados-ante-ciryl-gane-en-ufc-321\/\" target=\"_blank\" rel=\"noreferrer noopener nofollow\"> <strong>momios indican que Tom Aspinall <\/strong><\/a>es el favorito para retener el t\u00edtulo de peso pesado<strong>, con una cuota de -400, mientras que Ciryl Gane figura como retador con +275.<\/strong> Aspinall llega al combate <strong>tras noquear a Curtis Blaydes y ascender de campe\u00f3n interino a indiscutible, <\/strong>mientras que <strong>Gane registra dos derrotas previas en peleas por el campeonato absoluto<\/strong>, frente a Jon Jones y Francis Ngannou.<\/p>\n<p>Los analistas consideran que la <strong>experiencia de Aspinall en defensas de t\u00edtulo y su condici\u00f3n f\u00edsica le otorgan ventaja.<\/strong> Sin embargo, la t\u00e9cnica de Gane y su historial como exmonarca interino lo <strong>convierten en un rival que podr\u00eda generar sorpresas en el oct\u00e1gono.<\/strong><\/p>\n<p>\u00bfCu\u00e1nto cuesta el UFC Pass en M\u00e9xico si quiero ver la pelea?<\/p>\n<p>El<strong> UFC Fight Pass permite a los usuarios en M\u00e9xico<\/strong> acceder a la transmisi\u00f3n completa de UFC 321 y otros eventos del a\u00f1o. <strong>La suscripci\u00f3n mensual tiene un costo aproximado de $190 pesos, <\/strong>mientras que el <strong>plan por tres meses cuesta $280 pesos,<\/strong> ofreciendo cobertura ilimitada de peleas, contenido exclusivo y repeticiones de eventos anteriores.<\/p>\n<p>Te puede interesar:<\/p>\n<p>                                    <script async src=\"https:\/\/platform.twitter.com\/widgets.js\" charset=\"utf-8\"><\/script><\/p>\n","protected":false},"excerpt":{"rendered":"Ciryl Gane busca recuperar el cetro de los pesos pesados en el evento que se llevar\u00e1 a cabo&hellip;\n","protected":false},"author":2,"featured_media":742,"comment_status":"","ping_status":"","sticky":false,"template":"","format":"standard","meta":{"footnotes":""},"categories":[276],"tags":[168,25,24,23,167,343],"class_list":{"0":"post-197469","1":"post","2":"type-post","3":"status-publish","4":"format-standard","5":"has-post-thumbnail","7":"category-ufc","8":"tag-deportes","9":"tag-es","10":"tag-espana","11":"tag-spain","12":"tag-sports","13":"tag-ufc"},"share_on_mastodon":{"url":"https:\/\/pubeurope.com\/@es\/115427078498820791","error":""},"_links":{"self":[{"href":"https:\/\/www.europesays.com\/es\/wp-json\/wp\/v2\/posts\/197469","targetHints":{"allow":["GET"]}}],"collection":[{"href":"https:\/\/www.europesays.com\/es\/wp-json\/wp\/v2\/posts"}],"about":[{"href":"https:\/\/www.europesays.com\/es\/wp-json\/wp\/v2\/types\/post"}],"author":[{"embeddable":true,"href":"https:\/\/www.europesays.com\/es\/wp-json\/wp\/v2\/users\/2"}],"replies":[{"embeddable":true,"href":"https:\/\/www.europesays.com\/es\/wp-json\/wp\/v2\/comments?post=197469"}],"version-history":[{"count":0,"href":"https:\/\/www.europesays.com\/es\/wp-json\/wp\/v2\/posts\/197469\/revisions"}],"wp:featuredmedia":[{"embeddable":true,"href":"https:\/\/www.europesays.com\/es\/wp-json\/wp\/v2\/media\/742"}],"wp:attachment":[{"href":"https:\/\/www.europesays.com\/es\/wp-json\/wp\/v2\/media?parent=197469"}],"wp:term":[{"taxonomy":"category","embeddable":true,"href":"https:\/\/www.europesays.com\/es\/wp-json\/wp\/v2\/categories?post=197469"},{"taxonomy":"post_tag","embeddable":true,"href":"https:\/\/www.europesays.com\/es\/wp-json\/wp\/v2\/tags?post=197469"}],"curies":[{"name":"wp","href":"https:\/\/api.w.org\/{rel}","templated":true}]}}