{"id":197472,"date":"2025-10-24T03:46:19","date_gmt":"2025-10-24T03:46:19","guid":{"rendered":"https:\/\/www.europesays.com\/es\/197472\/"},"modified":"2025-10-24T03:46:19","modified_gmt":"2025-10-24T03:46:19","slug":"f1-charles-leclerc-con-bajas-expectativas-para-el-gran-premio-de-mexico","status":"publish","type":"post","link":"https:\/\/www.europesays.com\/es\/197472\/","title":{"rendered":"F1: Charles Leclerc, con bajas expectativas para el Gran Premio de M\u00e9xico"},"content":{"rendered":"<p>Despu\u00e9s del podio que logr\u00f3 en el Gran Premio de Estados Unidos, el piloto de Ferrari, <strong>Charles Leclerc<\/strong>, se mostr\u00f3 cauto al hablar de las expectativas que tiene para este fin de semana en el Aut\u00f3dromo Hermanos Rodr\u00edguez.<\/p>\n<p>El monegasco asegur\u00f3 que despu\u00e9s de la clasificaci\u00f3n en Estados Unidos, \u00abtodos intent\u00e1bamos descubrir qu\u00e9 nos impuls\u00f3 a dar ese gran paso, porque, como mencion\u00e9, despu\u00e9s de la clasificaci\u00f3n, no fue como si hubiera tenido que revolucionar el coche para alcanzar este rendimiento. Todo se bas\u00f3 en peque\u00f1os ajustes y cambios. Adem\u00e1s, sobre la marcha, preparamos los neum\u00e1ticos, que sabemos que este a\u00f1o son extremadamente sensibles. As\u00ed que hemos aprendido mucho de ese fin de semana y espero que podamos traerlo aqu\u00ed\u00bb.<\/p>\n<p>A pesar de eso, Leclerc asegur\u00f3 que le gustar\u00eda \u00abrebajar las expectativas y recordar que eso no significa que vayamos a ver el mismo rendimiento este fin de semana. Hemos aprendido mucho, pero tambi\u00e9n es cierto que las cosas cambian mucho de un fin de semana a otro. Lo que tienes que hacer con estos neum\u00e1ticos, y si te equivocas, puede costar caro. Iremos paso a paso y, al menos aqu\u00ed, a diferencia del fin de semana pasado, tenemos tres sesiones libres para planear y asegurarnos de llegar a la clasificaci\u00f3n en la posici\u00f3n correcta\u00bb.<\/p>\n<p> La altitud, el reto a vencer <\/p>\n<p>Puede que el Aut\u00f3dromo Hermanos Rodr\u00edguez ya no cuente con la famosa curva peraltada, pero de lo que no puede deshacerse es de la altitud de la Ciudad de M\u00e9xico. <strong>Dicha altura representa uno de los principales retos para las escuder\u00edas cada vez que el calendario llega a este punto<\/strong>, seg\u00fan reconoci\u00f3 Charles Leclerc.<\/p>\n<p>\u00abCreo que el mayor reto para Ferrari, y bueno, no solo para Ferrari, es la altitud. Por mucho, es el mayor desaf\u00edo de esta pista: el sobrecalentamiento de los frenos\u00bb.<\/p>\n<p>Leclerc record\u00f3 que tuvieron ese problema en Singapur, y eso es positivo, pues \u00abes bueno tener otra pista tan cerca de donde tuvimos problemas para ver cu\u00e1nto hemos aprendido y ponernos a prueba en condiciones similares. Para los frenos, los motores y muchas cosas, M\u00e9xico es un gran desaf\u00edo. Pero lo espero con ansias. Hemos trabajado mucho despu\u00e9s de Singapur para asegurarnos de no encontrarnos con los mismos problemas este fin de semana, y conf\u00edo en que no ser\u00e1 el caso\u00bb.<\/p>\n<p>\u201cNunca se puede descartar a Max\u201d, asegura Leclerc<\/p>\n<p>Leclerc tambi\u00e9n opin\u00f3 sobre el duelo entre los punteros del campeonato: Oscar Piastri, Charles Leclerc y Max Verstappen.<\/p>\n<p>Respecto a la actuaci\u00f3n que ha tenido el a\u00fan campe\u00f3n, Max Verstappen, que le ha permitido colocarse a 40 puntos de Piastri, dijo que no est\u00e1 sorprendido.<\/p>\n<p>\u201cBueno, nunca me sorprende. Creo que Max siempre est\u00e1 manejando a un nivel muy alto y, teniendo en cuenta que Red Bull es probablemente el equipo que m\u00e1s ha impulsado el desarrollo, creo que McLaren dej\u00f3 de competir hace bastante tiempo, as\u00ed que no es una sorpresa total\u201d.<\/p>\n<p>Sin embargo, reconoci\u00f3 que lo que s\u00ed le sorprender\u00eda ser\u00eda si el neerland\u00e9s \u201clogra ganar el campeonato desde donde est\u00e1. Siempre est\u00e1 al frente de todo y siempre tiene un rendimiento excelente, pero, aun as\u00ed, son 40 puntos de desventaja, y 40 puntos son significativos. As\u00ed que s\u00ed, <strong>si tuviera que apostar un d\u00f3lar, probablemente apostar\u00eda por los pilotos de McLaren<\/strong>\u201d. Aun as\u00ed, dijo, \u201cnunca se puede descartar a Max\u201d.<\/p>\n<p>SV<\/p>\n<p>\n            Temas\n        <\/p>\n","protected":false},"excerpt":{"rendered":"Despu\u00e9s del podio que logr\u00f3 en el Gran Premio de Estados Unidos, el piloto de Ferrari, Charles Leclerc,&hellip;\n","protected":false},"author":2,"featured_media":197473,"comment_status":"","ping_status":"","sticky":false,"template":"","format":"standard","meta":{"footnotes":""},"categories":[270],"tags":[168,25,24,306,271,272,16702,23,167],"class_list":{"0":"post-197472","1":"post","2":"type-post","3":"status-publish","4":"format-standard","5":"has-post-thumbnail","7":"category-formula-1","8":"tag-deportes","9":"tag-es","10":"tag-espana","11":"tag-f1","12":"tag-formula-1","13":"tag-formula1","14":"tag-gran-premio-de-mexico","15":"tag-spain","16":"tag-sports"},"share_on_mastodon":{"url":"https:\/\/pubeurope.com\/@es\/115427094363548999","error":""},"_links":{"self":[{"href":"https:\/\/www.europesays.com\/es\/wp-json\/wp\/v2\/posts\/197472","targetHints":{"allow":["GET"]}}],"collection":[{"href":"https:\/\/www.europesays.com\/es\/wp-json\/wp\/v2\/posts"}],"about":[{"href":"https:\/\/www.europesays.com\/es\/wp-json\/wp\/v2\/types\/post"}],"author":[{"embeddable":true,"href":"https:\/\/www.europesays.com\/es\/wp-json\/wp\/v2\/users\/2"}],"replies":[{"embeddable":true,"href":"https:\/\/www.europesays.com\/es\/wp-json\/wp\/v2\/comments?post=197472"}],"version-history":[{"count":0,"href":"https:\/\/www.europesays.com\/es\/wp-json\/wp\/v2\/posts\/197472\/revisions"}],"wp:featuredmedia":[{"embeddable":true,"href":"https:\/\/www.europesays.com\/es\/wp-json\/wp\/v2\/media\/197473"}],"wp:attachment":[{"href":"https:\/\/www.europesays.com\/es\/wp-json\/wp\/v2\/media?parent=197472"}],"wp:term":[{"taxonomy":"category","embeddable":true,"href":"https:\/\/www.europesays.com\/es\/wp-json\/wp\/v2\/categories?post=197472"},{"taxonomy":"post_tag","embeddable":true,"href":"https:\/\/www.europesays.com\/es\/wp-json\/wp\/v2\/tags?post=197472"}],"curies":[{"name":"wp","href":"https:\/\/api.w.org\/{rel}","templated":true}]}}