{"id":197476,"date":"2025-10-24T03:48:11","date_gmt":"2025-10-24T03:48:11","guid":{"rendered":"https:\/\/www.europesays.com\/es\/197476\/"},"modified":"2025-10-24T03:48:11","modified_gmt":"2025-10-24T03:48:11","slug":"betis-0-0-resumen-goles-resultado-y-reacciones","status":"publish","type":"post","link":"https:\/\/www.europesays.com\/es\/197476\/","title":{"rendered":"Betis (0-0): resumen, goles, resultado y reacciones"},"content":{"rendered":"<p>21:19<\/p>\n<p>Valent\u00edn G\u00f3mez, desde la zona mixta del Cegeka Arena<\/p>\n<p class=\"voc-p\"><strong>Ha faltado el gol<\/strong>: \u00abNo hicimos un mal partido. Si bien nos cost\u00f3 un poco la creaci\u00f3n de juego y encontrar los espacios para lastimar al rival, creo que jugamos un buen partido. Tratamos de imponer nuestro juego, pero no se pudo dar la victoria\u00bb.<\/p>\n<p class=\"voc-p\"><strong>La falta de creatividad en Genk<\/strong>: \u00abEllos tambi\u00e9n eran un rival que se agrupaban bien, armaban dos l\u00edneas de cuatro pegadas al \u00e1rea y eso es dif\u00edcil de romper. A pesar de que ellos tuvieron la m\u00e1s clara, nosotros tambi\u00e9n tuvimos alguna que otra que, con un poco m\u00e1s de fortuna, termina en gol\u00bb.<\/p>\n<p class=\"voc-p\"><strong>En lo personal<\/strong>: \u00abNo s\u00e9 si contento ser\u00eda la palabra porque uno siempre quiere ganar. Somos competitivos, lo llevamos de esa manera. S\u00ed me estoy sintiendo bien, que es lo importante. Cada vez me voy sintiendo mejor. Muy feliz por eso\u00bb.<\/p>\n<p class=\"voc-p\"><strong>Su acumulaci\u00f3n de minutos<\/strong>: \u00abTodos estamos muy capacitados para hacerlo. Le toc\u00f3 descansar a Natan, que ven\u00eda de una seria de partidos importantes, pero a cualquiera que le toque lo va a hacer bien. Creo que eso es una tranquilidad para el equipo\u00bb.<\/p>\n<p class=\"voc-p\"><strong>El lunes, frente al Atl\u00e9tico de Madrid<\/strong>: \u00abUn lindo partido. Creo que va a ser entretenido. Vamos a tratar de ser protagonistas, como lo hacemos siempre. Ellos tambi\u00e9n tienen sus armas de ataque, su manera de jugar, pero vamos a darlo todo para quedarnos con los tres puntos\u00bb.<\/p>\n<p>21:15<\/p>\n<p>Marc Bartra, desde la zona mixta del Cegeka Arena<\/p>\n<p class=\"voc-p\"><strong>Suma minutos tras la lesi\u00f3n<\/strong>: \u00abPersonalmente, contento. Son minutos que vienen fenomenal para seguir estando a un nivel f\u00edsico y de confianza buenos. Encima, con porter\u00eda a cero. L\u00e1stima por no haber metido alg\u00fan gol, que nos hubiera permitido llevarnos los tres puntos, pero a nivel personal estoy contento de volver a estar en el campo, que es lo que me gusta\u00bb.<\/p>\n<p class=\"voc-p\"><strong>Un partido trabado<\/strong>: \u00abS\u00ed, es verdad. El Genk es un equipo que est\u00e1 acostumbrado a tener mucho el bal\u00f3n y la posesi\u00f3n en su liga, a crear. Aun as\u00ed, nosotros creo que hemos estado con bal\u00f3n bastante compactos. Atr\u00e1s, pr\u00e1cticamente, no hemos concedido; apenas una sola. Nos hemos encontrado bien tanto Valent\u00edn como yo. Creo que eso tambi\u00e9n es muy importante. Lo que nos ha faltado un poquito es lo que siempre estamos acostumbrados, un Betis que crea much\u00edsimo y que mete goles\u00bb.<\/p>\n<p class=\"voc-p\"><strong>Su pareja con Valent\u00edn<\/strong>: \u00abMuy bien. Tanto con Natan, como con Diego (Llorente) o con Valent\u00edn siento que me gusta que nos hablemos y nos sintamos seguros. Eso es algo fundamental para crecer juntos y formar una buena seguridad atr\u00e1s, que eso da mucho para que los de delante puedan ser m\u00e1s creativos. Y que el Betis gane, que es lo que queremos\u00bb.<\/p>\n<p>21:09<\/p>\n<p>\u00c1lvaro Valles, desde la zona mixta del Cegeka Arena<\/p>\n<p class=\"voc-p\"><strong>Al menos se punt\u00faa<\/strong>: \u00abEs positivo no perder y mantener la porter\u00eda a cero un partido m\u00e1s en Europa. Al final, todos los partidos son complicados, y m\u00e1s fuera de casa. Creo que el equipo ha competido. La verdad es que nos han faltado ciertas cosas en algunos momentos para conseguir la victoria, pero si no se puede ganar, pues no se pierde\u00bb.<\/p>\n<p class=\"voc-p\"><strong>Buena defensa y porter\u00eda a cero<\/strong>: \u00abNos refuerza mucho, sobre todo a la l\u00ednea defensiva. Estamos muy contentos por ello. Es la segunda consecutiva en Europa. Hay que seguir as\u00ed y mantener el invicto fuera de casa\u00bb.<\/p>\n<p class=\"voc-p\"><strong>Una buena parada en el partido<\/strong>: \u00abEst\u00e1bamos concienciados y ten\u00edamos claro que, dejando la porter\u00eda a cero, \u00edbamos a estar m\u00e1s cerca de conseguir los tres puntos y meter alguna ocasi\u00f3n. No ha podido ser, pues a defender bien y no encajar\u00bb.<\/p>\n<p>21:02<\/p>\n<p>Manuel Pellegrini, desde la sala de prensa del Cegeka Arena<\/p>\n<p class=\"voc-p\"><strong>An\u00e1lisis del partido<\/strong>: \u00abCreo que fuimos dominadores del partido desde el comienzo, con mucho dominio y pr\u00e1cticamente sin llegadas a porter\u00eda. No tuvimos la creatividad necesaria ni superamos a los defensores, as\u00ed que tambi\u00e9n es m\u00e9rito del equipo de ellos, que han rendido bien. Lo intentamos, pero nos falt\u00f3 mucha creatividad para hacer da\u00f1o\u00bb.<\/p>\n<p class=\"voc-p\"><strong>\u00bfC\u00f3mo se explica esa falta de creatividad?<\/strong>: \u00abSe explica porque esto es f\u00fatbol. Hay un equipo enfrente que no nos dej\u00f3 espacios. Hicimos cambios ofensivos, terminamos jugando con dos puntas, pero hay d\u00edas en los que no se encuentran los espacios. Hay una parte en la que nos pudo faltar m\u00e1s movilidad y creatividad. Tambi\u00e9n, como digo, es m\u00e9rito de ellos que se defendieron muy bien. Lo intentamos. Tuvimos un buen ritmo del partido y fuimos controladores de bal\u00f3n, pero no tuvimos creatividad para poder hacer da\u00f1o\u00bb.<\/p>\n<p class=\"voc-p\"><strong>El balance de cinco puntos en tres jornadas de la fase de liga de la Europa League<\/strong>: \u00abNo ten\u00eda un c\u00e1lculo de puntos para las primeras jornadas. Lo importante es sacarlos cuando uno va a jugar afuera, no perderlos. Ganamos afuera y empatamos en casa, as\u00ed que m\u00e1s o menos se compensa. Me hubiera gustado ganar un partido m\u00e1s, pero reci\u00e9n llevamos tres partidos. Quedan cinco para buscar esa clasificaci\u00f3n. Uno muchas veces puede reprocharse muchas cosas cuando no se dio, pero no creo que haya sido por falta de intensidad o ganas. Buscamos, pero no encontramos el espacio necesario para hacerles da\u00f1o. Creo que tambi\u00e9n es m\u00e9rito del equipo de ellos porque se defendi\u00f3 muy bien\u00bb.<\/p>\n<p class=\"voc-p\"><strong>Deossa, titular tras la lesi\u00f3n<\/strong>: \u00abViene reci\u00e9n apareciendo, con poco f\u00fatbol despu\u00e9s de una lesi\u00f3n bastante larga en el tobillo. Adem\u00e1s, andaba con conjuntivitis bastante molesta. Es un jugador que, de a poco, ha ido entregando todo lo que \u00e9l tiene con capacidad f\u00edsica y t\u00e9cnica, que es mucha. Si bien hoy no estuvo creativo, creo que de aqu\u00ed para adelante va a ir mejorando, en la medida en que pueda tener una regularidad en su juego\u00bb.<\/p>\n<p class=\"voc-p\"><strong>El partido de Riquelme<\/strong>: \u00abFue quien nos cre\u00f3 un poco de da\u00f1o en el primer tiempo por s costado. Tuvo un par de remates frontales, algunas llegadas, pero vuelvo a reiterar que el Genk se encerr\u00f3 muy bien atr\u00e1s y nos cost\u00f3 much\u00edsimo encontrar los espacios\u00bb.<\/p>\n<p>20:52<\/p>\n<p>La CR\u00d3NICA del Genk &#8211; Betis<\/p>\n<p class=\"voc-p\"><a href=\"https:\/\/www.abc.es\/deportes\/alfinaldelapalmera\/noticias-betis\/genk-betis-20251023174711-nts.html\" data-voc-vtm-id=\"in-text-traffic\" target=\"_blank\" rel=\"nofollow noopener\"><br \/>\nGenk &#8211; Betis: Desesperado ante el muro belga (0-0)<\/a><\/p>\n<p class=\"voc-p\">El Genk tuvo la mejor ocasi\u00f3n del encuentro, con un bal\u00f3n al palo del surcoreano Hyeon-Gyu Oh; los de Pellegrini, demasiado timoratos en ataque, no crearon apenas opciones de peligro ante la porter\u00eda rival<\/p>\n<p>20:38<\/p>\n<p>FINAL<\/p>\n<p class=\"voc-p\">Genk y Betis empatan a cero en un partido que fue teniendo m\u00e1s ocasiones a medida que se fue rompiendo con el paso de los minutos. Oh tuvo la m\u00e1s clara con un tiro al palo, mientras que a los b\u00e9ticos se le fue escapando el control del choque<\/p>\n<p>20:37<\/p>\n<p>Min. 90+4 (0-0)<\/p>\n<p class=\"voc-p\">Se duele Bartra tras una acci\u00f3n con Erabi en el \u00e1rea b\u00e9tica<\/p>\n<p>20:35<\/p>\n<p>Min. 90+2 (0-0)<\/p>\n<p class=\"voc-p\">\u00daltimo cambio en el Genk; se marcha Heynen y entra Bangoura<\/p>\n<p>20:35<\/p>\n<p>Min. 90+1 (0-0)<\/p>\n<p class=\"voc-p\">Se echa al suelo Heynen, quien se ha hecho da\u00f1o en la acci\u00f3n anterior; entran las asistencias m\u00e9dicas del Genk<\/p>\n<p>20:34<\/p>\n<p>Min. 90 (0-0)<\/p>\n<p class=\"voc-p\">Disparo de Pablo Garc\u00eda desde la frontal que bloquea Kayembe; lo intent\u00f3 seguidamente Cucho Hern\u00e1ndez, pero el remate se march\u00f3 muy desviado<\/p>\n<p>20:33<\/p>\n<p>Min. 90 (0-0)<\/p>\n<p class=\"voc-p\">Se a\u00f1aden tres minutos de tiempo extra<\/p>\n<p>20:32<\/p>\n<p>Min. 88 (0-0)<\/p>\n<p class=\"voc-p\">Sali\u00f3 al corte Sattlberger en la frontal para impedir que Fornals recibiera un pase de Pablo Garc\u00eda<\/p>\n<p>20:31<\/p>\n<p>Min. 87 (0-0)<\/p>\n<p class=\"voc-p\">Falta de Heymans sobre Valent\u00edn G\u00f3mez por juego peligroso<\/p>\n<p>20:31<\/p>\n<p>Min. 87 (0-0)<\/p>\n<p class=\"voc-p\">Centro desde la izquierda de Kayembe que despeja en el \u00e1rea Ricardo Rodr\u00edguez; insiste el conjunto belga en estos \u00faltimos compases de partido<\/p>\n<p>20:29<\/p>\n<p>Min. 85 (0-0)<\/p>\n<p class=\"voc-p\">Se duele Aitor Ruibal tras recibir un balonazo en la cara; entran las asistencias m\u00e9dicas del Betis<\/p>\n<p>20:27<\/p>\n<p>Min. 83 (0-0)<\/p>\n<p class=\"voc-p\">Pablo Garc\u00eda es amonestado con una tarjeta amarilla por una falta sobre Kayembe<\/p>\n<p>20:26<\/p>\n<p>Min. 82 (0-0)<\/p>\n<p class=\"voc-p\">Doble cambio en el Genk; Sor y Erabi sustituyen a Karetsas y Oh<\/p>\n<p>20:26<\/p>\n<p>Min. 82 (0-0)<\/p>\n<p class=\"voc-p\">Bal\u00f3n colgado por Karetsas que se marcha por l\u00ednea de fondo; Oh reclama penalti por un agarr\u00f3n en el \u00e1rea<\/p>\n<p>20:25<\/p>\n<p>Min. 81 (0-0)<\/p>\n<p class=\"voc-p\">Falta de Aitor Ruibal sobre Adedeji-Sternberg; ocasi\u00f3n de peligro a favor del Genk<\/p>\n<p>20:24<\/p>\n<p>Min. 80 (0-0)<\/p>\n<p class=\"voc-p\">Remate de Chimy \u00c1vila, tras un centro de Abde desde la izquierda, que bloquea un defensor del Genk<\/p>\n<p>20:22<\/p>\n<p>Min. 78 (0-0)<\/p>\n<p class=\"voc-p\">\u00a1\u00a1\u00a1Uyyyyyyyyyyyyy!!! Lo intent\u00f3 Pablo Garc\u00eda con un zurdazo desde fuera del \u00e1rea, pero el disparo lo atrapa Van Crombrugge<\/p>\n<p>20:20<\/p>\n<p>Min. 76 (0-0)<\/p>\n<p class=\"voc-p\">\u00daltimos dos cambios en el Betis; se marchan Lo Celso y Bakambu, y entran Chimy \u00c1vila y Cucho Hern\u00e1ndez<\/p>\n<p>20:19<\/p>\n<p>Pablo Garc\u00eda conduce el bal\u00f3n ante la presi\u00f3n de Kayembe<\/p>\n<p class=\"voc-p\">(FOTO: Real Betis)<\/p>\n<p>20:18<\/p>\n<p>Min. 74 (0-0)<\/p>\n<p class=\"voc-p\">Falta de Nkuba sobre Abde<\/p>\n<p>20:18<\/p>\n<p>Min. 74 (0-0)<\/p>\n<p class=\"voc-p\">Recuperaci\u00f3n de Nkuba en la banda ante una acci\u00f3n individual de Abde<\/p>\n<p>20:16<\/p>\n<p>Min. 72 (0-0)<\/p>\n<p class=\"voc-p\">Centro desde la derecha de Karetsas al que no llega Oh y despeja Valent\u00edn G\u00f3mez; Heymans caz\u00f3 el rechace, pero Altimira desvi\u00f3 a c\u00f3rner<\/p>\n<p>20:14<\/p>\n<p>Min. 70 (0-0)<\/p>\n<p class=\"voc-p\">Centro chut de Adedeji-Sternberg que no encuentra rematador en el \u00e1rea b\u00e9tica<\/p>\n<p>20:13<\/p>\n<p>Min. 69 (0-0)<\/p>\n<p class=\"voc-p\">Buen corte de Valent\u00edn G\u00f3mez en el \u00e1rea para evitar que Heymans llegue a un pase en profundidad que le dieron<\/p>\n<p>20:10<\/p>\n<p>Min. 65 (0-0)<\/p>\n<p class=\"voc-p\">Doble cambio en el Genk; Adedeji-Sternberg y Heymans sustituyen a Yaimr Medina y a Hrosovsky<\/p>\n<p>20:09<\/p>\n<p>Min. 64 (0-0)<\/p>\n<p class=\"voc-p\">Entran las asistencias m\u00e9dicas del Genk para atender a Yaimar Medina, quien no puede continuar<\/p>\n<p>20:08<\/p>\n<p>Min. 63 (0-0)<\/p>\n<p class=\"voc-p\">Centro cerrado de Karetsas que se marcha por l\u00ednea de fondo<\/p>\n<p>20:07<\/p>\n<p>Altimira conduce el bal\u00f3n durante este Genk &#8211; Betis<\/p>\n<p class=\"voc-p\">(FOTO: Real Betis)<\/p>\n<p>20:06<\/p>\n<p>Min. 62 (0-0)<\/p>\n<p class=\"voc-p\">Mueve el banquillo Pellegrini; se marchan Deossa y Riquelme, sustituidos por Fornals y Abde<\/p>\n<p>20:06<\/p>\n<p>Min. 61 (0-0)<\/p>\n<p class=\"voc-p\">Falta de Deossa sobre Kayembe<\/p>\n<p>20:04<\/p>\n<p>Min. 60 (0-0)<\/p>\n<p class=\"voc-p\">Se repliega el Genk ante la circulaci\u00f3n alta del Betis, que busca la forma de crear peligro en el \u00e1rea rival<\/p>\n<p>20:00<\/p>\n<p>Min. 56 (0-0)<\/p>\n<p class=\"voc-p\">Falta de Bartra sobre Yaimar Medina en un choque<\/p>\n<p>19:58<\/p>\n<p>Min. 54 (0-0)<\/p>\n<p class=\"voc-p\">Amarilla para Bakambu por frenar a Karetsas desentendi\u00e9ndose del bal\u00f3n<\/p>\n<p>19:55<\/p>\n<p>Min. 51 (0-0)<\/p>\n<p class=\"voc-p\">Mal remate de Bakambu, tras recibir un pase de Riquelme en una contra de Betis que inicia Lo Celso<\/p>\n<p>19:54<\/p>\n<p>Min. 50 (0-0)<\/p>\n<p class=\"voc-p\">Centro de Yaimar Medina desde la izquierda que despeja Ricardo Rodr\u00edguez<\/p>\n<p>19:52<\/p>\n<p>Min. 48 (0-0)<\/p>\n<p class=\"voc-p\">\u00a1Uy! Trallazo de Nkuba desde la frontal que obliga a Valles a desviar el bal\u00f3n despu\u00e9s de que cogiera efecto al rebotar en algunos jugadores<\/p>\n<p>19:51<\/p>\n<p>Min. 47 (0-0)<\/p>\n<p class=\"voc-p\">Falta de Ricardo Rodr\u00edguez sobre Karetsas; ocasi\u00f3n de peligro a favor del Genk<\/p>\n<p>19:49<\/p>\n<p>Min. 46 (0-0)<\/p>\n<p class=\"voc-p\">Pase en profundidad para Bakambu que corta Smets<\/p>\n<p>19:49<\/p>\n<p>Min. 46 (0-0)<\/p>\n<p class=\"voc-p\">Se ha producido un cambio en el Betis durante el descanso; Pablo Garc\u00eda ha sustituido a Antony<\/p>\n<p>19:48<\/p>\n<p>\u00a1\u00a1\u00a1Comienza la segunda parte!!!<\/p>\n<p>19:33<\/p>\n<p>Descanso<\/p>\n<p class=\"voc-p\">Empatan a cero Genk y Betis tras una primera parte con escasas ocasiones, aunque fueron los b\u00e9ticos quienes lograron al menos realizar disparos a porter\u00eda. De menos a m\u00e1s los de Pellegrini en cuanto a posesi\u00f3n frente a un conjunto belga bien plantado en su campo<\/p>\n<p>19:32<\/p>\n<p>Min. 45+1 (0-0)<\/p>\n<p class=\"voc-p\">Falta de Bakambu sobre Mujaid<\/p>\n<p>19:32<\/p>\n<p>Min. 45 (0-0)<\/p>\n<p class=\"voc-p\">Se a\u00f1ade un minuto de tiempo extra<\/p>\n<p>19:31<\/p>\n<p>Min. 44 (0-0)<\/p>\n<p class=\"voc-p\">Despeja la defensa del Betis un centro peligroso de Karetsas desde la izquierda<\/p>\n<p>19:30<\/p>\n<p>Min. 43 (0-0)<\/p>\n<p class=\"voc-p\">Centro de Antony desde la derecha que repele Kayembe<\/p>\n<p>19:30<\/p>\n<p>Min. 43 (0-0)<\/p>\n<p class=\"voc-p\">Recorte y disparo de Antony en la frontal que bloquea Smets<\/p>\n<p>19:28<\/p>\n<p>Min. 41 (0-0)<\/p>\n<p class=\"voc-p\">C\u00f3rner a favor del Betis tras un despeje de Smets<\/p>\n<p>19:28<\/p>\n<p>Valent\u00edn G\u00f3mez conduce el bal\u00f3n durante este Genk &#8211; Betis<\/p>\n<p class=\"voc-p\">(FOTO: Real Betis)<\/p>\n<p>19:27<\/p>\n<p>Min. Min. 40 (0-0)<\/p>\n<p class=\"voc-p\">Fuera de juego de Hrosovsky, quien lleg\u00f3 a plantarse en el \u00e1rea, aunque el disparo se le march\u00f3 fuera<\/p>\n<p>19:25<\/p>\n<p>Min. 38 (0-0)<\/p>\n<p class=\"voc-p\">Prolongaci\u00f3n de Bakambu en el \u00e1rea, tras una falta botada por Lo Celso, que atrapa Van Crombrugge<\/p>\n<p>19:24<\/p>\n<p>Min. 38 (0-0)<\/p>\n<p class=\"voc-p\">Falta de Kayembe sobre Antony; ocasi\u00f3n de peligro a favor del Betis<\/p>\n<p>19:24<\/p>\n<p>Min. 37 (0-0)<\/p>\n<p class=\"voc-p\">Sigue dominando la posesi\u00f3n el Betis, que insiste con la circulaci\u00f3n cerca del \u00e1rea rival<\/p>\n<p>19:22<\/p>\n<p>Min. 35 (0-0)<\/p>\n<p class=\"voc-p\">Gran dejada de Riquelme para Bakambu de tac\u00f3n en el \u00e1rea, aunque Smets se ech\u00f3 al suelo para cortar la jugada<\/p>\n<p>19:20<\/p>\n<p>Min. 33 (0-0)<\/p>\n<p class=\"voc-p\">Disparo de Riquelme desde la frontal que bloquea Mujaid<\/p>\n<p>19:20<\/p>\n<p>Min. 33 (0-0)<\/p>\n<p class=\"voc-p\">Falta de Ricardo Rodr\u00edguez sobre Sattlberger<\/p>\n<p>19:18<\/p>\n<p>Min. 31 (0-0)<\/p>\n<p class=\"voc-p\">Centro raso de Bakambu al \u00e1rea que no encuentra rematador y corta la defensa del Genk<\/p>\n<p>19:16<\/p>\n<p>Min. 29 (0-0)<\/p>\n<p class=\"voc-p\">Entran las asistencias m\u00e9dicas del Genk para atender a Yaimar Medina, quien se ha hecho da\u00f1o en el tobillo<\/p>\n<p>19:15<\/p>\n<p>Min. 28 (0-0)<\/p>\n<p class=\"voc-p\">Centro desde la izquierda de Yaimar Medina hacia el \u00e1rea del Betis; no le dio tiempo a llegar a Oh<\/p>\n<p>19:12<\/p>\n<p>Min. 25 (0-0)<\/p>\n<p class=\"voc-p\">\u00a1\u00a1\u00a1Uyyyyyyyyyyyyy!!! Disparo desde fuera del \u00e1rea de Riquelme que atrapa sin problemas Van Crombrugge; primer tiro a porter\u00eda del Betis<\/p>\n<p>19:10<\/p>\n<p>Min. 23 (0-0)<\/p>\n<p class=\"voc-p\">Antony ve la primera amarilla del partido por una dura entrada sobre Kayembe<\/p>\n<p>19:06<\/p>\n<p>Min. 19 (0-0)<\/p>\n<p class=\"voc-p\">Fuera de juego de Oh<\/p>\n<p>19:05<\/p>\n<p>Min. 18 (0-0)<\/p>\n<p class=\"voc-p\">Falta de Bartra sobre Hrosovsky<\/p>\n<p>19:04<\/p>\n<p>Min. 17 (0-0)<\/p>\n<p class=\"voc-p\">Mueve pl\u00e1cidamente el bal\u00f3n el Betis en campo rival; buscan el hueco los verdiblancos para crear peligro en el \u00e1rea del Genk<\/p>\n<p>19:03<\/p>\n<p>Bakambu busca marcharse en carrera de Mujaid<\/p>\n<p class=\"voc-p\">(FOTO: Real Betis)<\/p>\n<p>19:01<\/p>\n<p>Min. 14 (0-0)<\/p>\n<p class=\"voc-p\">Bal\u00f3n en largo de Valent\u00edn G\u00f3mez para Bakambu que corta Smets en la frontal<\/p>\n<p>18:59<\/p>\n<p>Min. 12 (0-0)<\/p>\n<p class=\"voc-p\">Se iguala la posesi\u00f3n; es ahora el Betis el que trata de llevar la iniciativa, aunque a\u00fan sin ocasiones claras de peligro<\/p>\n<p>18:58<\/p>\n<p>Min. 11 (0-0)<\/p>\n<p class=\"voc-p\">Falta de Heynen sobre Lo Celso<\/p>\n<p>18:54<\/p>\n<p>Min. 07 (0-0)<\/p>\n<p class=\"voc-p\">Buena transici\u00f3n del Genk; a punto estuvo Medina de rematar un bal\u00f3n Yaimar Medina de rematar un bal\u00f3n al segundo palo tras un centro desde la derecha<\/p>\n<p>18:54<\/p>\n<p>Min. 07 (0-0)<\/p>\n<p class=\"voc-p\">Bal\u00f3n largo para Bakambu al que se anticipa Van Crombrugge en el \u00e1rea<\/p>\n<p>18:51<\/p>\n<p>Min. 04 (0-0)<\/p>\n<p class=\"voc-p\">Gran cambio de orientaci\u00f3n de Antony para Riquelme, aunque Nkuba se le ech\u00f3 encima al madrile\u00f1o en el \u00e1rea para robarle el bal\u00f3n<\/p>\n<p>18:50<\/p>\n<p>Min. 04 (0-0)<\/p>\n<p class=\"voc-p\">Muy insistente en ataque en estos primeros minutos el Genk<\/p>\n<p>18:50<\/p>\n<p>Min. 03 (0-0)<\/p>\n<p class=\"voc-p\">Remate de primeras de Kayembe desde la frontal que se marcha muy desviado<\/p>\n<p>18:45<\/p>\n<p>\u00a1\u00a1\u00a1Comienza el partido!!!<\/p>\n<p class=\"voc-p\">El Betis busca ante el Genk una nueva victoria continental que le coloque en la zona alta de la clasificaci\u00f3n de la Europa League<\/p>\n<p>18:42<\/p>\n<p>\u00a1\u00a1\u00a1Saltan los protagonistas al terreno de juego!!!<\/p>\n<p class=\"voc-p\">Llueve en Genk cuando quedan solo unos minutos para que arranque este choque europeo del Betis<\/p>\n<p>18:40<\/p>\n<p>Im\u00e1genes del calentamiento del Betis en el Cegeka Arena<\/p>\n<p>18:38<\/p>\n<p class=\"voc-p\">Ambos equipos se encuentran ya en el t\u00fanel de vestuarios tras el calentamiento previo<\/p>\n<p>18:30<\/p>\n<p>\u00a1\u00a1\u00a1Solo faltan quince minutos para que arranque este Genk &#8211; Betis!!!<\/p>\n","protected":false},"excerpt":{"rendered":"21:19 Valent\u00edn G\u00f3mez, desde la zona mixta del Cegeka Arena Ha faltado el gol: \u00abNo hicimos un mal&hellip;\n","protected":false},"author":2,"featured_media":197477,"comment_status":"","ping_status":"","sticky":false,"template":"","format":"standard","meta":{"footnotes":""},"categories":[268],"tags":[13519,291,168,2125,25,24,700,280,282,53326,5815,1211,14499,1045,11967,281,23,167,6674],"class_list":{"0":"post-197476","1":"post","2":"type-post","3":"status-publish","4":"format-standard","5":"has-post-thumbnail","7":"category-futbol","8":"tag-13519","9":"tag-betis","10":"tag-deportes","11":"tag-directo","12":"tag-es","13":"tag-espana","14":"tag-europa","15":"tag-football","16":"tag-futbol","17":"tag-genk","18":"tag-goles","19":"tag-league","20":"tag-minuto","21":"tag-partido","22":"tag-resumen","23":"tag-soccer","24":"tag-spain","25":"tag-sports","26":"tag-uefa"},"share_on_mastodon":{"url":"https:\/\/pubeurope.com\/@es\/115427102288220784","error":""},"_links":{"self":[{"href":"https:\/\/www.europesays.com\/es\/wp-json\/wp\/v2\/posts\/197476","targetHints":{"allow":["GET"]}}],"collection":[{"href":"https:\/\/www.europesays.com\/es\/wp-json\/wp\/v2\/posts"}],"about":[{"href":"https:\/\/www.europesays.com\/es\/wp-json\/wp\/v2\/types\/post"}],"author":[{"embeddable":true,"href":"https:\/\/www.europesays.com\/es\/wp-json\/wp\/v2\/users\/2"}],"replies":[{"embeddable":true,"href":"https:\/\/www.europesays.com\/es\/wp-json\/wp\/v2\/comments?post=197476"}],"version-history":[{"count":0,"href":"https:\/\/www.europesays.com\/es\/wp-json\/wp\/v2\/posts\/197476\/revisions"}],"wp:featuredmedia":[{"embeddable":true,"href":"https:\/\/www.europesays.com\/es\/wp-json\/wp\/v2\/media\/197477"}],"wp:attachment":[{"href":"https:\/\/www.europesays.com\/es\/wp-json\/wp\/v2\/media?parent=197476"}],"wp:term":[{"taxonomy":"category","embeddable":true,"href":"https:\/\/www.europesays.com\/es\/wp-json\/wp\/v2\/categories?post=197476"},{"taxonomy":"post_tag","embeddable":true,"href":"https:\/\/www.europesays.com\/es\/wp-json\/wp\/v2\/tags?post=197476"}],"curies":[{"name":"wp","href":"https:\/\/api.w.org\/{rel}","templated":true}]}}