{"id":197478,"date":"2025-10-24T03:49:09","date_gmt":"2025-10-24T03:49:09","guid":{"rendered":"https:\/\/www.europesays.com\/es\/197478\/"},"modified":"2025-10-24T03:49:09","modified_gmt":"2025-10-24T03:49:09","slug":"en-turquia-te-ponen-en-talego","status":"publish","type":"post","link":"https:\/\/www.europesays.com\/es\/197478\/","title":{"rendered":"En Turqu\u00eda te ponen en talego"},"content":{"rendered":"<p class=\"article-text\">\n        Este jueves, <strong>Can Yaman <\/strong>visit\u00f3 por primera vez <strong>La Revuelta <\/strong>dejando sin palabras a <strong>David Broncano <\/strong>y su equipo ante el nivel de castellano que mostr\u00f3. Si en un principio el presentador pregunt\u00f3 si deb\u00eda hablarle en ingl\u00e9s, el actor turco le pidi\u00f3 hacer toda la entrevista en espa\u00f1ol como reto. Y lo super\u00f3 con creces.\n    <\/p>\n<p>    <a href=\"https:\/\/www.eldiario.es\/vertele\/noticias\/lalachus-aprovecho-revuelta-mandar-mensaje-pasado-consejo-estampita-bisbal_1_12706846.html\" data-mrf-recirculation=\"saber-mas\" data-dl-event=\"saber-mas\" rel=\"nofollow noopener\" target=\"_blank\"><\/p>\n<p class=\"know-more__title\">Lalachus aprovech\u00f3 &#8216;La Revuelta&#8217; para mandar un mensaje a su &#8216;yo del pasado&#8217; con consejo sobre la \u00abestampita\u00bb y Bisbal<\/p>\n<p>            <img decoding=\"async\" class=\"lazy\" loading=\"lazy\" data-src=\"https:\/\/static.eldiario.es\/clip\/29fdfd43-2ebd-4967-b0b6-343d08f1f61d_16-9-aspect-ratio_default_0.jpg\" src=\"data:image\/svg+xml,%3Csvg xmlns=\" http:=\"\" viewbox=\"0 0 880 495\" alt=\"Lalachus aprovech\u00f3 'La Revuelta' para mandar un mensaje a su 'yo del pasado' con consejo sobre la &quot;estampita&quot; y Bisbal\"\/><\/p>\n<p>                        <\/a><\/p>\n<p class=\"article-text\">\n        El int\u00e9rprete de series como Dolunay o P\u00e1jaro madrugador us\u00f3 expresiones de nuestro idioma del tipo<strong> \u201ces una chapuza\u201d, \u201cme sabe a poco\u201d, \u201cme lo paso por el forro\u201d o \u201cme vine abajo\u201d<\/strong>. Tambi\u00e9n entr\u00f3 a todas las bromas y destil\u00f3 sentido del humor (dif\u00edcil tambi\u00e9n usando otra lengua).\n    <\/p>\n<p class=\"article-text\">\n        De hecho, en un momento de la charla, el programa lanz\u00f3 un r\u00f3tulo con gui\u00f1o a la <a href=\"https:\/\/www.eldiario.es\/vertele\/videos\/actualidad\/juan-val-responde-criticas-ganar-premio-planeta-hombre-esperar-leer-novela_7_12696291.html\" target=\"_blank\" data-mrf-recirculation=\"links-noticia\" class=\"link\" rel=\"nofollow noopener\">pol\u00e9mica del Premio Planeta<\/a> a Juan del Val: \u201c<strong>Creo que con menos dominio del castellano te dan el Planeta\u201d<\/strong>, dec\u00eda.\n    <\/p>\n<p class=\"article-text\">\n        Can Yaman entreg\u00f3 a Broncano hasta una libreta en la que apuntaba las series que hab\u00eda visto para aprender castellano &#8211; Reina roja, La que se avecina, Entrev\u00edas, La noche m\u00e1s larga, Machos alfa, entre otras- as\u00ed como las frases que quer\u00eda aprender. Varias de ellas eran de uso coloquial, e incluso palabrotas.\n    <\/p>\n<p class=\"article-text\">\n        El presentador le pidi\u00f3 que leyera una de esas frases y el actor se sonroj\u00f3: \u201c\u00bfSe puede decir en Espa\u00f1a? En Turqu\u00eda te ponen en talego, eh\u201d. Aunque acab\u00f3 pronunci\u00e1ndola pero a medias:<strong> \u201cMe cago en la madre que te pari\u00f3, hijo de&#8230;<\/strong>\u201d y se fren\u00f3.\n    <\/p>\n<p class=\"article-text\">\n        Finalmente, tambi\u00e9n respondi\u00f3 a las preguntas cl\u00e1sicas, que ya conoc\u00eda. Sobre el dinero, desvel\u00f3 que<strong> su madre gestiona su econom\u00eda<\/strong>: \u201cElla me da la paga y si supero mis gastos empieza a quejarse\u201d. Aunque se\u00f1al\u00f3 que tiene diez casas, una para cada miembro de su familia, y que quiere trabajar en Espa\u00f1a porque ese dinero no se lo controlar\u00e1 ella.\n    <\/p>\n<p>    <a href=\"https:\/\/www.eldiario.es\/vertele\/noticias\/silvia-intxaurrondo-demanda-rtve-condiciones-laborales-economicas-nuevo-contrato_1_12707737.html\" data-mrf-recirculation=\"saber-mas-abajo\" data-dl-event=\"saber-mas-abajo\" rel=\"nofollow noopener\" target=\"_blank\"><\/p>\n<p class=\"know-more__title\">Silvia Intxaurrondo demanda a RTVE por las condiciones laborales y econ\u00f3micas de su nuevo contrato<\/p>\n<p>            <img decoding=\"async\" class=\"lazy\" loading=\"lazy\" data-src=\"https:\/\/static.eldiario.es\/clip\/a7b5c799-6742-4cfa-aae6-6ca6c1caef40_16-9-aspect-ratio_default_0.jpg\" src=\"data:image\/svg+xml,%3Csvg xmlns=\" http:=\"\" viewbox=\"0 0 880 495\" alt=\"Silvia Intxaurrondo demanda a RTVE por las condiciones laborales y econ\u00f3micas de su nuevo contrato\"\/><\/p>\n<p>                        <\/a><\/p>\n<blockquote class=\"twitter-tweet\" data-lang=\"es\"><p><a href=\"https:\/\/twitter.com\/X\/status\/1981462381537706122?ref_src=twsrc%5Etfw\" rel=\"nofollow noopener\" target=\"_blank\"><\/p><\/blockquote>\n<p class=\"article-text\">\n        Mientras que sobre el sexo se\u00f1al\u00f3 que en los momentos de promoci\u00f3n est\u00e1 m\u00e1s alejado de su pareja y baja la media. Pero este mes ha sido bueno, con<strong> \u201cm\u00e1s de 15 puntos\u201d, <\/strong>asegur\u00f3 se\u00f1alando a su chica que le hab\u00eda acompa\u00f1ado al programa.\n    <\/p>\n<p>                                    <script async src=\"https:\/\/platform.twitter.com\/widgets.js\" charset=\"utf-8\"><\/script><\/p>\n","protected":false},"excerpt":{"rendered":"Este jueves, Can Yaman visit\u00f3 por primera vez La Revuelta dejando sin palabras a David Broncano y su&hellip;\n","protected":false},"author":2,"featured_media":197479,"comment_status":"","ping_status":"","sticky":false,"template":"","format":"standard","meta":{"footnotes":""},"categories":[174],"tags":[50405,13289,30536,255,146,147,25,24,1489,256,20580,4165,15611,54676,528,23,54677,8584,54594],"class_list":{"0":"post-197478","1":"post","2":"type-post","3":"status-publish","4":"format-standard","5":"has-post-thumbnail","7":"category-famosos","8":"tag-asombro","9":"tag-broncano","10":"tag-can","11":"tag-celebrities","12":"tag-entertainment","13":"tag-entretenimiento","14":"tag-es","15":"tag-espana","16":"tag-espanol","17":"tag-famosos","18":"tag-frase","19":"tag-pidio","20":"tag-ponen","21":"tag-resistio","22":"tag-revuelta","23":"tag-spain","24":"tag-talego","25":"tag-turquia","26":"tag-yaman"},"share_on_mastodon":{"url":"https:\/\/pubeurope.com\/@es\/115427106013902486","error":""},"_links":{"self":[{"href":"https:\/\/www.europesays.com\/es\/wp-json\/wp\/v2\/posts\/197478","targetHints":{"allow":["GET"]}}],"collection":[{"href":"https:\/\/www.europesays.com\/es\/wp-json\/wp\/v2\/posts"}],"about":[{"href":"https:\/\/www.europesays.com\/es\/wp-json\/wp\/v2\/types\/post"}],"author":[{"embeddable":true,"href":"https:\/\/www.europesays.com\/es\/wp-json\/wp\/v2\/users\/2"}],"replies":[{"embeddable":true,"href":"https:\/\/www.europesays.com\/es\/wp-json\/wp\/v2\/comments?post=197478"}],"version-history":[{"count":0,"href":"https:\/\/www.europesays.com\/es\/wp-json\/wp\/v2\/posts\/197478\/revisions"}],"wp:featuredmedia":[{"embeddable":true,"href":"https:\/\/www.europesays.com\/es\/wp-json\/wp\/v2\/media\/197479"}],"wp:attachment":[{"href":"https:\/\/www.europesays.com\/es\/wp-json\/wp\/v2\/media?parent=197478"}],"wp:term":[{"taxonomy":"category","embeddable":true,"href":"https:\/\/www.europesays.com\/es\/wp-json\/wp\/v2\/categories?post=197478"},{"taxonomy":"post_tag","embeddable":true,"href":"https:\/\/www.europesays.com\/es\/wp-json\/wp\/v2\/tags?post=197478"}],"curies":[{"name":"wp","href":"https:\/\/api.w.org\/{rel}","templated":true}]}}