{"id":197497,"date":"2025-10-24T04:01:08","date_gmt":"2025-10-24T04:01:08","guid":{"rendered":"https:\/\/www.europesays.com\/es\/197497\/"},"modified":"2025-10-24T04:01:08","modified_gmt":"2025-10-24T04:01:08","slug":"elecciones-anticipadas-extremadura-remueve-el-tablero-electoral-expectacion-en-el-pp-por-la-fecha-que-elija-guardiola-espana","status":"publish","type":"post","link":"https:\/\/www.europesays.com\/es\/197497\/","title":{"rendered":"Elecciones anticipadas: Extremadura remueve el tablero electoral: expectaci\u00f3n en el PP por la fecha que elija Guardiola | Espa\u00f1a"},"content":{"rendered":"<p class=\"\">El <a href=\"https:\/\/elpais.com\/espana\/2025-10-23\/guardiola-preparada-para-adelantar-las-elecciones-autonomicas-en-extremadura.html?mrfhud=true\" target=\"_self\" rel=\"nofollow noopener\" title=\"https:\/\/elpais.com\/espana\/2025-10-23\/guardiola-preparada-para-adelantar-las-elecciones-autonomicas-en-extremadura.html?mrfhud=true\">adelanto electoral de Extremadura al que apuntan ya fuentes cercanas al Ejecutivo de Mar\u00eda Guardiola<\/a>, despu\u00e9s de constatar este jueves que no cuenta con los apoyos necesarios para sacar los Presupuestos adelante, ha agitado el tablero de la batalla entre populares y ultras en distintos territorios. <a href=\"https:\/\/elpais.com\/espana\/2025-10-19\/el-avance-de-vox-desafia-el-liderazgo-de-feijoo.html\" target=\"_self\" rel=\"nofollow noopener\" title=\"https:\/\/elpais.com\/espana\/2025-10-19\/el-avance-de-vox-desafia-el-liderazgo-de-feijoo.html\">Porque a la guerra de las dos fuerzas de la derecha<\/a> \u2014intensificada tras el verano con Alberto N\u00fa\u00f1ez Feij\u00f3o lanzado al cuerpo a cuerpo contra Santiago Abascal mientras Vox contin\u00faa in crescendo en las encuestas\u2014 se suma ahora un nuevo ingrediente: las urnas extreme\u00f1as podr\u00edan abrirse antes incluso que en Castilla y Le\u00f3n, donde estaban ya previstas para el 15 de marzo. O en la misma jornada. La expectaci\u00f3n sobre la fecha es m\u00e1xima dentro del Partido Popular porque condicionar\u00e1 el calendario electoral de varias comunidades y el grado de fortaleza con el que Feij\u00f3o asuma luego su propia carrera a los comicios generales.<\/p>\n<p class=\"\">Las enmiendas a la totalidad del proyecto de cuentas p\u00fablicas de Guardiola registradas este jueves por Vox, PSOE y Unidas por Extremadura se votar\u00e1n el pr\u00f3ximo martes en la Asamblea regional. De no lograr la mayor\u00eda suficiente, cada una de las tres decaer\u00eda y los Presupuestos seguir\u00edan su camino parlamentario. El paso siguiente son las enmiendas parciales. Pero el rechazo expreso de los partidos de la oposici\u00f3n formalizado este jueves \u2014en especial por parte de los ultras\u2014 ha abocado a la presidenta extreme\u00f1a a prepararse para anunciar la convocatoria adelantada de comicios la pr\u00f3xima semana, aunque todav\u00eda haya margen para continuar con las negociaciones. Guardiola <a href=\"https:\/\/elpais.com\/espana\/2025-09-29\/guardiola-advierte-que-adelantara-elecciones-en-extremadura-si-no-logra-aprobar-los-presupuestos.html\" target=\"_self\" rel=\"nofollow noopener\" title=\"https:\/\/elpais.com\/espana\/2025-09-29\/guardiola-advierte-que-adelantara-elecciones-en-extremadura-si-no-logra-aprobar-los-presupuestos.html\">se hab\u00eda comprometido hace d\u00edas a apretar el bot\u00f3n electoral<\/a> en caso de no concitar el sost\u00e9n. <\/p>\n<p class=\"\">\u201cA la vista de que la izquierda y Vox coinciden en bloquear los mayores presupuestos de Extremadura, la presidenta cumplir\u00e1 con la hoja de ruta que avanz\u00f3 para evitar que el crecimiento de Extremadura sea frenado\u201d, se\u00f1alan fuentes cercanas al Ejecutivo de Guardiola. \u201cNo somos como Pedro S\u00e1nchez. Hemos cumplido: presentamos los Presupuestos m\u00e1s ambiciosos de la historia. Si la oposici\u00f3n sigue empe\u00f1ada en bloquear las cuentas, ser\u00e1n los extreme\u00f1os quienes decidan su futuro\u201d, afirm\u00f3 la presidenta auton\u00f3mica en la red social X despu\u00e9s del pleno junto a un fragmento de su intervenci\u00f3n.<\/p>\n<p class=\"\">Seg\u00fan la normativa, han de transcurrir al menos 54 d\u00edas naturales y un m\u00e1ximo de 60 desde la convocatoria hasta la cita en las urnas. Con las cuentas sobre la mesa y de tener lugar en domingo, si Guardiola formaliza el anticipo la semana que viene, el d\u00eda escogido podr\u00eda estar alrededor al 21 de diciembre porque m\u00e1s tarde ser\u00eda entrar ya con una campa\u00f1a en Navidad. En el entorno de la dirigente popular se guardan de no desvelar este extremo. Otra posibilidad es que coincidan con los comicios de Castilla y Le\u00f3n.<\/p>\n<p class=\"\">Porque donde est\u00e1 fijado el d\u00eda en el calendario es en la comunidad castellano y leonesa, otro territorio popular que s\u00ed ten\u00eda que convocar comicios preceptivamente en el primer trimestre del a\u00f1o pr\u00f3ximo. El presidente de la comunidad, Alfonso Fern\u00e1ndez Ma\u00f1ueco, llamar\u00e1 a las elecciones el 15 de marzo como muy tarde. En un principio, se habl\u00f3 de la posibilidad de un superdomingo para esa fecha: una jornada en la que agrupar a otras comunidades del PP que adelantasen comicios. Pero esa tesis hab\u00eda perdido fuelle recientemente.<\/p>\n<p class=\"\">As\u00ed, Guardiola tendr\u00eda que tomar la decisi\u00f3n \u2014en el plausible escenario de convocatoria anticipada\u2014 de convocar antes, el mismo d\u00eda o despu\u00e9s de Ma\u00f1ueco. De hacerlo previamente, la presidenta popular evitar\u00eda un efecto de arrastre provocado por el resultado de Castilla y Le\u00f3n. La dirigente extreme\u00f1a, adem\u00e1s, cuenta con un elemento a su favor: el l\u00edder del PSOE de su comunidad, Miguel \u00c1ngel Gallardo,<a href=\"https:\/\/elpais.com\/espana\/2025-06-30\/el-tsj-de-extremadura-tumba-el-aforamiento-de-gallardo-en-la-causa-contra-el-hermano-de-sanchez.html\" target=\"_self\" rel=\"nofollow noopener\" title=\"https:\/\/elpais.com\/espana\/2025-06-30\/el-tsj-de-extremadura-tumba-el-aforamiento-de-gallardo-en-la-causa-contra-el-hermano-de-sanchez.html\"> est\u00e1 imputado en el procedimiento contra el hermano del presidente del Gobierno, Pedro S\u00e1nchez<\/a>. <\/p>\n<p class=\"\">El auge de Vox en los sondeos ten\u00eda ya en tensi\u00f3n a G\u00e9nova, donde en las \u00faltimas semanas <a href=\"https:\/\/elpais.com\/espana\/2025-10-05\/vox-desorienta-al-pp-e-inquieta-al-gobierno.html\" target=\"_self\" rel=\"nofollow noopener\" title=\"https:\/\/elpais.com\/espana\/2025-10-05\/vox-desorienta-al-pp-e-inquieta-al-gobierno.html\">se barajaban los adelantos electorales en Extremadura y Arag\u00f3n<\/a> como una estrategia para intentar frenar el ascenso del partido de Abascal antes de que siga escalando, abriendo el foco de la estrategia con la vista puesta tambi\u00e9n en las generales e inmersos en la incertidumbre de c\u00f3mo combatir a los ultras. En la sede de la direcci\u00f3n del PP bull\u00eda el temor a que Vox lograse un buen resultado en Castilla y Le\u00f3n y forzase mucho la negociaci\u00f3n con Ma\u00f1ueco, condicionando a su vez la coyuntura en Andaluc\u00eda, donde las elecciones tocan en junio.<\/p>\n<p class=\"\">Una incertidumbre a la que tampoco escapa Guardiola, quien para evitar esa coyuntura nociva podr\u00eda anticiparse y abrir el fuego del calendario electoral. O hacerlo coincidir. En cualquier caso, el 15 de marzo ser\u00e1 el d\u00eda en el que como muy tarde PP y Vox se enfrenten directamente en las urnas en un contexto en el que los ultras alcanzan resultados hist\u00f3ricos en los sondeos. Altas fuentes de la formaci\u00f3n de Abascal se ven m\u00e1s fuertes en Extremadura y en Andaluc\u00eda, y menos en Castilla y Le\u00f3n.<\/p>\n<p class=\"\">\u201cLa decisi\u00f3n de mantener o de interrumpir una legislatura le corresponde al presidente de la comunidad aut\u00f3noma\u201d, dijo este jueves Feij\u00f3o desde Bruselas. Desde la capital belga, el l\u00edder del PP confirm\u00f3 que est\u00e1 en contacto con los l\u00edderes territoriales y respald\u00f3 el movimiento que hagan \u201cen el \u00e1mbito de sus responsabilidades, buscando lo mejor para la estabilidad econ\u00f3mica y pol\u00edtica de su comunidad aut\u00f3noma\u201d.<\/p>\n<p class=\"\">En Arag\u00f3n, el presidente auton\u00f3mico, Jorge Azc\u00f3n, no ha lanzado todav\u00eda una advertencia de adelanto electoral pese al portazo de Vox esta semana a iniciar cualquier negociaci\u00f3n sobre los Presupuestos. Y de momento sigue condicionando sus Cuentas a que el Ministerio de Hacienda fije el techo de gasto en un Consejo de Pol\u00edtica Fiscal y Financiera que todav\u00eda no tiene fecha. \u201cQueremos seguir trabajando por Arag\u00f3n, la realidad es que el objetivo del Gobierno de Arag\u00f3n se consigue Una pinza entre Vox y el Partido Socialista ayuda\u201d, reiter\u00f3 este jueves Azc\u00f3n a los medios tras conocerse que Guardiola est\u00e1 lista para adelantar elecciones.<\/p>\n<p class=\"\">Desde Zaragoza, Azc\u00f3n contest\u00f3 a las advertencias de Abascal, que ha amenazado con no ofrecerle sus votos si los vuelve a necesitar para otra eventual investidura. \u201cQue piensen bien qu\u00e9 es lo que opinan sus votantes para Espa\u00f1a y Arag\u00f3n\u201d, sentenci\u00f3 el presidente de Arag\u00f3n.<\/p>\n<p>Mandato de cuatro a\u00f1os<\/p>\n<p class=\"\">Si Guardiola adelanta elecciones, el mandato que se inicie despu\u00e9s durar\u00e1 cuatro a\u00f1os, seg\u00fan explican en el Gobierno extreme\u00f1o. Eso y aunque este jueves en el pleno no se aprob\u00f3 una reforma del Reglamento propuesta por los populares que pretend\u00eda establecer una duraci\u00f3n fija de cuatro a\u00f1os para las legislaturas. El Ejecutivo detalla que el Estatuto de Autonom\u00eda de Extremadura ya contempla en su art\u00edculo 18.4 que, aunque se anticipen elecciones, se reactiva la legislatura de cuatro a\u00f1os.<\/p>\n<p class=\"\">\u201cSin perjuicio de otras causas, los diputados cesan a los cuatro a\u00f1os de su elecci\u00f3n o en la fecha de publicaci\u00f3n oficial del decreto de convocatoria de elecciones, tanto en el caso de disoluci\u00f3n anticipada como en el de agotamiento de la legislatura. No obstante, los miembros de la Diputaci\u00f3n Permanente contin\u00faan en el ejercicio de sus funciones hasta la constituci\u00f3n de la nueva C\u00e1mara\u201d, reza el precepto. <\/p>\n","protected":false},"excerpt":{"rendered":"El adelanto electoral de Extremadura al que apuntan ya fuentes cercanas al Ejecutivo de Mar\u00eda Guardiola, despu\u00e9s de&hellip;\n","protected":false},"author":2,"featured_media":197498,"comment_status":"","ping_status":"","sticky":false,"template":"","format":"standard","meta":{"footnotes":""},"categories":[8],"tags":[6069,4499,17,18,54698,25,24,7234,13,14,11,54697,19,20,22548,54696,9,10,15,16,2959,956,1699,6914,23,12,21,22,624],"class_list":{"0":"post-197497","1":"post","2":"type-post","3":"status-publish","4":"format-standard","5":"has-post-thumbnail","7":"category-espana","8":"tag-alberto-nunez-feijoo","9":"tag-aragon","10":"tag-breaking-news","11":"tag-breakingnews","12":"tag-elecciones-anticipadas","13":"tag-es","14":"tag-espana","15":"tag-extremadura","16":"tag-featured-news","17":"tag-featurednews","18":"tag-headlines","19":"tag-jorge-azcon","20":"tag-latest-news","21":"tag-latestnews","22":"tag-maria-guardiola-martin","23":"tag-miguel-angel-gallardo","24":"tag-news","25":"tag-noticias","26":"tag-noticias-destacadas","27":"tag-noticiasdestacadas","28":"tag-pedro-sanchez","29":"tag-pp","30":"tag-psoe","31":"tag-santiago-abascal","32":"tag-spain","33":"tag-titulares","34":"tag-ultimas-noticias","35":"tag-ultimasnoticias","36":"tag-vox"},"share_on_mastodon":{"url":"","error":"Validation failed: Text character limit of 500 exceeded"},"_links":{"self":[{"href":"https:\/\/www.europesays.com\/es\/wp-json\/wp\/v2\/posts\/197497","targetHints":{"allow":["GET"]}}],"collection":[{"href":"https:\/\/www.europesays.com\/es\/wp-json\/wp\/v2\/posts"}],"about":[{"href":"https:\/\/www.europesays.com\/es\/wp-json\/wp\/v2\/types\/post"}],"author":[{"embeddable":true,"href":"https:\/\/www.europesays.com\/es\/wp-json\/wp\/v2\/users\/2"}],"replies":[{"embeddable":true,"href":"https:\/\/www.europesays.com\/es\/wp-json\/wp\/v2\/comments?post=197497"}],"version-history":[{"count":0,"href":"https:\/\/www.europesays.com\/es\/wp-json\/wp\/v2\/posts\/197497\/revisions"}],"wp:featuredmedia":[{"embeddable":true,"href":"https:\/\/www.europesays.com\/es\/wp-json\/wp\/v2\/media\/197498"}],"wp:attachment":[{"href":"https:\/\/www.europesays.com\/es\/wp-json\/wp\/v2\/media?parent=197497"}],"wp:term":[{"taxonomy":"category","embeddable":true,"href":"https:\/\/www.europesays.com\/es\/wp-json\/wp\/v2\/categories?post=197497"},{"taxonomy":"post_tag","embeddable":true,"href":"https:\/\/www.europesays.com\/es\/wp-json\/wp\/v2\/tags?post=197497"}],"curies":[{"name":"wp","href":"https:\/\/api.w.org\/{rel}","templated":true}]}}