{"id":19750,"date":"2025-08-02T01:52:10","date_gmt":"2025-08-02T01:52:10","guid":{"rendered":"https:\/\/www.europesays.com\/es\/19750\/"},"modified":"2025-08-02T01:52:10","modified_gmt":"2025-08-02T01:52:10","slug":"fue-una-emisora-para-la-inmensa-minoria-que-deja-un-archivo-de-mas-de-30-000-historias","status":"publish","type":"post","link":"https:\/\/www.europesays.com\/es\/19750\/","title":{"rendered":"fue una emisora para la &#8216;inmensa minor\u00eda&#8217; que deja un archivo de m\u00e1s de 30.000 historias"},"content":{"rendered":"<p>Tras 75 a\u00f1os de compartir historias, literatura y cultura, la HJCK, m\u00e1s conocida como la radio cultural de Colombia, <b>comparti\u00f3 con sus escuchas por \u00faltima vez el 30 de julio a la media noche. Ahora, m\u00e1s de 30.000 historias y voces, recolectadas a trav\u00e9s de d\u00e9cadas, estar\u00e1n disponibles en Spotify<\/b>, sin embargo, no habr\u00e1 nada nuevo por contar en\u00a0https:\/\/hjck.com\/, portal en que emit\u00edan su programa desde hace dos d\u00e9cadas.\u00a0<\/p>\n<p>Esta fue una estaci\u00f3n radial privada colombiana, que se transmiti\u00f3 en la frecuencia FM en el 89.9 MHz e<b>n Bogot\u00e1 desde 1977 hasta 2005. <\/b>Desde entonces es una emisora virtual. Su frecuencia 89.9 FM fue arrendada en 2006 a Caracol Radio, y en 2015 fue adquirida por Caracol Televisi\u00f3n, para la emisora de Blu Radio.<\/p>\n<p>A trav\u00e9s de redes sociales, la HJCK se despidi\u00f3 con un poema de la colombiana Piedad Bonet y un sentido mensaje: \u00abDespu\u00e9s de d\u00e9cadas acompa\u00f1ando los d\u00edas \u2014y las noches\u2014 <b>de quienes encontraron en esta emisora un refugio de palabras, ideas y m\u00fasica, cerramos este cap\u00edtulo con gratitud<\/b> y con la certeza de que el esp\u00edritu de la HJCK sigue viva\u00bb.<\/p>\n<p class=\"c-cuerpo__media__txt\">Despedida de la HJCK Foto:Cortes\u00eda<\/p>\n<p>Y aprovecharon la oportunidad para agradecer a la \u00abinmensa minor\u00eda\u00bb, como llamaban a las quienes escuchaban los an\u00e1lisis literarios que hac\u00edan, las lecturas de libros colectivas y algunas investigaciones culturales que realizaban. \u00abGracias a quienes nos escucharon con devoci\u00f3n,<b> a quienes crecieron con nuestras entrevistas, nuestros conciertos, nuestras pausas.<\/b> Gracias por hacer de la HJCK algo m\u00e1s que una emisora: un espacio de pensamiento, una casa com\u00fan de la palabra\u00bb.<\/p>\n<p>Asimismo, agregaron: \u00abLos inicios de las historias siempre son reconocidos, los nuestros en los nombres de <b>Gloria Valencia de Casta\u00f1o, \u00c1lvaro Casta\u00f1o, Gonzalo Rueda Caro, \u00c1lvaro Mutis, Gabriel Garc\u00eda M\u00e1rquez, Mar\u00eda Mercedes Carranza, entre otros<\/b>\u00ab.\u00a0<\/p>\n<p class=\"c-cuerpo__media__txt\">Despedida de la HJCK Foto:Cortes\u00eda<\/p>\n<p>Quienes llegaron hasta el final fueron Luis Guillermo Aza, la voz y memoria de la HJCK, adem\u00e1s de jefe de archivo; Alejandro Rodr\u00edguez Salinas, productor y manos detr\u00e1s de los cientos de podcast producidos; Luis Alfonso Guaneme, locutor; Mar\u00eda Alejandra R\u00edos,\u00a0 periodista, presentadora y conocedora del mundo pop; Laura Alejandra Moreno, periodista, cronista y futbolera y Camila Builes; directora de la marca durante los \u00faltimos seis a\u00f1os.<\/p>\n<p>\u00abSeguiremos aqu\u00ed, en la memoria sonora de Colombia, habitando el silencio con dignidad. Hasta luego, <b>nos vamos felices con la certeza de que todos los finales tambi\u00e9n son puentes y estamos convencidos de que nos encontraremos al otro lado.\u00a0<\/b>HJCK, una emisora para la inmensa minor\u00eda\u00bb, concluyeron.<\/p>\n<p>Su historia<\/p>\n<p>La emisora fue fundada el 15 de septiembre de 1950 con el objetivo de elevar el <b>nivel cultural de la radio en Colombia. Desde sus inicios cont\u00f3 con la participaci\u00f3n de numerosas personas, entre ellas Gloria Valencia de Casta\u00f1o, <\/b>esposa de \u00c1lvaro Casta\u00f1o, su principal impulsor. Su primera se\u00f1al se emiti\u00f3 a trav\u00e9s del desaparecido dial de la Emisora Nueva Granada<b>, y su sede original se ubicaba en la carrera 7.\u00aa entre calles 16 y 17, en el centro de Bogot\u00e1.<\/b><\/p>\n<p>Hasta ese momento, <b>en Colombia no exist\u00eda una emisora privada, sin vinculaci\u00f3n estatal, dedicada de forma sistem\u00e1tica y<\/b> permanente a la difusi\u00f3n de contenidos culturales tanto nacionales como internacionales. Esa misi\u00f3n se mantuvo firme a lo largo de toda su trayectoria.<\/p>\n<p>En sus primeros <b>a\u00f1os transmit\u00eda en la banda AM, en la frecuencia 1160 kHz. En 1977, para evitar interferencias con Radio Cordillera de Todelar y la desaparecida Radio Sutaten<\/b>za, fue trasladada a la frecuencia modulada (FM) 89.9 MHz.<\/p>\n<p>Desde 2005, la emisora transmite \u00fanicamente por internet, luego de que <b>su frecuencia fuera arrendada a Los 40 Principales Bogot\u00e1, emisora de la cadena Caracol Radio.<\/b><\/p>\n<p>En octubre de 2015, tras varias disputas legales por el uso de la frecuencia, se anunci\u00f3 la compra de Radial Bogot\u00e1 S.A., propietaria de HJCK, por parte de Caracol Televisi\u00f3n. Como resultado del acuerdo entre las partes, el Grupo Prisa (due\u00f1o de Caracol Radio) cedi\u00f3 la frecuencia a los nuevos propietarios.<b> El 1 de junio de 2016 comenz\u00f3 a transmitirse Blu Radio en los 89.9 MHz, mientras que Los 40 Principales regres\u00f3 a su antigua frecuencia de 97.4 FM.<\/b><\/p>\n<p>Mar\u00eda Jimena Delgado<\/p>\n<p>Periodista de cultura<\/p>\n<p>@mariajimena_delgadod<\/p>\n","protected":false},"excerpt":{"rendered":"Tras 75 a\u00f1os de compartir historias, literatura y cultura, la HJCK, m\u00e1s conocida como la radio cultural de&hellip;\n","protected":false},"author":2,"featured_media":19751,"comment_status":"","ping_status":"","sticky":false,"template":"","format":"standard","meta":{"footnotes":""},"categories":[170],"tags":[3008,8600,146,147,25,24,12032,1783,184,185,5681,23],"class_list":{"0":"post-19750","1":"post","2":"type-post","3":"status-publish","4":"format-standard","5":"has-post-thumbnail","7":"category-musica","8":"tag-de","9":"tag-dejo","10":"tag-entertainment","11":"tag-entretenimiento","12":"tag-es","13":"tag-espana","14":"tag-hjck","15":"tag-la","16":"tag-music","17":"tag-musica","18":"tag-sonar","19":"tag-spain"},"share_on_mastodon":{"url":"","error":""},"_links":{"self":[{"href":"https:\/\/www.europesays.com\/es\/wp-json\/wp\/v2\/posts\/19750","targetHints":{"allow":["GET"]}}],"collection":[{"href":"https:\/\/www.europesays.com\/es\/wp-json\/wp\/v2\/posts"}],"about":[{"href":"https:\/\/www.europesays.com\/es\/wp-json\/wp\/v2\/types\/post"}],"author":[{"embeddable":true,"href":"https:\/\/www.europesays.com\/es\/wp-json\/wp\/v2\/users\/2"}],"replies":[{"embeddable":true,"href":"https:\/\/www.europesays.com\/es\/wp-json\/wp\/v2\/comments?post=19750"}],"version-history":[{"count":0,"href":"https:\/\/www.europesays.com\/es\/wp-json\/wp\/v2\/posts\/19750\/revisions"}],"wp:featuredmedia":[{"embeddable":true,"href":"https:\/\/www.europesays.com\/es\/wp-json\/wp\/v2\/media\/19751"}],"wp:attachment":[{"href":"https:\/\/www.europesays.com\/es\/wp-json\/wp\/v2\/media?parent=19750"}],"wp:term":[{"taxonomy":"category","embeddable":true,"href":"https:\/\/www.europesays.com\/es\/wp-json\/wp\/v2\/categories?post=19750"},{"taxonomy":"post_tag","embeddable":true,"href":"https:\/\/www.europesays.com\/es\/wp-json\/wp\/v2\/tags?post=19750"}],"curies":[{"name":"wp","href":"https:\/\/api.w.org\/{rel}","templated":true}]}}