{"id":197505,"date":"2025-10-24T04:09:12","date_gmt":"2025-10-24T04:09:12","guid":{"rendered":"https:\/\/www.europesays.com\/es\/197505\/"},"modified":"2025-10-24T04:09:12","modified_gmt":"2025-10-24T04:09:12","slug":"de-le-mans-a-la-formula-2-la-carrera-de-nicolas-varrone-dara-un-nuevo-salto-en-2026","status":"publish","type":"post","link":"https:\/\/www.europesays.com\/es\/197505\/","title":{"rendered":"De Le Mans a la F\u00f3rmula 2: la carrera de Nicol\u00e1s Varrone dar\u00e1 un nuevo salto en 2026"},"content":{"rendered":"<p>La carrera deportiva de <strong>Nicol\u00e1s Varrone<\/strong> contin\u00faa en pleno ascenso. El piloto argentino de <strong>24\u00a0a\u00f1os<\/strong>, formado en el karting y en la escuela de monopostos nacional, ser\u00e1 parte de la <strong>F\u00f3rmula 2 en 2026<\/strong>, donde competir\u00e1 con el equipo <strong>Van Amersfoort Racing (VAR)<\/strong>. La noticia fue confirmada oficialmente por la categor\u00eda y la escuder\u00eda neerlandesa, marcando un nuevo hito en la trayectoria de uno de los talentos argentinos con mayor proyecci\u00f3n internacional.<\/p>\n<p><strong>Un camino construido a base de resultados<\/strong><\/p>\n<p>Producto de la <strong>F\u00f3rmula Renault 2.0 Argentina<\/strong>, Varrone dej\u00f3 el pa\u00eds en <strong>2018 <\/strong>para iniciar su desarrollo en Europa, donde r\u00e1pidamente llam\u00f3 la atenci\u00f3n. Ese mismo a\u00f1o se consagr\u00f3 <strong>campe\u00f3n del V de V Challenge Monoplace<\/strong>, un t\u00edtulo que lo posicion\u00f3 como una de las revelaciones del viejo continente. Su evoluci\u00f3n continu\u00f3 en campeonatos de resistencia, compitiendo en la <strong>European Le Mans Series<\/strong>, el <strong>WEC<\/strong> y el <strong>IMSA SportsCar Championship<\/strong>, donde acumul\u00f3 podios, victorias y prestigio.<\/p>\n<p>El punto m\u00e1s alto de su campa\u00f1a hasta ahora lleg\u00f3 en <strong>2023<\/strong>, cuando <strong>gan\u00f3 las 24 Horas de Le Mans<\/strong> en la clase <strong>LMGTE Am<\/strong>, uno de los trofeos m\u00e1s emblem\u00e1ticos del automovilismo mundial. Ese logro lo coloc\u00f3 en el radar global y reforz\u00f3 su reputaci\u00f3n de piloto veloz, t\u00e9cnico y adaptable.<br \/>&#13;<br \/>\n<img decoding=\"async\" style=\"max-width: 100%; width: 100%;\" alt=\"Nicol\u00e1s Varrone\" src=\"https:\/\/www.europesays.com\/es\/wp-content\/uploads\/2025\/10\/nicolas-varrone-2124682.jpg\" loading=\"lazy\"\/><br \/>&#13;<br \/>\n<strong>Ahora, el desaf\u00edo: la antesala de la F\u00f3rmula 1<\/strong><\/p>\n<p>Tras destacarse en autos de resistencia, Varrone tendr\u00e1 ahora la oportunidad de mostrarse en el campeonato que sirve como <strong>paso directo a la F\u00f3rmula 1<\/strong>. Desde Van Amersfoort Racing, el director <strong>Brad Joyce<\/strong> celebr\u00f3 la incorporaci\u00f3n del argentino y destac\u00f3 sus credenciales deportivas: \u201cSu experiencia y logros, incluyendo su \u00e9xito en Le Mans, hablan por s\u00ed solos. Confiamos en que se adaptar\u00e1 r\u00e1pidamente al entorno de la F2 y aportar\u00e1 un gran valor al equipo.\u201d<\/p>\n<p><strong>El argentino, por su parte, reconoci\u00f3 la magnitud de este salto:<\/strong> \u201cEstoy muy feliz de unirme a Van Amersfoort Racing. No veo la hora de subirme al auto y comenzar a trabajar. Es un paso enorme en mi carrera y estoy agradecido con quienes me apoyaron para llegar hasta ac\u00e1.\u201d<\/p>\n<p>Antes de su debut oficial, el piloto nacional participar\u00e1 de los <strong>tests de postemporada en Abu Dhabi<\/strong>, primera etapa para aclimatarse al auto, a la categor\u00eda y al equipo.<br \/>&#13;<br \/>\n<img decoding=\"async\" style=\"max-width: 100%; width: 100%;\" alt=\"Nicol\u00e1s Varrone\" src=\"https:\/\/www.europesays.com\/es\/wp-content\/uploads\/2025\/10\/nicolas-varrone-1918737.jpg\" loading=\"lazy\"\/><br \/>&#13;<br \/>\n<strong>Calendario 2026 y bandera argentina en la F2<\/strong><\/p>\n<p>La <strong>temporada 2026 de la F\u00f3rmula 2<\/strong> comenzar\u00e1 el <strong>6 de marzo en Melbourne<\/strong> y contar\u00e1 con <strong>14 fechas y 28 carreras<\/strong>, compartiendo escenario con la F\u00f3rmula 1. Con su llegada, <strong>Varrone se suma a la avanzada argentina que busca volver a instalar al pa\u00eds en la elite<\/strong> del automovilismo mundial, camino en el que tambi\u00e9n transita <strong>Franco Colapinto<\/strong>.<\/p>\n<p><strong>Un crecimiento sostenido<\/strong><\/p>\n<p>Con una carrera construida paso a paso, el argentino\u00a0encara su mayor desaf\u00edo deportivo con una meta clara: <strong>acercarse definitivamente a la F\u00f3rmula 1<\/strong>. Su trayectoria, m\u00e1s que la noticia del d\u00eda, es la prueba de un proyecto serio que hoy lo ubica entre los pilotos nacionales con m\u00e1s futuro a nivel global.<\/p>\n<p>Tambi\u00e9n te puede interesar<\/p>\n","protected":false},"excerpt":{"rendered":"La carrera deportiva de Nicol\u00e1s Varrone contin\u00faa en pleno ascenso. El piloto argentino de 24\u00a0a\u00f1os, formado en el&hellip;\n","protected":false},"author":2,"featured_media":197506,"comment_status":"","ping_status":"","sticky":false,"template":"","format":"standard","meta":{"footnotes":""},"categories":[270],"tags":[168,25,24,306,271,272,23,167],"class_list":{"0":"post-197505","1":"post","2":"type-post","3":"status-publish","4":"format-standard","5":"has-post-thumbnail","7":"category-formula-1","8":"tag-deportes","9":"tag-es","10":"tag-espana","11":"tag-f1","12":"tag-formula-1","13":"tag-formula1","14":"tag-spain","15":"tag-sports"},"share_on_mastodon":{"url":"https:\/\/pubeurope.com\/@es\/115427185240973376","error":""},"_links":{"self":[{"href":"https:\/\/www.europesays.com\/es\/wp-json\/wp\/v2\/posts\/197505","targetHints":{"allow":["GET"]}}],"collection":[{"href":"https:\/\/www.europesays.com\/es\/wp-json\/wp\/v2\/posts"}],"about":[{"href":"https:\/\/www.europesays.com\/es\/wp-json\/wp\/v2\/types\/post"}],"author":[{"embeddable":true,"href":"https:\/\/www.europesays.com\/es\/wp-json\/wp\/v2\/users\/2"}],"replies":[{"embeddable":true,"href":"https:\/\/www.europesays.com\/es\/wp-json\/wp\/v2\/comments?post=197505"}],"version-history":[{"count":0,"href":"https:\/\/www.europesays.com\/es\/wp-json\/wp\/v2\/posts\/197505\/revisions"}],"wp:featuredmedia":[{"embeddable":true,"href":"https:\/\/www.europesays.com\/es\/wp-json\/wp\/v2\/media\/197506"}],"wp:attachment":[{"href":"https:\/\/www.europesays.com\/es\/wp-json\/wp\/v2\/media?parent=197505"}],"wp:term":[{"taxonomy":"category","embeddable":true,"href":"https:\/\/www.europesays.com\/es\/wp-json\/wp\/v2\/categories?post=197505"},{"taxonomy":"post_tag","embeddable":true,"href":"https:\/\/www.europesays.com\/es\/wp-json\/wp\/v2\/tags?post=197505"}],"curies":[{"name":"wp","href":"https:\/\/api.w.org\/{rel}","templated":true}]}}