{"id":197513,"date":"2025-10-24T04:14:16","date_gmt":"2025-10-24T04:14:16","guid":{"rendered":"https:\/\/www.europesays.com\/es\/197513\/"},"modified":"2025-10-24T04:14:16","modified_gmt":"2025-10-24T04:14:16","slug":"estos-libros-deberian-ser-adaptados-a-la-pantalla-grande-segun-la-inteligencia-artificial","status":"publish","type":"post","link":"https:\/\/www.europesays.com\/es\/197513\/","title":{"rendered":"Estos libros deber\u00edan ser adaptados a la pantalla grande, seg\u00fan la Inteligencia Artificial"},"content":{"rendered":"\n<p>Las <strong>adaptaciones de libros al cine<\/strong> ganaron gran popularidad durante los \u00faltimos a\u00f1os. A pesar de que existe una gran cantidad de largometrajes de este g\u00e9nero, la <a href=\"https:\/\/www.ambito.com\/tecnologia\/la-inteligencia-artificial-revelo-que-rutinas-tienen-comun-las-personas-exitosas-n6201293\" target=\"_blank\" rel=\"follow nofollow noopener\">Inteligencia Artificial<\/a> <strong>ChatGPT <\/strong>determin\u00f3 que otros <strong>libros <\/strong>deber\u00edan ser <strong>adaptados a la gran pantalla<\/strong> en los pr\u00f3ximos a\u00f1os.<\/p>\n<p>Durante estos meses, se estrenar\u00e1n varias pel\u00edculas adaptadas de sagas famosas. Por ejemplo, ma\u00f1ana llegar\u00e1 a los cines de Argentina <strong>\u201cA Pesar de Ti\u201d<\/strong>, una pel\u00edcula basada en el libro hom\u00f3nimo de la autora <strong>Colleen Hoover<\/strong>.<\/p>\n<p>Adem\u00e1s, a fin de a\u00f1o, se estrenar\u00e1 la adaptaci\u00f3n cinematogr\u00e1fica de <strong>\u201cThe Housemaid\u201d<\/strong>, el thriller psicol\u00f3gico escrito por <strong>Freida McFadden<\/strong> y por otro lado, a principios del a\u00f1o que viene llegar\u00e1 a Netflix <strong>\u201cPeople We Meet on Vacation\u201d<\/strong>, adaptado del libro hom\u00f3nimo de <strong>Emily Henry<\/strong>.<\/p>\n<p>  Los libros que deber\u00edan adaptarse al cine, seg\u00fan la IA  <\/p>\n<p>libros (1).png   <\/p>\n<p>  <img loading=\"lazy\" decoding=\"async\" src=\"https:\/\/www.ambito.com\/css-custom\/239\/lazy.svg\" data-td-src-property=\"https:\/\/media.ambito.com\/p\/693bf4f590558f59f26ff6e890b887d0\/adjuntos\/239\/imagenes\/042\/426\/0042426683\/libros-1png.png\" alt=\"\" title=\"\" width=\"730\" height=\"410\" id=\"8075300-Libre-635926176_embed\"\/>      <\/p>\n<p>Estos son 5 libros que, seg\u00fan ChatGPT, mereces una adaptaci\u00f3n cinematogr\u00e1fica lo antes posible:<\/p>\n<p>  Klara y el sol &#8211; Kazuo Ishiguro (2021) <\/p>\n<p><strong>Klara <\/strong>observa el mundo desde una <strong>tienda <\/strong>mientras espera que alguien la elija como <strong>compa\u00f1era<\/strong>, enfrent\u00e1ndose a preguntas sobre el <strong>amor<\/strong>, la <strong>fe <\/strong>y la <strong>obsolescencia<\/strong>.<\/p>\n<p>La historia de Klara, una <strong>Inteligencia Artificial<\/strong> dise\u00f1ada para acompa\u00f1ar a ni\u00f1os, explora con sensibilidad la <strong>soledad humana<\/strong> y el l\u00edmite entre la m\u00e1quina y la emoci\u00f3n. Una adaptaci\u00f3n podr\u00eda combinar <strong>belleza visual<\/strong> y <strong>reflexi\u00f3n filos\u00f3fica<\/strong>, como lo hicieron <strong>\u201cHer\u201d <\/strong>o <strong>\u201cEx Machina\u201d<\/strong>, pero desde una mirada m\u00e1s \u00edntima y emocional. Su tono melanc\u00f3lico y sus dilemas \u00e9ticos encajar\u00edan perfectamente en el cine contempor\u00e1neo.<\/p>\n<p> Nunca me abandones &#8211; M\u00f3nica Ojeda (2023) <\/p>\n<p>Un grupo de chicas en una escuela cat\u00f3lica vive <strong>experiencias violentas<\/strong> y <strong>rituales extra\u00f1os<\/strong>, donde el <strong>miedo <\/strong>y la <strong>devoci\u00f3n <\/strong>se confunden peligrosamente.<\/p>\n<p>Este libro ecuatoriano combina <strong>horror psicol\u00f3gico<\/strong> y <strong>adolescencia <\/strong>con una voz po\u00e9tica y perturbadora. Su adaptaci\u00f3n ofrecer\u00eda una mirada fresca al <strong>terror latinoamericano<\/strong>, con una est\u00e9tica visual intensa y cr\u00edtica al sistema educativo y religioso. En pantalla, su atm\u00f3sfera claustrof\u00f3bica y los v\u00ednculos entre las protagonistas podr\u00edan ser tan poderosos como los de <strong>\u201cCarrie\u201d <\/strong>o <strong>\u201cThe Babadook\u201d<\/strong>.<\/p>\n<p>Libros.jpg   <\/p>\n<p>  <img decoding=\"async\" src=\"https:\/\/www.europesays.com\/es\/wp-content\/uploads\/2025\/10\/librosjpg.jpg\" alt=\"\" title=\"\" width=\"695\" height=\"460\" id=\"8081308-Libre-1875140784_embed\" crossorigin=\"anonymous\" fetchpriority=\"high\" decode=\"async\"\/>      El infinito en un junco &#8211; Irene Vallejo (2019) <\/p>\n<p>Vallejo recorre la <strong>historia del libro<\/strong> desde las bibliotecas de Alejandr\u00eda hasta nuestros d\u00edas, revelando <strong>c\u00f3mo los libros moldearon la civilizaci\u00f3n<\/strong>.<\/p>\n<p>Aunque es un <strong>ensayo<\/strong>, su estructura narrativa, llena de aventuras hist\u00f3ricas, podr\u00eda adaptarse como una <strong>epopeya visual<\/strong> sobre la historia del libro y la palabra escrita. Una pel\u00edcula de este texto ser\u00eda una <strong>celebraci\u00f3n del conocimiento<\/strong>, uniendo pasado y presente con una mirada humanista. Su mezcla de historia, literatura y emoci\u00f3n tendr\u00eda un enorme atractivo cinematogr\u00e1fico.<\/p>\n<p> El cuento de la criada &#8211; Margaret Atwood (continuaci\u00f3n: Los testamentos, 2019) <\/p>\n<p><strong>Quince a\u00f1os despu\u00e9s<\/strong> de los hechos originales, tres mujeres se enfrentan al r\u00e9gimen teocr\u00e1tico de <strong>Gilead <\/strong>desde dentro y fuera de sus muros.<\/p>\n<p>Aunque <strong>\u201cEl Cuento de la Criada\u201d <\/strong>ya fue adaptado, <strong>\u201cLos Testamentos\u201d<\/strong> a\u00fan no ha tenido su versi\u00f3n cinematogr\u00e1fica. Este libro expande el universo de Gilead desde <strong>tres perspectivas femeninas<\/strong> que entrelazan traici\u00f3n, poder y resistencia. Su tono pol\u00edtico y su mensaje feminista lo convierten en un <strong>material urgente<\/strong> para el cine actual.<\/p>\n<p> Piranesi &#8211; Susanna Clarke (2020) <\/p>\n<p>Piranesi vive en una <strong>casa infinita<\/strong> llena de estatuas y mares interiores. Su \u00fanico compa\u00f1ero es <strong>\u201cEl Otro\u201d<\/strong>, pero a medida que descubre secretos del lugar, su mundo perfecto <strong>empieza a fracturarse<\/strong>.<\/p>\n<p>Una historia de misterio, soledad y <strong>mundos paralelos<\/strong> que podr\u00eda dar lugar a una pel\u00edcula <strong>visualmente deslumbrante<\/strong>. Su tono on\u00edrico y su estructura fragmentada la har\u00edan ideal para un cineasta como <strong>Denis Villeneuve<\/strong> o <strong>Guillermo del Toro<\/strong>. La exploraci\u00f3n de la memoria, el conocimiento y la libertad la vuelven tan profunda como po\u00e9tica.<\/p>\n","protected":false},"excerpt":{"rendered":"Las adaptaciones de libros al cine ganaron gran popularidad durante los \u00faltimos a\u00f1os. A pesar de que existe&hellip;\n","protected":false},"author":2,"featured_media":197514,"comment_status":"","ping_status":"","sticky":false,"template":"","format":"standard","meta":{"footnotes":""},"categories":[172],"tags":[224,146,147,25,24,225,23],"class_list":{"0":"post-197513","1":"post","2":"type-post","3":"status-publish","4":"format-standard","5":"has-post-thumbnail","7":"category-libros","8":"tag-books","9":"tag-entertainment","10":"tag-entretenimiento","11":"tag-es","12":"tag-espana","13":"tag-libros","14":"tag-spain"},"share_on_mastodon":{"url":"https:\/\/pubeurope.com\/@es\/115427204565240212","error":""},"_links":{"self":[{"href":"https:\/\/www.europesays.com\/es\/wp-json\/wp\/v2\/posts\/197513","targetHints":{"allow":["GET"]}}],"collection":[{"href":"https:\/\/www.europesays.com\/es\/wp-json\/wp\/v2\/posts"}],"about":[{"href":"https:\/\/www.europesays.com\/es\/wp-json\/wp\/v2\/types\/post"}],"author":[{"embeddable":true,"href":"https:\/\/www.europesays.com\/es\/wp-json\/wp\/v2\/users\/2"}],"replies":[{"embeddable":true,"href":"https:\/\/www.europesays.com\/es\/wp-json\/wp\/v2\/comments?post=197513"}],"version-history":[{"count":0,"href":"https:\/\/www.europesays.com\/es\/wp-json\/wp\/v2\/posts\/197513\/revisions"}],"wp:featuredmedia":[{"embeddable":true,"href":"https:\/\/www.europesays.com\/es\/wp-json\/wp\/v2\/media\/197514"}],"wp:attachment":[{"href":"https:\/\/www.europesays.com\/es\/wp-json\/wp\/v2\/media?parent=197513"}],"wp:term":[{"taxonomy":"category","embeddable":true,"href":"https:\/\/www.europesays.com\/es\/wp-json\/wp\/v2\/categories?post=197513"},{"taxonomy":"post_tag","embeddable":true,"href":"https:\/\/www.europesays.com\/es\/wp-json\/wp\/v2\/tags?post=197513"}],"curies":[{"name":"wp","href":"https:\/\/api.w.org\/{rel}","templated":true}]}}