{"id":197515,"date":"2025-10-24T04:15:13","date_gmt":"2025-10-24T04:15:13","guid":{"rendered":"https:\/\/www.europesays.com\/es\/197515\/"},"modified":"2025-10-24T04:15:13","modified_gmt":"2025-10-24T04:15:13","slug":"las-series-que-se-estrenan-este-fin-de-semana-3","status":"publish","type":"post","link":"https:\/\/www.europesays.com\/es\/197515\/","title":{"rendered":"Las series que se estrenan este fin de semana"},"content":{"rendered":"<p><a class=\"v-mdl-ath__fig-a\" href=\"https:\/\/www.lasprovincias.es\/autor\/maria-gardo-481.html\" title=\"Mar\u00eda Gard\u00f3\" rel=\"nofollow noopener\" target=\"_blank\"><br \/>\n<img decoding=\"async\" class=\"v-mdl-ath__img\" src=\"https:\/\/www.europesays.com\/es\/wp-content\/uploads\/2025\/07\/autor-481-foto-2.jpeg\" alt=\"Mar\u00eda Gard\u00f3\"\/><br \/>\n<\/a><\/p>\n<p class=\"v-mdl-ath__p v-mdl-ath__p--6\">\nViernes, 24 de octubre 2025, 00:12<\/p>\n<p class=\"v-p\">Dos producciones espa\u00f1olas destacan entre los estrenos que llegan a las plataformas de &#8216;streaming&#8217;. Rober Bodegas y Alberto Casado (&#8216;Pantomima Full&#8217;) llegan con &#8216;Entrepreneurs&#8217;, mientras que Atresplayer lanza la esperada segunda temporada de &#8216;La Ruta&#8217;.<\/p>\n<p class=\"v-p\">Adem\u00e1s, varias adaptaciones literarias completan la oferta de los cat\u00e1logos. &#8216;Peque\u00f1os desastres&#8217; se basa en la novela de Sarah Vaughan y llega a HBO Max. Tambi\u00e9n el universo de &#8216;It&#8217; se expande en una nueva serie y &#8216;Talamasca: La orden secreta, de Anne Rice&#8217; aterriza en AMC+. Todo sin dejar de lado la historia de amor &#8216;Mix tape&#8217;, inspirada en la novela hom\u00f3nima de Jane Sanderson, que se estrena el s\u00e1bado.<\/p>\n<p class=\"v-p\">Estas son las series que se estrenan a lo largo de la semana:<\/p>\n<ol class=\"v-cmp-u-b__u\">\n<li class=\"v-cmp-u-b__l\">\n<p>\nJueves, 23 de octubre<br \/>\nDisney+\n<\/p>\n<p>&#8216;Entrepreneurs&#8217; <\/p>\n<\/li>\n<\/ol>\n<p class=\"v-p\">Rober Bodegas y Alberto Casado, conocidos por sus sketches de &#8216;Pantomima full&#8217;, ampl\u00edan el universo de sus v\u00eddeos para internet con la serie &#8216;Entrepreneurs&#8217;. Ambos se lanzan a la ficci\u00f3n televisiva con esta serie de 10 episodios en los que presentan a un grupo de emprendedores, orgullosos de haber salido de la zona de confort, que aspiran a cambiar el mundo y convertirse en poderosos CEO. Sin embargo, apenas se pueden mantener a s\u00ed mismos. Para conseguirlo, acuden cada d\u00eda a un lugar llamado No Comfort Zone, un &#8216;coworking&#8217; creado por Gonzalo, un millonario ocioso, y Jacobo, autoproclamado gur\u00fa del emprendimietoo, en el que se esforzar\u00e1n por sacar adelante sus proyectos.<\/p>\n<p class=\"v-p\">.<\/p>\n<ol class=\"v-cmp-u-b__u\">\n<li class=\"v-cmp-u-b__l\">\n<p>\nJueves, 23 de octubre<br \/>\nNetflix\n<\/p>\n<p>&#8216;Nadie quiere esto&#8217; <\/p>\n<\/li>\n<\/ol>\n<p class=\"v-p\">Netflix lanza esta semana nuevos episodios de &#8216;Nadie quiere esto&#8217;. La segunda temporada de la historia protagonizada por Joanne y Noah ve la luz este 23 de octubre. Tras el \u00e9xito de la primera, en la nueva entrega la pareja seguir\u00e1 intentando unir sus dos mundos, pero las diferencias siguen presentes y no son f\u00e1ciles de ignorar. <\/p>\n<p class=\"v-p\">Kristen Bell y Adam Brody volver\u00e1n a la serie, al igual que los integrantes recurrentes del reparto.<\/p>\n<ol class=\"v-cmp-u-b__u\">\n<li class=\"v-cmp-u-b__l\">\n<p>\nJueves, 23 de octubre<br \/>\nHBO Max\n<\/p>\n<p>&#8216;Peque\u00f1os desastres&#8217; <\/p>\n<\/li>\n<\/ol>\n<p class=\"v-p\">Esta adaptaci\u00f3n de la novela de Sarah Vaughan, tras el \u00e9xito de &#8216;Anatom\u00eda de un esc\u00e1ndalo&#8217;, llega este jueves a HBO Max. La serie se centra en la amistad de una d\u00e9cada entre Jess, Liz, Mel y Charlotte, cuatro mujeres embarazadas que se conocen en una clase de preparaci\u00f3n al parto y que, aparte de la fecha prevista para dar a luz, no tienen nada en com\u00fan, pero que se han apoyado mutuamente durante todo el proceso de la maternidad. En el centro del misterio se encuentra Jess, una madre ama de casa aparentemente perfecta cuyo mundo comienza a desmoronarse cuando lleva a su hija al hospital con una herida en la cabeza que no se explica.<\/p>\n<p class=\"v-p\">.Diane Kruger, Jo Joyner, Shelley Conn y Emily Taaffe son las protagonistas de este thriller psicol\u00f3gico.<\/p>\n<ol class=\"v-cmp-u-b__u\">\n<li class=\"v-cmp-u-b__l\">\n<p>\nS\u00e1bado, 25 de octubre<br \/>\nHBO Max\n<\/p>\n<p>&#8216;Mix tape&#8217; <\/p>\n<\/li>\n<\/ol>\n<p class=\"v-p\">Otra adaptaci\u00f3n que llega esta semana a los cat\u00e1logos de las plataformas digitales es &#8216;Mix tape&#8217;. Basada en la novela hom\u00f3nima de Jane Sanderson, narra la historia de amor entre Daniel y Alison, que se conocen en Sheffield en 1989. Ambos se enamoran en la adolescencia antes de que la vida los lleve en direcciones diferentes. A\u00f1os despu\u00e9s se reencuentran a trav\u00e9s de recuerdos musicales compartidos, pregunt\u00e1ndose si est\u00e1n destinados a estar juntos. <\/p>\n<p class=\"v-p\">Esta coproducci\u00f3n irlandesa-australiana es un drama rom\u00e1ntico narrado en dos l\u00edneas temporales que nos habla de la fuerza del primer amor, de las segundas oportunidades y del poder de la m\u00fasica para fijar y evocar emociones. Destaca tambi\u00e9n su banda sonora con temas de The Stone Roses, New Order, The Cure, Joy Division, The Church o The Velvet Underground.<\/p>\n<ol class=\"v-cmp-u-b__u\">\n<li class=\"v-cmp-u-b__l\">\n<p>\nDomingo, 26 de octubre<br \/>\nAtresplayer\n<\/p>\n<p>&#8216;La ruta. Vol 2: Ibiza&#8217; (temporada 2)<\/p>\n<\/li>\n<\/ol>\n<p class=\"v-p\">Tras convertirse en una de las series m\u00e1s aplaudidas de 2022, Atresplayer estrena la segunda temporada de &#8216;La Ruta&#8217;. Irene Escolar, Marina Salas y Carla D\u00edaz se incorporan al reparto que seguir\u00e1 estando encabezado por \u00c1lex Monner. <\/p>\n<p class=\"v-p\">En los nuevos episodios, Marc Rib\u00f3 es el DJ residente en Amnesia, una de las grandes discotecas de Ibiza en 1996, cuando la isla est\u00e1 a punto de convertirse en la capital del ocio mundial. Aunque solo 25 a\u00f1os antes, en los primeros setenta, era un oasis de libertad en la Espa\u00f1a franquista. Esa Ibiza es la que conocen los padres de Marc, pocos meses antes de morir en un accidente a\u00e9reo de 1972, con los mismos a\u00f1os que cumplir\u00e1 Marc al llegar a la isla. As\u00ed, la juventud de Marc en Ibiza se convierte en una especie de reflejo de la juventud de sus padres; tan parecida y tan distinta como esa isla que, de alguna manera, les ha vuelto a juntar.<\/p>\n<ol class=\"v-cmp-u-b__u\">\n<li class=\"v-cmp-u-b__l\">\n<p>\nLunes, 27 de octubre<br \/>\nHBO Max\n<\/p>\n<p>&#8216;It: Bienvenidos a Derry&#8217;<\/p>\n<\/li>\n<\/ol>\n<p class=\"v-p\">El universo de &#8216;It&#8217; de Stephen King se adapta a la televisi\u00f3n en esta serie que llega a HBO Max. Basada en la novela original y en la versi\u00f3n del cineasta Andy Muschietti, supone una precuela de las pel\u00edculas. Comienza en la d\u00e9cada de 1960, en la \u00e9poca previa a los acontecimientos del filme de 2017, y cuenta los or\u00edgenes del payaso Pennywise.<\/p>\n<ol class=\"v-cmp-u-b__u\">\n<li class=\"v-cmp-u-b__l\">\n<p>\nLunes, 27 de octubre<br \/>\nAMC+\n<\/p>\n<p>&#8216;Talamasca: La orden secreta, de Anne Rice&#8217;<\/p>\n<\/li>\n<\/ol>\n<p class=\"v-p\">Otra daptaci\u00f3n literaria, en esta caso del universo de la escritora Anne Rice, aterriza esta semana en AMC+. La trama sigue a Guy Anatole, quien, a punto de graduarse de la facultad de derecho, es abordado por un representante de Talamasca, una agencia secreta que vigila y protege a la humanidad del mundo sobrenatural. Cuando Guy descubre que Talamasca lo ha estado siguiendo desde su infancia, se ve arrastrado a un universo de agentes secretos y seres inmortales que, hasta ahora, han mantenido un fr\u00e1gil equilibrio con el mundo mortal.<\/p>\n<ol class=\"v-cmp-u-b__u\">\n<li class=\"v-cmp-u-b__l\">\n<p>\nLunes, 27 de octubre<br \/>\nSkyShowtime\n<\/p>\n<p>&#8216;NCIS: Tony &amp; Ziva&#8217;<\/p>\n<\/li>\n<\/ol>\n<p class=\"v-p\">La serie se retoma tras la supuesta muerte de Ziva, cuando Tony dej\u00f3 el equipo del NCIS para criar a la hija. A\u00f1os despu\u00e9s, Ziva fue descubierta con vida, lo que la llev\u00f3 a completar una \u00faltima misi\u00f3n con NCIS antes de reunirse con Tony y su hija en Par\u00eds. Desde entonces (y desde donde parte NCIS: Tony &amp; Ziva), Tony y Ziva han estado criando juntos a su hija Tali. Cuando la empresa de seguridad de Tony es atacada, deben huir por toda Europa, intentar averiguar qui\u00e9n los persigue y quiz\u00e1s incluso aprender a confiar de nuevo el uno en el otro para que finalmente puedan disfrutar de su felicidad poco convencional para siempre. <\/p>\n<p class=\"v-p\">La serie est\u00e1 protagonizada por Cote de Pablo y Michael Weatherly, junto con Amita Suman, Maximilian Osinski, Julian Ovenden, Nassima Benchicou, Lara Rossi, Isla Gie, Terence Maynard y James D&#8217;Arcy<\/p>\n<ol class=\"v-cmp-u-b__u\">\n<li class=\"v-cmp-u-b__l\">\n<p>\nMi\u00e9rcoles, 29 de octubre<br \/>\nApple TV+\n<\/p>\n<p>&#8216;El misterio de Cemetery Road&#8217;<\/p>\n<\/li>\n<\/ol>\n<p class=\"v-p\">El thriller que adapta la novela hom\u00f3nima del galardonado autor brit\u00e1nico Mick Herron, creador de la saga de libros &#8216;Jackson Lamb&#8217;, se estrena esta semana en Apple TV+. &#8216;El misterio de Cemetery Road&#8217; cuenta, adem\u00e1s, con dos protagonistas que son su mejor carta de presentaci\u00f3n: Emma Thompson y Ruth Wilson.<\/p>\n<p class=\"v-p\">Una explosi\u00f3n en una tranquila calle de Oxford y la desaparici\u00f3n de una ni\u00f1a despiertan obsesiones y secretos. Sarah Tucker, la vecina, no puede dejar de buscarla y recurre a la investigadora privada Zo\u00eb Boehm. Zo\u00eb y Sarah se topan de pronto con una compleja conspiraci\u00f3n que revela que las personas a las que se cre\u00eda muertas desde hace mucho tiempo siguen entre los vivos, mientras que los vivos se unen r\u00e1pidamente a los muertos.<\/p>\n<ol class=\"v-cmp-u-b__u\">\n<li class=\"v-cmp-u-b__l\">\n<p>\nMi\u00e9rcoles, 29 de octubre<br \/>\nDisney+\n<\/p>\n<p>&#8216;Star Wars: Visions&#8217; (temporada 3)<\/p>\n<\/li>\n<\/ol>\n<p class=\"v-p\">Colecci\u00f3n de cortos que cuentan historias de Star Wars con el estilo tradicional del anime japon\u00e9s. Cada corto se puede ver tanto con el reparto original de voces japonesas como con el reparto de voces dobladas al ingl\u00e9s y al espa\u00f1ol.<\/p>\n<ol class=\"v-cmp-u-b__u\">\n<li class=\"v-cmp-u-b__l\">\n<p>\nMi\u00e9rcoles, 29 de octubre<br \/>\nMovistar Plus+\n<\/p>\n<p>&#8216;Doc&#8217; (temporada 2)<\/p>\n<\/li>\n<\/ol>\n<p class=\"v-p\">El drama m\u00e9dico &#8216;Doc&#8217; vuelve con nuevos episodios a Movistar Plus+. Amy, una prestigiosa doctora que ha perdido a su hijo, sufre un accidente de tr\u00e1fico que le provoca una amnesia parcial con el borrado de los \u00faltimos ocho a\u00f1os de su vida. <\/p>\n<p class=\"v-p\">Se trata de una adaptacio\u0301n americana creada por Barbie Kligman de la serie italiana &#8216;DOC &#8211; Nelle tue mani&#8217;, inspirada en una historia real. <\/p>\n<p>Reporta un error<\/p>\n","protected":false},"excerpt":{"rendered":"Viernes, 24 de octubre 2025, 00:12 Dos producciones espa\u00f1olas destacan entre los estrenos que llegan a las plataformas&hellip;\n","protected":false},"author":2,"featured_media":197516,"comment_status":"","ping_status":"","sticky":false,"template":"","format":"standard","meta":{"footnotes":""},"categories":[171],"tags":[146,147,25,24,1582,772,773,805,23,214],"class_list":{"0":"post-197515","1":"post","2":"type-post","3":"status-publish","4":"format-standard","5":"has-post-thumbnail","7":"category-tv","8":"tag-entertainment","9":"tag-entretenimiento","10":"tag-es","11":"tag-espana","12":"tag-estrenan","13":"tag-fin","14":"tag-semana","15":"tag-series","16":"tag-spain","17":"tag-tv"},"share_on_mastodon":{"url":"https:\/\/pubeurope.com\/@es\/115427208441829140","error":""},"_links":{"self":[{"href":"https:\/\/www.europesays.com\/es\/wp-json\/wp\/v2\/posts\/197515","targetHints":{"allow":["GET"]}}],"collection":[{"href":"https:\/\/www.europesays.com\/es\/wp-json\/wp\/v2\/posts"}],"about":[{"href":"https:\/\/www.europesays.com\/es\/wp-json\/wp\/v2\/types\/post"}],"author":[{"embeddable":true,"href":"https:\/\/www.europesays.com\/es\/wp-json\/wp\/v2\/users\/2"}],"replies":[{"embeddable":true,"href":"https:\/\/www.europesays.com\/es\/wp-json\/wp\/v2\/comments?post=197515"}],"version-history":[{"count":0,"href":"https:\/\/www.europesays.com\/es\/wp-json\/wp\/v2\/posts\/197515\/revisions"}],"wp:featuredmedia":[{"embeddable":true,"href":"https:\/\/www.europesays.com\/es\/wp-json\/wp\/v2\/media\/197516"}],"wp:attachment":[{"href":"https:\/\/www.europesays.com\/es\/wp-json\/wp\/v2\/media?parent=197515"}],"wp:term":[{"taxonomy":"category","embeddable":true,"href":"https:\/\/www.europesays.com\/es\/wp-json\/wp\/v2\/categories?post=197515"},{"taxonomy":"post_tag","embeddable":true,"href":"https:\/\/www.europesays.com\/es\/wp-json\/wp\/v2\/tags?post=197515"}],"curies":[{"name":"wp","href":"https:\/\/api.w.org\/{rel}","templated":true}]}}