{"id":197519,"date":"2025-10-24T04:17:21","date_gmt":"2025-10-24T04:17:21","guid":{"rendered":"https:\/\/www.europesays.com\/es\/197519\/"},"modified":"2025-10-24T04:17:21","modified_gmt":"2025-10-24T04:17:21","slug":"la-filmoteca-de-navarra-rescata-la-memoria-del-guionista-tudelano-antonio-abad-ojuel","status":"publish","type":"post","link":"https:\/\/www.europesays.com\/es\/197519\/","title":{"rendered":"La Filmoteca de Navarra rescata la memoria del guionista tudelano Antonio Abad Ojuel"},"content":{"rendered":"<p>\n        <strong>Antonio Abad Ojuel <\/strong>fue uno de los guionistas m\u00e1s relevantes del cine espa\u00f1ol del primer franquismo, firmando pel\u00edculas como <strong>El fantasma y do\u00f1a Juanita<\/strong> (1944), <strong>La pr\u00f3diga<\/strong> (1945) o <strong>Don Quijote de la Mancha<\/strong> (1947), las tres con<strong> Rafael Gil<\/strong>. Sin embargo, casi nadie le recuerda, por el tiempo transcurrido y porque<strong> \u201cla figura del guionista siempre queda tapada\u201d<\/strong>, dice <a href=\"https:\/\/www.noticiasdenavarra.com\/cultura\/2021\/05\/04\/jose-german-huici-guionista-sombra-2144117.html\" title=\"Miguel Zozaya\" target=\"_blank\" class=\"link copy\" rel=\"nofollow noopener\">Miguel Zozaya<\/a>, autor del libro que ha rescatado la memoria de este periodista, cr\u00edtico y cineasta nacido en Tudela en 1910 y fallecido en Madrid en 1989.\n<\/p>\n<p class=\"article-body__text \">\n        Con este volumen, la <strong>colecci\u00f3n Libros de Cine <\/strong>que promueve la <a href=\"https:\/\/www.noticiasdenavarra.com\/tags\/filmoteca-de-navarra\/\" title=\"Filmoteca de Navarra\" target=\"_blank\" class=\"link copy\" rel=\"nofollow noopener\">Filmoteca de Navarra <\/a>suma su primera decena. Y, como suele ser habitual, la presentaci\u00f3n va acompa\u00f1ada por la proyecci\u00f3n, este <strong>jueves, 23 de octubre, a las 19.30 horas,<\/strong> de uno de los t\u00edtulos en los que trabajo el protagonista. Se trata de <strong>Mare Nostrum<\/strong>, cinta de 1948 protagonizada por <strong>Mar\u00eda F\u00e9lix<\/strong> que tambi\u00e9n dirigi\u00f3 Rafael Gil. A la sesi\u00f3n <strong>acudir\u00e1 su hijo<\/strong>, <strong>Carlos Abad Rico<\/strong>, director general de Sogecable en los a\u00f1os 90, en representaci\u00f3n de la familia, a la que, como comenta Zozaya, <strong>le ha hecho \u201cmucha ilusi\u00f3n\u201d que \u201cse prestara atenci\u00f3n a la figura de su padre\u201d,<\/strong> pr\u00e1cticamente olvidada. \u201cSin su colaboraci\u00f3n, el libro habr\u00eda quedado cojo\u201d, y gracias a ella, el autor ha podido acceder a <strong>guiones in\u00e9ditos, fotograf\u00edas <\/strong>e incluso a<strong> correspondencia<\/strong> como la que mantuvieron Abad y el emblem\u00e1tico director <strong>Robert Bresson,<\/strong> con el que trabaj\u00f3 en una propuesta sobre la<strong> vida de Ignacio de Loyola<\/strong> que finalmente se frustr\u00f3.\n<\/p>\n<p class=\"article-photo__footer\">\n            Antonio Abad Ojuel.            Cedida        <\/p>\n<p>  Unido a Tudela<\/p>\n<p class=\"article-body__text \">\n        Antonio Abad Ojuel<strong> naci\u00f3 en Tudela<\/strong> porque esta fue la ciudad a la que trasladaron a su padre, qu\u00edmico de profesi\u00f3n. Y, a pesar de que pas\u00f3 poco tiempo en la capital ribera, <strong>\u201cse sent\u00eda muy unido a ella y siempre la mencionaba\u201d<\/strong>.\n<\/p>\n<p class=\"article-body__text \">\n        Curiosamente, lo mismo ha sucedido con otras\/os profesionales que engrosan esta colecci\u00f3n bibliogr\u00e1fica con la que <strong>\u201cqueremos reivindicar el trabajo de personas que quiz\u00e1 no fueron famosas y no vivieron mucho tiempo aqu\u00ed, pero fueron navarros\/as\u201d,<\/strong> apunta <strong>Alberto Ca\u00f1ada<\/strong>, promotor de esta serie de libros, que <strong>se jubilar\u00e1 de su puesto al frente de la Filmoteca <\/strong>a comienzos del a\u00f1o que viene, sin que aun se conozca a su sustituta o sustituto. <strong>\u201cA la persona que venga le dejar\u00e9 una lista de biograf\u00edas posibles\u201d<\/strong>, comparte, y apunta que los dos siguientes vol\u00famenes versar\u00e1n en torno a la productora <a href=\"https:\/\/www.noticiasdenavarra.com\/tags\/x-films\/\" title=\"X Films,\" target=\"_blank\" class=\"link copy\" rel=\"nofollow noopener\">X Films,<\/a> de la mano de <strong>Koldo Lasa<\/strong>, y sobre los cineastas amateurs Alfonso Verdoy y Jes\u00fas Mar\u00eda Bazt\u00e1n, naturales de Tudela, en el que trabaja<strong> Julio Mazarico.<\/strong>\n<\/p>\n<p class=\"article-photo__footer\">\n            Mar\u00eda F\u00e9lix y Fernando Rey protagonizaron &#8216;Mare Nostrum&#8217;.            Cedida        <\/p>\n<p>  El falangista y la censura <\/p>\n<p class=\"article-body__text \">\n        \u201cPuede que ahora sea desconocido, pero, en su momento, Antonio Abad Ojuel <strong>fue uno de los guionistas m\u00e1s importantes del cine espa\u00f1ol\u201d<\/strong>, afirma Miguel Zozaya. <strong>Abogado de formaci\u00f3n, periodista de profesi\u00f3n y guionista por vocaci\u00f3n,<\/strong> Antonio Abad <strong>combati\u00f3 con los golpistas en la <\/strong><a href=\"https:\/\/www.noticiasdenavarra.com\/tags\/guerra-civil\/\" title=\"Guerra Civil\" target=\"_blank\" class=\"link copy\" rel=\"nofollow noopener\">Guerra Civil<\/a>. Tras ser herido, fue enviado a <strong>San Sebasti\u00e1n<\/strong> a dirigir el peri\u00f3dico Unidad y fue nombrado <strong>delegado de prensa y propaganda de Falange<\/strong> en Gipuzkoa, cargos que abandon\u00f3 en 1943 para ser <strong>secretario general del Sindicato Nacional del Espect\u00e1culo hasta 1947<\/strong>, lo que supuso su vuelta a Madrid, donde compagin\u00f3 sus cargos con su faceta de guionista. \u201cSu hijo nos coment\u00f3 que <strong>el cine seguramente le sirvi\u00f3 de refugio<\/strong> ante el <strong>desencanto<\/strong> que sinti\u00f3 por la estructura montada por Franco\u201d, indica Zozaya, que destaca los problemas que <strong>varios de sus guiones tuvieron con la censura de la \u00e9poca<\/strong>.\u00a0\n<\/p>\n<p class=\"article-photo__footer\">\n            Abad, segundo por la izquierda, junto a Rafael Gil, a su derecha, la actriz Mary Delgado y el actor David Jato, en el rodaje de &#8216;El fantasma y do\u00f1a Juanita&#8217; (1944).            Cedida        <\/p>\n<p class=\"article-body__text \">\n        \u201cComo guionista, <strong>le gustaban el follet\u00edn y el drama desbocado<\/strong>, con <strong>historias familiares truculentas,<\/strong> de ah\u00ed sus encontronazos con los censores\u201d, a\u00f1ade el autor. Tambi\u00e9n le dio problemas su<strong> inter\u00e9s por lo b\u00e9lico,<\/strong> que plasm\u00f3 en <strong>Paz<\/strong> y en <strong>Mare Nostrum<\/strong>, que se ver\u00e1 la tarde de este jueves en la Filmoteca de Navarra. Y por la tauromaquia, aunque <strong>por lo que sent\u00eda \u201cpredilecci\u00f3n\u201d es por las adaptaciones literarias.\u00a0<\/strong><\/p>\n","protected":false},"excerpt":{"rendered":"Antonio Abad Ojuel fue uno de los guionistas m\u00e1s relevantes del cine espa\u00f1ol del primer franquismo, firmando pel\u00edculas&hellip;\n","protected":false},"author":2,"featured_media":197520,"comment_status":"","ping_status":"","sticky":false,"template":"","format":"standard","meta":{"footnotes":""},"categories":[169],"tags":[177,146,147,25,24,176,54700,28267,911,175,708,6964,23],"class_list":{"0":"post-197519","1":"post","2":"type-post","3":"status-publish","4":"format-standard","5":"has-post-thumbnail","7":"category-cine","8":"tag-cine","9":"tag-entertainment","10":"tag-entretenimiento","11":"tag-es","12":"tag-espana","13":"tag-film","14":"tag-filmoteca","15":"tag-guionista","16":"tag-memoria","17":"tag-movies","18":"tag-navarra","19":"tag-rescata","20":"tag-spain"},"share_on_mastodon":{"url":"https:\/\/pubeurope.com\/@es\/115427216586824790","error":""},"_links":{"self":[{"href":"https:\/\/www.europesays.com\/es\/wp-json\/wp\/v2\/posts\/197519","targetHints":{"allow":["GET"]}}],"collection":[{"href":"https:\/\/www.europesays.com\/es\/wp-json\/wp\/v2\/posts"}],"about":[{"href":"https:\/\/www.europesays.com\/es\/wp-json\/wp\/v2\/types\/post"}],"author":[{"embeddable":true,"href":"https:\/\/www.europesays.com\/es\/wp-json\/wp\/v2\/users\/2"}],"replies":[{"embeddable":true,"href":"https:\/\/www.europesays.com\/es\/wp-json\/wp\/v2\/comments?post=197519"}],"version-history":[{"count":0,"href":"https:\/\/www.europesays.com\/es\/wp-json\/wp\/v2\/posts\/197519\/revisions"}],"wp:featuredmedia":[{"embeddable":true,"href":"https:\/\/www.europesays.com\/es\/wp-json\/wp\/v2\/media\/197520"}],"wp:attachment":[{"href":"https:\/\/www.europesays.com\/es\/wp-json\/wp\/v2\/media?parent=197519"}],"wp:term":[{"taxonomy":"category","embeddable":true,"href":"https:\/\/www.europesays.com\/es\/wp-json\/wp\/v2\/categories?post=197519"},{"taxonomy":"post_tag","embeddable":true,"href":"https:\/\/www.europesays.com\/es\/wp-json\/wp\/v2\/tags?post=197519"}],"curies":[{"name":"wp","href":"https:\/\/api.w.org\/{rel}","templated":true}]}}