{"id":197521,"date":"2025-10-24T04:18:10","date_gmt":"2025-10-24T04:18:10","guid":{"rendered":"https:\/\/www.europesays.com\/es\/197521\/"},"modified":"2025-10-24T04:18:10","modified_gmt":"2025-10-24T04:18:10","slug":"lamine-yamal-advierte-sobre-el-clasico-la-ultima-vez-que-he-ido-al-bernabeu-0-4-futbol","status":"publish","type":"post","link":"https:\/\/www.europesays.com\/es\/197521\/","title":{"rendered":"Lamine Yamal advierte sobre El Cl\u00e1sico: \u00abLa \u00faltima vez que he ido al Bernab\u00e9u, 0-4\u00bb | F\u00fatbol"},"content":{"rendered":"<p>Lamine Yamal, que adem\u00e1s de ser <a href=\"https:\/\/cadenaser.com\/nacional\/2025\/10\/21\/el-recado-de-lamine-yamal-a-sus-criticos-asi-celebro-el-gol-tras-marcar-contra-olympiacos-cadena-ser\/\" target=\"_blank\" rel=\"nofollow noopener\">la gran estrella del FC Barcelona<\/a>, tambi\u00e9n es presidente de un equipo de la Kings League, La Capital CF. A tres d\u00edas de El Cl\u00e1sico, la perla cul\u00e9 protagoniz\u00f3 un cara a cara contra el streamer Ibai Llanos, quien tambi\u00e9n es el mandam\u00e1s de un conjunto de esta liga y que se medir\u00e1 contra el equipo que ostenta el delantero cul\u00e9.<\/p>\n<p>Durante la conversaci\u00f3n entre los dos presidentes y con el enfrentamiento del Real Madrid y Barcelona a la vuelta de la esquina, Lamine fue cuestionado sobre qu\u00e9 ocurrir\u00e1 en este esperado duelo. Con cierta iron\u00eda y en un tono amigable, Yamal quiso recordar lo ocurrido en El Cl\u00e1sico de la pasada temporada disputado en el Santiago Bernab\u00e9u, en el cual <a href=\"https:\/\/cadenaser.com\/nacional\/2024\/10\/26\/real-madrid-fc-barcelona-en-directo-laliga-ea-sports-hoy-en-vivo-cadena-ser\/\" target=\"_blank\" rel=\"nofollow noopener\">la perla cul\u00e9 anot\u00f3 en la victoria del cuadro blaugrana por 0-4<\/a>. \u00abLa \u00faltima vez que he ido al Bernab\u00e9u, \u00bfcu\u00e1nto?, 0 a 4\u00bb, asegur\u00f3 entre risas el delantero.<\/p>\n<blockquote class=\"twitter-tweet\">\n<p lang=\"es\" dir=\"ltr\">Lamine: \u00abNo pienses mucho que vas a perder\u00bb<\/p>\n<p>Ibai: \u00abY t\u00fa tienes que marcar en el Bernab\u00e9u\u00bb<\/p>\n<p>Lamine: \u00abEso ya lo he hecho, \u00bfno te acuerdas?\u00bb <a href=\"https:\/\/t.co\/FTjBwnH2YE\" rel=\"nofollow\">pic.twitter.com\/FTjBwnH2YE<\/a><\/p>\n<p>\u2014 Kings League Spain (@KingsLeague) <a href=\"https:\/\/twitter.com\/KingsLeague\/status\/1981455105602805788?ref_src=twsrc%5Etfw\" rel=\"nofollow noopener\" target=\"_blank\">October 23, 2025<\/a><\/p><\/blockquote>\n<p>Esta no ha sido la \u00fanica vez que Yamal ha conseguido anotar al Real Madrid. Tambi\u00e9n en la pasada temporada, en el segundo encuentro de Liga, el delantero super\u00f3 a Courtois en el triunfo por 4-3 en Montjuic. No obstante, estas no fueron sus \u00fanicas anotaciones, puesto que en la final de Supercopa de Espa\u00f1a, el delantero tambi\u00e9n marc\u00f3 siendo protagonista para poder levantar el t\u00edtulo.<\/p>\n<p>En cuanto a asistencias repartidas, Lamine tambi\u00e9n cuenta con varias, concretamente con dos; <a href=\"https:\/\/cadenaser.com\/nacional\/2025\/04\/26\/fc-barcelona-3-2-real-madrid-resumen-resultado-y-goles-de-la-final-de-copa-del-rey-cadena-ser\/\" target=\"_blank\" rel=\"nofollow noopener\">ambas en la final de Copa del Rey de la temporada pasada<\/a>. Es por ello que Yamal tiene argumentos para manifestar su seguridad ante un duelo de m\u00e1ximo nivel, el cual ser\u00e1 diferencial para determinar qui\u00e9n ser\u00e1 el nuevo l\u00edder de la competici\u00f3n. Esto se debe a que \u00fanicamente solo hay dos puntos de diferencia entre ambos conjuntos, siendo el Real Madrid el vigente l\u00edder (24 y 22 de forma respectiva).<\/p>\n<p>Los \u00abrobos\u00bb del Real Madrid, un tema a debatir<\/p>\n<p>Como \u00faltimo apunte a este acalorado cara a cara, Lamine quiso abarcar sobre una t\u00f3nica emergida en los \u00faltimos a\u00f1os, los supuestos favores arbitrales que el Real Madrid recibe: \u00abRoban, se quejan&#8230;\u00bb, declar\u00f3 Lamine.<\/p>\n<p><script async src=\"https:\/\/platform.twitter.com\/widgets.js\" charset=\"utf-8\"><\/script><\/p>\n","protected":false},"excerpt":{"rendered":"Lamine Yamal, que adem\u00e1s de ser la gran estrella del FC Barcelona, tambi\u00e9n es presidente de un equipo&hellip;\n","protected":false},"author":2,"featured_media":197522,"comment_status":"","ping_status":"","sticky":false,"template":"","format":"standard","meta":{"footnotes":""},"categories":[93],"tags":[18660,53000,2182,11203,210,21495,18662,168,25,24,5719,280,525,129,54701,50776,62,25330,1044,3773,1212,54702,20206,54703,27871,18521,27436,3048,54704,54705,23,5842,54706,54707,167,1222,36417,65],"class_list":{"0":"post-197521","1":"post","2":"type-post","3":"status-publish","4":"format-standard","5":"has-post-thumbnail","7":"category-deportes","8":"tag-action","9":"tag-albertogardin","10":"tag-athletic","11":"tag-ball","12":"tag-barcelona","13":"tag-bernabeu","14":"tag-body","15":"tag-deportes","16":"tag-es","17":"tag-espana","18":"tag-field","19":"tag-football","20":"tag-game","21":"tag-games","22":"tag-gardin","23":"tag-goal","24":"tag-international","25":"tag-kick","26":"tag-liga","27":"tag-man","28":"tag-match","29":"tag-move","30":"tag-outdoor","31":"tag-penalty","32":"tag-photo","33":"tag-players","34":"tag-power","35":"tag-real-madrid","36":"tag-run","37":"tag-score","38":"tag-spain","39":"tag-spanish","40":"tag-sport-photography","41":"tag-sport-scene","42":"tag-sports","43":"tag-team","44":"tag-victory","45":"tag-world"},"share_on_mastodon":{"url":"https:\/\/pubeurope.com\/@es\/115427220138237207","error":""},"_links":{"self":[{"href":"https:\/\/www.europesays.com\/es\/wp-json\/wp\/v2\/posts\/197521","targetHints":{"allow":["GET"]}}],"collection":[{"href":"https:\/\/www.europesays.com\/es\/wp-json\/wp\/v2\/posts"}],"about":[{"href":"https:\/\/www.europesays.com\/es\/wp-json\/wp\/v2\/types\/post"}],"author":[{"embeddable":true,"href":"https:\/\/www.europesays.com\/es\/wp-json\/wp\/v2\/users\/2"}],"replies":[{"embeddable":true,"href":"https:\/\/www.europesays.com\/es\/wp-json\/wp\/v2\/comments?post=197521"}],"version-history":[{"count":0,"href":"https:\/\/www.europesays.com\/es\/wp-json\/wp\/v2\/posts\/197521\/revisions"}],"wp:featuredmedia":[{"embeddable":true,"href":"https:\/\/www.europesays.com\/es\/wp-json\/wp\/v2\/media\/197522"}],"wp:attachment":[{"href":"https:\/\/www.europesays.com\/es\/wp-json\/wp\/v2\/media?parent=197521"}],"wp:term":[{"taxonomy":"category","embeddable":true,"href":"https:\/\/www.europesays.com\/es\/wp-json\/wp\/v2\/categories?post=197521"},{"taxonomy":"post_tag","embeddable":true,"href":"https:\/\/www.europesays.com\/es\/wp-json\/wp\/v2\/tags?post=197521"}],"curies":[{"name":"wp","href":"https:\/\/api.w.org\/{rel}","templated":true}]}}