{"id":197523,"date":"2025-10-24T04:19:13","date_gmt":"2025-10-24T04:19:13","guid":{"rendered":"https:\/\/www.europesays.com\/es\/197523\/"},"modified":"2025-10-24T04:19:13","modified_gmt":"2025-10-24T04:19:13","slug":"bilbao-abre-este-viernes-el-vacunodromo-contra-la-gripe-en-pleno-aumento-de-casos","status":"publish","type":"post","link":"https:\/\/www.europesays.com\/es\/197523\/","title":{"rendered":"Bilbao abre este viernes el \u2018vacun\u00f3dromo\u2019 contra la gripe, en pleno aumento de casos"},"content":{"rendered":"<p>Osakidetza abre este viernes el Centro de Refuerzo de Vacunaci\u00f3n de la gripe en el pabell\u00f3n de La Casilla, en Bilbao, donde se prev\u00e9 inmunizar a unas 1000 personas al d\u00eda, despu\u00e9s de que se hayan duplicado los contagios en Bizkaia respecto a estas fechas de los \u00faltimos a\u00f1os.<\/p>\n<p>Seg\u00fan ha informado el departamento vasco de Salud, las personas de este territorio a partir de 14 a\u00f1os podr\u00e1n acudir a ese pabell\u00f3n del centro de Bilbao<b> de 08:00 a 20:00, durante 15 d\u00edas<\/b>, incluidos fines de semana, y sin necesidad de pedir cita previa.<\/p>\n<p>Osakidetza ha previsto que en ese centro se inmunizar\u00e1n a unas 1000 vacunas al d\u00eda y ofrecer\u00e1 tambi\u00e9n la vacuna frente al COVID-19 a las personas mayores de 75 a\u00f1os y colectivos de riesgo que deseen recibirla.<\/p>\n<p>El objetivo de ese &#8216;vacun\u00f3dromo&#8217; es acelerar la inmunizaci\u00f3n de la poblaci\u00f3n, ante la previsi\u00f3n de que la incidencia de esta enfermedad respiratoria se adelante respecto a campa\u00f1as anteriores, tal y como ya se ha detectado en hospitales y servicios de urgencias, especialmente en Bizkaia.<\/p>\n<p>Seg\u00fan los datos asistenciales recopilados entre el 13 y el 19 de octubre (semana 42 de la campa\u00f1a 2025-2026), se han identificado 506 casos de gripe, una cifra muy superior a los 166 del mismo periodo del a\u00f1o pasado y a los 105 de hace dos a\u00f1os.<\/p>\n<p>En total, durante las tres primeras semanas de la campa\u00f1a ya se contabilizan 1120 casos, m\u00e1s del doble que en las anteriores campa\u00f1as. Este incremento sugiere que la gripe ha llegado antes este a\u00f1o y que la curva de contagios podr\u00eda estar adelant\u00e1ndose.<\/p>\n<p>Esas cifras han conllevado un impacto de la gripe tambi\u00e9n en los hospitales. En la semana analizada se notificaron 45 ingresos, frente a 5 y 6 en las mismas fechas de los a\u00f1os anteriores por esa enfermedad.<\/p>\n<p>Hasta ahora, el n\u00famero total de ingresos asciende a 131, una cifra que en campa\u00f1as previas no se alcanz\u00f3 hasta finales de noviembre.<\/p>\n<p>Tambi\u00e9n se observa un ligero aumento en los ingresos en UCI, con 6 casos acumulados, aunque actualmente solo una persona permanece ingresada en cuidados intensivos, en Bizkaia.<\/p>\n<p>Por territorios, Bizkaia presenta la mayor incidencia, con 74,35 casos por cada 100 000 habitantes, seguida de Gipuzkoa (32,10) y \u00c1lava (9,85).<\/p>\n<p>En las urgencias, los casos atribuibles a la gripe representan el 0,80 % del total, y destaca el mayor porcentaje del Hospital Santa Marina (3,71 %). La ocupaci\u00f3n media hospitalaria es del 78,20 %, aunque algunos centros, como Santa Marina, superan el 90 % de ocupaci\u00f3n.<\/p>\n","protected":false},"excerpt":{"rendered":"Osakidetza abre este viernes el Centro de Refuerzo de Vacunaci\u00f3n de la gripe en el pabell\u00f3n de La&hellip;\n","protected":false},"author":2,"featured_media":197524,"comment_status":"","ping_status":"","sticky":false,"template":"","format":"standard","meta":{"footnotes":""},"categories":[92],"tags":[2601,25,24,7749,165,6115,166,492,23,1454],"class_list":{"0":"post-197523","1":"post","2":"type-post","3":"status-publish","4":"format-standard","5":"has-post-thumbnail","7":"category-salud","8":"tag-bilbao","9":"tag-es","10":"tag-espana","11":"tag-gripe","12":"tag-health","13":"tag-osakidetza","14":"tag-salud","15":"tag-sociedad","16":"tag-spain","17":"tag-vacunas"},"share_on_mastodon":{"url":"https:\/\/pubeurope.com\/@es\/115427224184805544","error":""},"_links":{"self":[{"href":"https:\/\/www.europesays.com\/es\/wp-json\/wp\/v2\/posts\/197523","targetHints":{"allow":["GET"]}}],"collection":[{"href":"https:\/\/www.europesays.com\/es\/wp-json\/wp\/v2\/posts"}],"about":[{"href":"https:\/\/www.europesays.com\/es\/wp-json\/wp\/v2\/types\/post"}],"author":[{"embeddable":true,"href":"https:\/\/www.europesays.com\/es\/wp-json\/wp\/v2\/users\/2"}],"replies":[{"embeddable":true,"href":"https:\/\/www.europesays.com\/es\/wp-json\/wp\/v2\/comments?post=197523"}],"version-history":[{"count":0,"href":"https:\/\/www.europesays.com\/es\/wp-json\/wp\/v2\/posts\/197523\/revisions"}],"wp:featuredmedia":[{"embeddable":true,"href":"https:\/\/www.europesays.com\/es\/wp-json\/wp\/v2\/media\/197524"}],"wp:attachment":[{"href":"https:\/\/www.europesays.com\/es\/wp-json\/wp\/v2\/media?parent=197523"}],"wp:term":[{"taxonomy":"category","embeddable":true,"href":"https:\/\/www.europesays.com\/es\/wp-json\/wp\/v2\/categories?post=197523"},{"taxonomy":"post_tag","embeddable":true,"href":"https:\/\/www.europesays.com\/es\/wp-json\/wp\/v2\/tags?post=197523"}],"curies":[{"name":"wp","href":"https:\/\/api.w.org\/{rel}","templated":true}]}}