{"id":197531,"date":"2025-10-24T04:23:14","date_gmt":"2025-10-24T04:23:14","guid":{"rendered":"https:\/\/www.europesays.com\/es\/197531\/"},"modified":"2025-10-24T04:23:14","modified_gmt":"2025-10-24T04:23:14","slug":"tras-los-pasos-del-colombiano-que-sobrevivio-al-bombardeo-de-trump-a-un-narcosubmarino","status":"publish","type":"post","link":"https:\/\/www.europesays.com\/es\/197531\/","title":{"rendered":"Tras los pasos del colombiano que sobrevivi\u00f3 al bombardeo de Trump a un narcosubmarino"},"content":{"rendered":"<p class=\"\">El futuro judicial de Jeison Obando P\u00e9rez, el colombiano de 34 a\u00f1os que fue repatriado por Estados Unidos tras haber sobrevivido al <a href=\"https:\/\/elpais.com\/internacional\/2025-10-23\/estados-unidos-ataca-en-menos-de-24-horas-dos-supuestas-narcolanchas-en-el-pacifico.html\" target=\"_self\" rel=\"nofollow noopener\" title=\"https:\/\/elpais.com\/internacional\/2025-10-23\/estados-unidos-ataca-en-menos-de-24-horas-dos-supuestas-narcolanchas-en-el-pacifico.html\">ataque de Washington a un supuesto narcosubmarino<\/a> el pasado 16 de octubre en el mar Caribe, est\u00e1 en entredicho. P\u00e9rez fue deportado a Colombia con \u201ctraumas en el cerebro, sedado, dopado y respirando con ventilador\u201d, seg\u00fan ha indicado el ministro del Interior, Armando Benedetti, quien tambi\u00e9n asegur\u00f3 que P\u00e9rez ser\u00e1 \u201cprocesado seg\u00fan la justicia, porque presuntamente es un delincuente que estaba traficando droga\u201d. Sin embargo, la capacidad de maniobra de la justicia colombiana en su caso es limitada: no hay pruebas de que haya cometido un delito en el pa\u00eds.<\/p>\n<p class=\"\">\u201cHay una indagaci\u00f3n abierta, pero no tendr\u00e1 un final judicial, a menos que \u00e9l mismo se autoincrimine\u201d, se\u00f1ala un alto funcionario de la direcci\u00f3n antinarc\u00f3ticos de la Fiscal\u00eda General. El organismo, en suma, solo puede judicializarlo si este decide, voluntariamente, hablar ante la justicia sobre su caso. Una imputaci\u00f3n es a\u00fan menos probable, pues la indagaci\u00f3n que abri\u00f3 el Ministerio P\u00fablico apunta a que el ataque ocurri\u00f3 en aguas internacionales, es decir, que es un incidente fuera de su alcance.<\/p>\n<p class=\"\">Obando P\u00e9rez fue detenido por las autoridades de Washington tras el <a href=\"https:\/\/elpais.com\/america-colombia\/2025-10-22\/las-embarcaciones-bombardeadas-por-trump-y-relacionadas-con-colombia-un-pescador-desaparecido-un-sobreviviente-de-un-narcosubmarino-el-rastro-del-eln-y-la-primera-lancha-en-el-pacifico.html\" target=\"_self\" rel=\"nofollow noopener\" title=\"https:\/\/elpais.com\/america-colombia\/2025-10-22\/las-embarcaciones-bombardeadas-por-trump-y-relacionadas-con-colombia-un-pescador-desaparecido-un-sobreviviente-de-un-narcosubmarino-el-rastro-del-eln-y-la-primera-lancha-en-el-pacifico.html\">bombardeo de una nave en el mar Caribe<\/a> el 16 de octubre, seg\u00fan confirmaron el presidente de EE UU, Donald Trump, y su secretario de Guerra, Pete Hegseth. De acuerdo con la Casa Blanca, la embarcaci\u00f3n atacada era un semisumergible que cargaba \u201cfentanilo y otros narc\u00f3ticos ilegales\u201d. En ella se transportaban cuatro personas. Dos murieron y Obando P\u00e9rez y un ciudadano ecuatoriano sobrevivieron. Pese a que los ataques a nueve embarcaciones en el Caribe y el oc\u00e9ano Pac\u00edfico son extrajudiciales, seg\u00fan organizaciones humanitarias como Human Rights Watch, Trump indic\u00f3, al momento de repatriar a los sobrevivientes, que ambos ser\u00edan conducidos a su \u201cdetenci\u00f3n y procesamiento\u201d en sus respectivos pa\u00edses.<\/p>\n<p class=\"\">El alto funcionario de la Fiscal\u00eda, que habl\u00f3 en condici\u00f3n de anonimato al revelar informaci\u00f3n confidencial, confirma que Obando P\u00e9rez no tiene antecedentes penales en Colombia y que la entidad no particip\u00f3 en la operaci\u00f3n de regreso al pa\u00eds. Los encargados fueron la agencia Migraci\u00f3n Colombia y el Ministerio del Interior. Tambi\u00e9n asegura que, aunque el ente investigador abri\u00f3 una indagaci\u00f3n de oficio, el repatriado no ha sido mencionado en ning\u00fan proceso judicial en Colombia ni ha estado formalmente vinculado a investigaciones por narcotr\u00e1fico en el pasado.<\/p>\n<p class=\"\">Obando P\u00e9rez est\u00e1 internado en el Hospital de Kennedy, en el suroccidente de Bogot\u00e1. Un informe m\u00e9dico al que tuvo acceso este diario detalla que fue ingresado con \u201cuna fractura en la base del cr\u00e1neo y \u00f3rbita, as\u00ed como lesiones intracerebrales\u201d, pero \u201csin evidencias de gravedad\u201d. A inicios de semana, seg\u00fan el documento, ya presentaba \u201cmejoras\u201d y le fue retirada la asistencia respiratoria. \u201cPermanece bajo observaci\u00f3n y cuidado m\u00e9dico multidisciplinario\u201d, se\u00f1ala el parte cl\u00ednico. Fuentes del Ministerio del Interior sostienen que no ha habido contactos con sus familiares.<\/p>\n<p class=\"\">El escenario de que Obando salga de la hospitalizaci\u00f3n como un hombre libre gana fuerza con el antecedente de <a href=\"https:\/\/elpais.com\/america\/2025-10-20\/ecuador-libera-a-uno-de-los-sobrevivientes-al-ataque-de-estados-unidos-al-narcosubmarino-en-el-caribe.html\" target=\"_self\" rel=\"nofollow noopener\" title=\"https:\/\/elpais.com\/america\/2025-10-20\/ecuador-libera-a-uno-de-los-sobrevivientes-al-ataque-de-estados-unidos-al-narcosubmarino-en-el-caribe.html\">Andr\u00e9s Fernando Tufi\u00f1o<\/a>. Es el otro sobreviviente del narcosubmarino, que fue enviado a Ecuador, su pa\u00eds de origen. All\u00ed, reci\u00e9n llegado, tambi\u00e9n fue atendido en un hospital. Y, aunque estaba prevista su detenci\u00f3n al momento de su alta m\u00e9dica, los fiscales se negaron proceder con su captura y lo dejaron este lunes en libertad. Un documento gubernamental al que tuvo acceso la agencia Associated Press indicaba que \u201cno existen elementos de convicci\u00f3n ni indicios que puedan llevar a la autoridad fiscal o judicial a tener la certeza\u201d de que Tufi\u00f1o cometi\u00f3 un delito en territorio ecuatoriano. En resumen, el organismo ecuatoriano no ten\u00eda pruebas contra Tufi\u00f1o, una situaci\u00f3n similar a la de Obando P\u00e9rez en Colombia.<\/p>\n<p>Washington estrecha el cerco sobre Colombia<\/p>\n<p class=\"\">Los ataques estadounidenses <a href=\"https:\/\/elpais.com\/america-colombia\/2025-10-22\/las-embarcaciones-bombardeadas-por-trump-y-relacionadas-con-colombia-un-pescador-desaparecido-un-sobreviviente-de-un-narcosubmarino-el-rastro-del-eln-y-la-primera-lancha-en-el-pacifico.html\" target=\"_self\" rel=\"nofollow noopener\" title=\"https:\/\/elpais.com\/america-colombia\/2025-10-22\/las-embarcaciones-bombardeadas-por-trump-y-relacionadas-con-colombia-un-pescador-desaparecido-un-sobreviviente-de-un-narcosubmarino-el-rastro-del-eln-y-la-primera-lancha-en-el-pacifico.html\">cada vez tienen el radar m\u00e1s cerca de Colombia<\/a>, el mayor productor de coca\u00edna del mundo. En un principio, la campa\u00f1a militar de Trump parec\u00eda tener a Venezuela en la mira. Era, seg\u00fan expertos, un preludio a una posible incursi\u00f3n terrestre para derrocar a Nicol\u00e1s Maduro, o por lo menos una forma de impulsar un cambio de Gobierno desde dentro. La Armada Nacional sostiene, sin embargo, que la mayor cantidad de submarinos o lanchas con cargamentos de drogas no tienen nexos con Venezuela, pues los narcos usan m\u00e1s la ruta del Pac\u00edfico que la del Caribe.<\/p>\n<p class=\"\">De los nueve bombardeos que ha registrado Washington en los \u00faltimos dos meses, al menos cuatro tienen alg\u00fan v\u00ednculo con Colombia. Adem\u00e1s del supuesto narcosubmarino en el que navegaba Obando P\u00e9rez, el presidente Gustavo Petro defiende que en otro ataque, del 15 de septiembre, un colombiano muri\u00f3. El mandatario se hizo eco de una informaci\u00f3n de RTVC, la cadena de medios p\u00fablicos, que identific\u00f3 al fallecido como Alejandro Carranza Medina, natural de Santa Marta, una ciudad del Caribe. Sus familiares, que lo reportaron como desaparecido, argumentan que no ten\u00eda ning\u00fan v\u00ednculo con el narcotr\u00e1fico. Petro sospecha que ese bombardeo pudo ocurrir en aguas colombianas. Estados Unidos no ha confirmado las coordenadas de ninguna de sus operaciones.<\/p>\n<p class=\"\">Otra lancha supuestamente vinculada a Colombia fue la que Washington atac\u00f3 el 17 de octubre en el Caribe. El secretario Hegseth dijo que estaba \u201cafiliada\u201d al Ej\u00e9rcito de Liberaci\u00f3n Nacional (ELN), la guerrilla con la que Petro ha intentado en varias ocasiones pactar la paz. En el bombardeo murieron tres personas. El grupo armado neg\u00f3 que la nave fuera suya. Finalmente, uno de los dos ataques de este mi\u00e9rcoles, los primeros en el Pac\u00edfico en esta campa\u00f1a militar, tuvo lugar \u201cfrente a las costas colombianas\u201d, indic\u00f3 Hegseth. La Casa Blanca no ha confirmado si la embarcaci\u00f3n parti\u00f3 de Colombia o si hab\u00eda colombianos en ella.<\/p>\n","protected":false},"excerpt":{"rendered":"El futuro judicial de Jeison Obando P\u00e9rez, el colombiano de 34 a\u00f1os que fue repatriado por Estados Unidos&hellip;\n","protected":false},"author":2,"featured_media":197532,"comment_status":"","ping_status":"","sticky":false,"template":"","format":"standard","meta":{"footnotes":""},"categories":[42],"tags":[889,17,18,30234,1803,352,629,13,14,16858,3916,11,61,62,63,64,19,20,1804,17922,7337,9,10,15,16,8984,12,21,22,65,66,67],"class_list":{"0":"post-197531","1":"post","2":"type-post","3":"status-publish","4":"format-standard","5":"has-post-thumbnail","7":"category-internacional","8":"tag-america","9":"tag-breaking-news","10":"tag-breakingnews","11":"tag-caribe","12":"tag-colombia","13":"tag-donald-trump","14":"tag-estados-unidos","15":"tag-featured-news","16":"tag-featurednews","17":"tag-gobierno-colombia","18":"tag-gustavo-petro","19":"tag-headlines","20":"tag-internacional","21":"tag-international","22":"tag-international-news","23":"tag-internationalnews","24":"tag-latest-news","25":"tag-latestnews","26":"tag-latinoamerica","27":"tag-narcotraficantes","28":"tag-narcotrafico","29":"tag-news","30":"tag-noticias","31":"tag-noticias-destacadas","32":"tag-noticiasdestacadas","33":"tag-pacifico-sur","34":"tag-titulares","35":"tag-ultimas-noticias","36":"tag-ultimasnoticias","37":"tag-world","38":"tag-world-news","39":"tag-worldnews"},"share_on_mastodon":{"url":"","error":"Validation failed: Text character limit of 500 exceeded"},"_links":{"self":[{"href":"https:\/\/www.europesays.com\/es\/wp-json\/wp\/v2\/posts\/197531","targetHints":{"allow":["GET"]}}],"collection":[{"href":"https:\/\/www.europesays.com\/es\/wp-json\/wp\/v2\/posts"}],"about":[{"href":"https:\/\/www.europesays.com\/es\/wp-json\/wp\/v2\/types\/post"}],"author":[{"embeddable":true,"href":"https:\/\/www.europesays.com\/es\/wp-json\/wp\/v2\/users\/2"}],"replies":[{"embeddable":true,"href":"https:\/\/www.europesays.com\/es\/wp-json\/wp\/v2\/comments?post=197531"}],"version-history":[{"count":0,"href":"https:\/\/www.europesays.com\/es\/wp-json\/wp\/v2\/posts\/197531\/revisions"}],"wp:featuredmedia":[{"embeddable":true,"href":"https:\/\/www.europesays.com\/es\/wp-json\/wp\/v2\/media\/197532"}],"wp:attachment":[{"href":"https:\/\/www.europesays.com\/es\/wp-json\/wp\/v2\/media?parent=197531"}],"wp:term":[{"taxonomy":"category","embeddable":true,"href":"https:\/\/www.europesays.com\/es\/wp-json\/wp\/v2\/categories?post=197531"},{"taxonomy":"post_tag","embeddable":true,"href":"https:\/\/www.europesays.com\/es\/wp-json\/wp\/v2\/tags?post=197531"}],"curies":[{"name":"wp","href":"https:\/\/api.w.org\/{rel}","templated":true}]}}