{"id":197538,"date":"2025-10-24T04:28:12","date_gmt":"2025-10-24T04:28:12","guid":{"rendered":"https:\/\/www.europesays.com\/es\/197538\/"},"modified":"2025-10-24T04:28:12","modified_gmt":"2025-10-24T04:28:12","slug":"tom-aspinall-intenta-ignorar-el-ruido-al-entrar-al-ufc-321","status":"publish","type":"post","link":"https:\/\/www.europesays.com\/es\/197538\/","title":{"rendered":"Tom Aspinall intenta ignorar el ruido al entrar al UFC 321"},"content":{"rendered":"<p><img decoding=\"async\" src=\"https:\/\/www.europesays.com\/es\/wp-content\/uploads\/2025\/10\/21880987.jpg\"  alt=\"MMA: UFC 295 - Pavlovich vs Aspinall\" class=\"w-full\"\/>Nov 11, 2023; New York, NY, USA; Tom Aspinall (blue gloves) reacts to beating Sergei Pavlovich (red gloves) during UFC 295 at Madison Square Garden. Mandatory Credit: Wendell Cruz-Imagn Images   <\/p>\n<p>La UFC regresa a Abu Dhabi el s\u00e1bado para una doble cartelera por el campeonato, encabezada por UFC 321. En el evento principal, Tom Aspinall har\u00e1 la primera defensa de su t\u00edtulo de peso pesado de la UFC contra el ex campe\u00f3n interino Ciryl Gane.<\/p>\n<p>Aspinall (15-3 MMA) fue ascendido a campe\u00f3n indiscutible de peso pesado de UFC este verano despu\u00e9s de que Jon Jones (28-1, 1 NC MMA) se retirara abruptamente en medio de las negociaciones para una pelea con Aspinall que fracasaron y los cargos finalmente fueron retirados por un accidente automovil\u00edstico en febrero, seg\u00fan ESPN.<\/p>\n<p>Aspinall, nativo de Salford, Inglaterra, dijo a los periodistas el jueves que no siente presi\u00f3n al entrar en la pelea con Gane (13-2 MMA) mientras intenta escribir su propia historia y construir su legado en peso pesado.<\/p>\n<p>\u00abEstoy feliz de dejar que la pelea se desarrolle de forma natural\u00bb, dijo Aspinall. \u00abLo que sea que est\u00e9 disponible, lo tomar\u00e9 y har\u00e9 todo lo posible para lograr la victoria\u00bb.<\/p>\n<p>Gane tendr\u00e1 su tercera oportunidad de ganar el t\u00edtulo indiscutible de peso pesado tras sus intentos fallidos contra Jones en UFC 285 y el excampe\u00f3n de peso pesado de UFC Francis Ngannou (18-3 MMA) en UFC 270. Reconociendo que podr\u00eda ser su \u00faltima oportunidad, el franc\u00e9s de 35 a\u00f1os promete una actuaci\u00f3n muy diferente la noche de la pelea.<\/p>\n<p>\u00abTodos conocen las virtudes de Tom Aspinall\u00bb, dijo Gane. \u00abPero todos conocen las m\u00edas, as\u00ed que este s\u00e1bado veremos qui\u00e9n logra hacerlo bien en esta situaci\u00f3n\u00bb.<\/p>\n<p>La coestelar ofrece una revancha por el t\u00edtulo vacante de peso paja de la UFC, con Virna Jandiroba contra Mackenzie Dern. La pelea se program\u00f3 despu\u00e9s de que la promotora decidiera finalmente organizar una s\u00faper pelea entre Valentina Shevchenko (25-4-1 MMA) y Weili Zhang (26-3 MMA) por el t\u00edtulo de peso mosca de Shevchenko, que se llevar\u00e1 a cabo el pr\u00f3ximo mes en el Madison Square Garden como parte de UFC 322.<\/p>\n<p>Ambos brasile\u00f1os dicen estar emocionados de enfrentarse, sabiendo que hay m\u00e1s en juego con un t\u00edtulo en juego. Dern (15-5 MMA) gan\u00f3 su primera pelea contra Jandiroba (22-3 MMA) por decisi\u00f3n un\u00e1nime en diciembre de 2020. Ninguno ha tenido un t\u00edtulo de la UFC.<\/p>\n<p>\u00abPuedo vencerla porque ya lo hice una vez\u00bb, dijo Dern. \u00abHoy en d\u00eda somos peleadoras completamente diferentes. Ella tuvo una racha de victorias incre\u00edble despu\u00e9s de que me rompiera la nariz. As\u00ed que super\u00e9 la adversidad en esa pelea y sal\u00ed fuerte, as\u00ed que eso es lo que me llev\u00e9 no solo de esa pelea, sino de todas las posteriores: ver qu\u00e9 se puede superar y seguir adelante\u00bb.<\/p>\n<p>Jandiroba dice que aprendi\u00f3 mucho de su primera pelea con Dern y la llam\u00f3 \u00abparte de su historia\u00bb, aunque reconoci\u00f3 que las oportunidades de redenci\u00f3n no se presentan a menudo.<\/p>\n<p> <\/p>\n<p>\u00abEs una revancha que he querido hacer desde hace mucho tiempo\u00bb, dijo Jandiroba a trav\u00e9s de un traductor. \u00abEs la guinda del pastel: puedo vengar esa pelea por el t\u00edtulo. Le ped\u00ed al universo y me dio la mejor oportunidad posible\u00bb.<\/p>\n<p>Sin ofrecer un pron\u00f3stico, Jandiroba conf\u00eda en que la revancha ser\u00e1 diferente.<\/p>\n<p>\u00abLa lecci\u00f3n m\u00e1s grande es creer en uno mismo\u00bb, dijo Jandiroba.<\/p>\n<p>El evento contar\u00e1 con una cartelera de 13 peleas, y la cartelera principal de cinco peleas comenzar\u00e1 a las 2:00 p. m., hora del Este\/11:00 a. m., hora del Pac\u00edfico, desde el Etihad Arena.<\/p>\n<p>A continuaci\u00f3n se muestra el orden de las peleas, que est\u00e1 sujeto a cambios.<\/p>\n<p>Cartelera principal de UFC 321<\/p>\n<p>Tom Aspinall (c) vs. Ciryl Gane, t\u00edtulo de peso pesado de la UFC<\/p>\n<p>Virna Jandiroba vs. Mackenzie Dern, t\u00edtulo vacante de peso paja de UFC<\/p>\n<p>El ruso Umar Nurmagomedov contra Mario Bautista, peso gallo<\/p>\n<p>Alexander Volkov de Rusia contra Jailton Almeida de Brasil, peso pesado<\/p>\n<p>El serbio Aleksandar Rakic contra el ruso Azamat Murzakanov, peso semipesado<\/p>\n<p> <\/p>\n<p>&#8211;Medios de nivel de campo<\/p>\n","protected":false},"excerpt":{"rendered":"Nov 11, 2023; New York, NY, USA; Tom Aspinall (blue gloves) reacts to beating Sergei Pavlovich (red gloves)&hellip;\n","protected":false},"author":2,"featured_media":197539,"comment_status":"","ping_status":"","sticky":false,"template":"","format":"standard","meta":{"footnotes":""},"categories":[276],"tags":[168,25,24,23,167,343],"class_list":{"0":"post-197538","1":"post","2":"type-post","3":"status-publish","4":"format-standard","5":"has-post-thumbnail","7":"category-ufc","8":"tag-deportes","9":"tag-es","10":"tag-espana","11":"tag-spain","12":"tag-sports","13":"tag-ufc"},"share_on_mastodon":{"url":"https:\/\/pubeurope.com\/@es\/115427259761151258","error":""},"_links":{"self":[{"href":"https:\/\/www.europesays.com\/es\/wp-json\/wp\/v2\/posts\/197538","targetHints":{"allow":["GET"]}}],"collection":[{"href":"https:\/\/www.europesays.com\/es\/wp-json\/wp\/v2\/posts"}],"about":[{"href":"https:\/\/www.europesays.com\/es\/wp-json\/wp\/v2\/types\/post"}],"author":[{"embeddable":true,"href":"https:\/\/www.europesays.com\/es\/wp-json\/wp\/v2\/users\/2"}],"replies":[{"embeddable":true,"href":"https:\/\/www.europesays.com\/es\/wp-json\/wp\/v2\/comments?post=197538"}],"version-history":[{"count":0,"href":"https:\/\/www.europesays.com\/es\/wp-json\/wp\/v2\/posts\/197538\/revisions"}],"wp:featuredmedia":[{"embeddable":true,"href":"https:\/\/www.europesays.com\/es\/wp-json\/wp\/v2\/media\/197539"}],"wp:attachment":[{"href":"https:\/\/www.europesays.com\/es\/wp-json\/wp\/v2\/media?parent=197538"}],"wp:term":[{"taxonomy":"category","embeddable":true,"href":"https:\/\/www.europesays.com\/es\/wp-json\/wp\/v2\/categories?post=197538"},{"taxonomy":"post_tag","embeddable":true,"href":"https:\/\/www.europesays.com\/es\/wp-json\/wp\/v2\/tags?post=197538"}],"curies":[{"name":"wp","href":"https:\/\/api.w.org\/{rel}","templated":true}]}}