{"id":197548,"date":"2025-10-24T04:37:09","date_gmt":"2025-10-24T04:37:09","guid":{"rendered":"https:\/\/www.europesays.com\/es\/197548\/"},"modified":"2025-10-24T04:37:09","modified_gmt":"2025-10-24T04:37:09","slug":"la-biblioteca-azorin-celebra-el-dia-de-las-bibliotecas-sin-noticias-de-su-reforma-y-sin-libros-nuevos","status":"publish","type":"post","link":"https:\/\/www.europesays.com\/es\/197548\/","title":{"rendered":"La Biblioteca Azor\u00edn &#8216;celebra&#8217; el D\u00eda de las Bibliotecas sin noticias de su reforma y sin libros nuevos"},"content":{"rendered":"<p>ALICANTE. \u00ab\u00a1Feliz <strong>D\u00eda de las bibliotecas<\/strong>!\u00bb Es lo que puede decir este 24 de octubre quien tiene una biblioteca feliz. No es el caso de la alicantina Azor\u00edn, que espera su necesaria <a href=\"https:\/\/alicanteplaza.es\/alicanteplaza\/alicante\/alicante-y-cultura-liman-asperezas-para-desbloquear-la-reforma-de-la-biblioteca-azorin\" rel=\"nofollow noopener\" target=\"_blank\">rehabilitaci\u00f3n para el edificio<\/a> situado en Pase\u00edto de Ramiro, frente a la tur\u00edstica\u00a0playa del Postiguet. As\u00ed lo ha indicado\u00a0<strong>Lola Abascal<\/strong>,\u00a0de la asociaci\u00f3n de Amigos de la <a href=\"https:\/\/alicanteplaza.es\/alicanteplaza\/alicante\/la-hora-de-la-biblioteca-azorin-de-alicante-el-gobierno-rescata-su-reforma-y-pide-licencia\" rel=\"nofollow noopener\" target=\"_blank\">biblioteca Azor\u00edn<\/a>, quien ha asegurado que \u00abel edificio se est\u00e1 cayendo a trozos\u00bb.<\/p>\n<p>\u00abNuestra asociaci\u00f3n tiene un car\u00e1cter reivindicativo, porque surge de la constataci\u00f3n de cosas que van mal en la biblioteca\u00bb, ha manifestado. Precisamente por ello, el colectivo entrega hoy <strong>tres cartas<\/strong> en la Subdelegaci\u00f3n a las tres administraciones que tienen competencias sobre esta instalaci\u00f3n cultural: el Ministerio de Cultura (propietario de la biblioteca), la Conselleria de Cultura (encargada de la gesti\u00f3n) y el Ayuntamiento de Alicante (concede las licencias de obra).<\/p>\n<p>\u00abVamos a pedir a cada administraci\u00f3n que intervenga para tirar adelante lo que necesita la biblioteca\u00bb, ha apuntado Abascal, quien ha lamentado que el edificio tenga m\u00e1s de 50 a\u00f1os y\u00a0\u00abno ha sido reformado\u00bb. El\u00a0proyecto que se ejecutar\u00e1 ahora\u00a0se anunci\u00f3 por primera vez hace 17 a\u00f1os y se est\u00e1 encontrando con varias trabas en su camino. La \u00faltima, la necesidad de presentar\u00a0un <a href=\"https:\/\/alicanteplaza.es\/alicanteplaza\/alicante\/la-nueva-biblioteca-azorin-de-alicante-que-no-llega-ahora-pendiente-de-estudio-arqueologico\" rel=\"nofollow noopener\" target=\"_blank\">estudio arqueol\u00f3gico<\/a> ante la posible existencia de vestigios de relevancia en el edificio o su entorno.<\/p>\n<p>\u00abHay falta de transparencia en el proyecto\u00bb, ha se\u00f1alado la integrante de la asociaci\u00f3n, quien ha insistido en que <strong>la biblioteca est\u00e1 \u00aben decadencia\u00bb<\/strong>. Motivo que lleva a Abascal a preocuparse: \u00abEn Alicante, la actividad cultural es m\u00e1s bien dif\u00edcil; aumentamos mucho en turismo pero no tanto en equipamientos culturales. Es peligroso que no se act\u00fae, porque <strong>te lleva a pensar que la biblioteca puede cerrar<\/strong>\u00ab.<\/p>\n<p>Sin embargo, al preguntarle por la posibilidad real de que esto pase, ha supuesto que \u00abno se atrever\u00e1n\u00bb a cerrarla, ya que es la \u00fanica biblioteca de Alicante \u00abde cierto tama\u00f1o\u00bb. \u00abLuego est\u00e1n las bibliotecas municipales, que est\u00e1n m\u00e1s orientadas a los barrios, peque\u00f1as y con presupuestos muy escasos. No son la gran biblioteca que toda ciudad deber\u00eda tener y m\u00e1s Alicante, que somos la d\u00e9cima\u00a0ciudad en Espa\u00f1a en cuanto a habitantes\u00bb. Por lo que ha aclarado que \u00ab<strong>cerrar no, pero abandonar s\u00ed<\/strong>\u00ab.<\/p>\n<p>Con motivo del D\u00eda de las Bibliotecas, adem\u00e1s de los escritos a cada administraci\u00f3n, la asociaci\u00f3n colabora con la biblioteca Azor\u00edn en la exposici\u00f3n de\u00a0cartas n\u00e1uticas que forman parte de su fondo hist\u00f3rico. Una muestra que\u00a0abrir\u00e1 una l\u00ednea de exposiciones de piezas singulares en el edificio.<\/p>\n<p>Sin libros nuevos desde hace dos a\u00f1os<\/p>\n<p>Adem\u00e1s de en la reforma, Abascal ha puesto el foco en la <strong>falta de libros nuevos<\/strong>, asegurando que <strong>hace dos a\u00f1os que no se compran<\/strong>. Aunque el edificio depende del Ministerio, la gesti\u00f3n est\u00e1 cedida a la Generalitat, por lo que es competencia de la Conselleria de Cultura la adquisici\u00f3n de obras. \u00abLleva dos a\u00f1os sin comprar libros, porque dice\u00a0que hay un problema en Intervenci\u00f3n\u00bb, ha trasladado.<\/p>\n<p>La <strong>falta de personal<\/strong> tambi\u00e9n azota a esta instalaci\u00f3n cultural, provocando que est\u00e9 abierta \u00fanicamente entre semana. \u00abHay cantidad de gente que los d\u00edas laborables no se puede acercar a una biblioteca, por lo que ser\u00eda ideal que estuviera abierta el s\u00e1bado por la ma\u00f1ana, pero dicen que no hay personal para poder hacerlo\u00bb, ha informado la miembro del colectivo.<\/p>\n","protected":false},"excerpt":{"rendered":"ALICANTE. \u00ab\u00a1Feliz D\u00eda de las bibliotecas!\u00bb Es lo que puede decir este 24 de octubre quien tiene una&hellip;\n","protected":false},"author":2,"featured_media":197549,"comment_status":"","ping_status":"","sticky":false,"template":"","format":"standard","meta":{"footnotes":""},"categories":[172],"tags":[224,146,147,25,24,225,23],"class_list":{"0":"post-197548","1":"post","2":"type-post","3":"status-publish","4":"format-standard","5":"has-post-thumbnail","7":"category-libros","8":"tag-books","9":"tag-entertainment","10":"tag-entretenimiento","11":"tag-es","12":"tag-espana","13":"tag-libros","14":"tag-spain"},"share_on_mastodon":{"url":"https:\/\/pubeurope.com\/@es\/115427294857816218","error":""},"_links":{"self":[{"href":"https:\/\/www.europesays.com\/es\/wp-json\/wp\/v2\/posts\/197548","targetHints":{"allow":["GET"]}}],"collection":[{"href":"https:\/\/www.europesays.com\/es\/wp-json\/wp\/v2\/posts"}],"about":[{"href":"https:\/\/www.europesays.com\/es\/wp-json\/wp\/v2\/types\/post"}],"author":[{"embeddable":true,"href":"https:\/\/www.europesays.com\/es\/wp-json\/wp\/v2\/users\/2"}],"replies":[{"embeddable":true,"href":"https:\/\/www.europesays.com\/es\/wp-json\/wp\/v2\/comments?post=197548"}],"version-history":[{"count":0,"href":"https:\/\/www.europesays.com\/es\/wp-json\/wp\/v2\/posts\/197548\/revisions"}],"wp:featuredmedia":[{"embeddable":true,"href":"https:\/\/www.europesays.com\/es\/wp-json\/wp\/v2\/media\/197549"}],"wp:attachment":[{"href":"https:\/\/www.europesays.com\/es\/wp-json\/wp\/v2\/media?parent=197548"}],"wp:term":[{"taxonomy":"category","embeddable":true,"href":"https:\/\/www.europesays.com\/es\/wp-json\/wp\/v2\/categories?post=197548"},{"taxonomy":"post_tag","embeddable":true,"href":"https:\/\/www.europesays.com\/es\/wp-json\/wp\/v2\/tags?post=197548"}],"curies":[{"name":"wp","href":"https:\/\/api.w.org\/{rel}","templated":true}]}}