{"id":197550,"date":"2025-10-24T04:38:13","date_gmt":"2025-10-24T04:38:13","guid":{"rendered":"https:\/\/www.europesays.com\/es\/197550\/"},"modified":"2025-10-24T04:38:13","modified_gmt":"2025-10-24T04:38:13","slug":"first-dates-el-horror-de-una-soltera-al-reencontrarse-con-un-fantasma-que-ya-conocia-preferiria-morirme-antes","status":"publish","type":"post","link":"https:\/\/www.europesays.com\/es\/197550\/","title":{"rendered":"FIrst Dates: El horror de una soltera al reencontrarse con un &#8216;fantasma&#8217; que ya conoc\u00eda: \u00abPreferir\u00eda morirme antes\u00bb"},"content":{"rendered":"<p style=\"\"><strong>Luis<\/strong> (70) <a href=\"https:\/\/www.abc.es\/play\/dado-asco-soltera-pasa-mal-rato-cena-20251022221453-nt.html\" target=\"_self\" data-voc-vtm-id=\"in-text-traffic\" title=\"lleg\u00f3 a &#039;First Dates&#039;\" data-mrf-link=\"www.abc.es\" rel=\"nofollow noopener\">lleg\u00f3 a &#8216;First Dates&#8217;<\/a> desde Legan\u00e9s, aunque \u00e9l es natural \u00abde la tierra de los artistas\u00bb, que no era ni C\u00e1diz ni Sevilla, sino Ja\u00e9n. Celador jubilado y cantante vocacional, asegur\u00f3 haberse relacionado en sus comienzos con las figuras m\u00e1s grandes  &#8230; de la canci\u00f3n espa\u00f1ola, como <strong>Augusto Alguer\u00f3<\/strong>. \u00abPero ahora la copla est\u00e1 muy quemada, ya no est\u00e1 valorada\u00bb, lament\u00f3 <\/p>\n<p class=\"voc-p\" style=\"\"> El soltero buscaba un prototipo muy definido de mujer: quer\u00eda que su cita se pareciera a <strong>Claudia Sheinbaum<\/strong>, presidenta de M\u00e9xico. Le gusta \u00abpor su forma de ser, no por la guapura\u00bb. \u00abEs inteligent\u00edsima, la mejor mujer que hay ahora en el planeta es ella\u00bb, subray\u00f3 ante <strong>Carlos Sobera<\/strong>.<\/p>\n<p class=\"voc-p\" style=\"\">Con esas se\u00f1as, el equipo de<strong> &#8216;First Dates&#8217;<\/strong> le prepar\u00f3 a <strong>Luis<\/strong> una cita con <strong>Paqui<\/strong> (71), una cocinera jubilada tambi\u00e9n de Legan\u00e9s que se defini\u00f3 como \u00abuna mujer demasiado cari\u00f1osa, me entrego enseguida a la persona que me da cari\u00f1o\u00bb. Un encuentro en el que cobr\u00f3 sentido la expresi\u00f3n &#8216;el mundo es un pa\u00f1uelo&#8217; y ella experiment\u00f3 un aut\u00e9ntico &#8216;tierra tr\u00e1game&#8217; al verle la cara.<\/p>\n<p>\nVuelan los cuchillos durante la cena entre los solteros\n<\/p>\n<p class=\"voc-p\" style=\"\">Result\u00f3 que ya se conoc\u00edan de su municipio. Si bien no se hab\u00edan presentado formalmente hasta que se encontraron en el restaurante de citas de <strong>Cuatro<\/strong>, <strong>Paqui<\/strong> lo ten\u00eda s que calado. \u00abYo lo conoc\u00eda de antes de Legan\u00e9s y nunca me ha ca\u00eddo bien, es muy fantasma. Se cree superior a todo el mundo\u2026 No me gusta nada de \u00e9l. Cuando lo he visto me ha entrado una tristeza grand\u00edsima. Me daban ganas de irme\u00bb, confes\u00f3 en los totales. <\/p>\n<p class=\"voc-p\" style=\"\">No lo hizo, aunque tampoco intent\u00f3 disimular que era a la \u00faltima persona que esperaba encontrar. Ella le explic\u00f3 que fantaseaba con un prototipo a lo <strong>Bert\u00edn Osborn<\/strong>e, mientras que a \u00e9l, <strong>Paqui<\/strong> no se le pareci\u00f3 en nada a<strong> Claudia Sheinbaum<\/strong>. <\/p>\n<p class=\"voc-p\" style=\"\"><strong>Luis<\/strong> le reproch\u00f3 que lo f\u00edsico no es tan importante, \u00abeso es una decadencia\u00bb. \u00abHay que fijarse en el cerebro, y ella no me escucha cerebralmente. Busca la parte f\u00edsica, el sexo. Y yo fornicar no quiero si no me acoplo a ella. Y no me acoplo\u00bb, se quej\u00f3 en privado.<\/p>\n<p><img decoding=\"async\" loading=\"lazy\" src=\"https:\/\/www.europesays.com\/es\/wp-content\/uploads\/2025\/10\/datesportada_20251023222210-U30505883420TmX-760x427@diario_abc.jpg\" class=\"voc-img\" width=\"760\" height=\"427\" alt=\"Luis y Paqui al encontrarse en el restaurante\" data-voc-vtm-id=\"in-text-traffic\"\/><\/p>\n<p>Luis y Paqui al encontrarse en el restaurante<\/p>\n<p>Cuatro<\/p>\n<p class=\"voc-p\" style=\"\">Abiertamente reconoci\u00f3 ante su cita que \u00absi lo se, me quedo en Legan\u00e9s y no vengo\u00bb. <strong>Paqui<\/strong> propuso dejar la cena y marcharse en ese mismo momento, lamentando tambi\u00e9n que \u00abno esperaba yo esto, si no, no hubiese venido porque no tenemos nada en com\u00fan\u00bb. \u00abTengo mucho amor que dar, pero a \u00e9l por supuesto que no. Preferir\u00eda morirme antes\u00bb, sentenciaba al ser entrevistada por el equipo del programa. <\/p>\n<p class=\"voc-p\" style=\"\"> Pero cometieron el error de continuar la velada. La cena se convirti\u00f3 en un fuego cruzado de cuchillos. Indirectamente, <strong>Luis<\/strong> la llam\u00f3 mayor y se meti\u00f3 con su peso. Paqui contraatac\u00f3 cuestionando su talento como cantante, \u00abpone una cara de sapo que es inaguantable\u00bb. <\/p>\n<p class=\"voc-p\" style=\"\">Para ella, por tanto, la decisi\u00f3n final fue puro tr\u00e1mite. No se molest\u00f3 en dar m\u00e1s explicaciones a su negativa a tener una segunda cita que \u00abno me ha gustado nada de \u00e9l\u00bb. A diferencia del soltero, que intentaba cerrar la velada como amigos y cultivando una buena relaci\u00f3n por si se encuentran en Legan\u00e9s.<\/p>\n","protected":false},"excerpt":{"rendered":"Luis (70) lleg\u00f3 a &#8216;First Dates&#8217; desde Legan\u00e9s, aunque \u00e9l es natural \u00abde la tierra de los artistas\u00bb,&hellip;\n","protected":false},"author":2,"featured_media":197551,"comment_status":"","ping_status":"","sticky":false,"template":"","format":"standard","meta":{"footnotes":""},"categories":[171],"tags":[32652,146,147,25,24,25514,10437,54709,54708,31489,7714,23,214],"class_list":{"0":"post-197550","1":"post","2":"type-post","3":"status-publish","4":"format-standard","5":"has-post-thumbnail","7":"category-tv","8":"tag-conocia","9":"tag-entertainment","10":"tag-entretenimiento","11":"tag-es","12":"tag-espana","13":"tag-fantasma","14":"tag-horror","15":"tag-morirme","16":"tag-preferiria","17":"tag-reencontrarse","18":"tag-soltera","19":"tag-spain","20":"tag-tv"},"share_on_mastodon":{"url":"https:\/\/pubeurope.com\/@es\/115427299204301695","error":""},"_links":{"self":[{"href":"https:\/\/www.europesays.com\/es\/wp-json\/wp\/v2\/posts\/197550","targetHints":{"allow":["GET"]}}],"collection":[{"href":"https:\/\/www.europesays.com\/es\/wp-json\/wp\/v2\/posts"}],"about":[{"href":"https:\/\/www.europesays.com\/es\/wp-json\/wp\/v2\/types\/post"}],"author":[{"embeddable":true,"href":"https:\/\/www.europesays.com\/es\/wp-json\/wp\/v2\/users\/2"}],"replies":[{"embeddable":true,"href":"https:\/\/www.europesays.com\/es\/wp-json\/wp\/v2\/comments?post=197550"}],"version-history":[{"count":0,"href":"https:\/\/www.europesays.com\/es\/wp-json\/wp\/v2\/posts\/197550\/revisions"}],"wp:featuredmedia":[{"embeddable":true,"href":"https:\/\/www.europesays.com\/es\/wp-json\/wp\/v2\/media\/197551"}],"wp:attachment":[{"href":"https:\/\/www.europesays.com\/es\/wp-json\/wp\/v2\/media?parent=197550"}],"wp:term":[{"taxonomy":"category","embeddable":true,"href":"https:\/\/www.europesays.com\/es\/wp-json\/wp\/v2\/categories?post=197550"},{"taxonomy":"post_tag","embeddable":true,"href":"https:\/\/www.europesays.com\/es\/wp-json\/wp\/v2\/tags?post=197550"}],"curies":[{"name":"wp","href":"https:\/\/api.w.org\/{rel}","templated":true}]}}