{"id":197554,"date":"2025-10-24T04:40:09","date_gmt":"2025-10-24T04:40:09","guid":{"rendered":"https:\/\/www.europesays.com\/es\/197554\/"},"modified":"2025-10-24T04:40:09","modified_gmt":"2025-10-24T04:40:09","slug":"los-domingos-alauda-ruiz-de-azua-entre-la-catarsis-mistica-y-la-catequesis-cine-estrenos-y-criticas","status":"publish","type":"post","link":"https:\/\/www.europesays.com\/es\/197554\/","title":{"rendered":"\u2018Los domingos\u2019: Alauda Ruiz de Az\u00faa, entre la catarsis m\u00edstica y la catequesis | Cine: estrenos y cr\u00edticas"},"content":{"rendered":"<p class=\"\">Resulta chocante el revuelo de los \u00faltimos d\u00edas ante la iconograf\u00eda <a href=\"https:\/\/elpais.com\/cultura\/2025-10-20\/rosalia-anuncia-el-titulo-de-su-nuevo-disco-lux-y-el-dia-de-publicacion-7-de-noviembre.html\" target=\"_self\" rel=\"nofollow noopener\" title=\"https:\/\/elpais.com\/cultura\/2025-10-20\/rosalia-anuncia-el-titulo-de-su-nuevo-disco-lux-y-el-dia-de-publicacion-7-de-noviembre.html\">que despliega Rosal\u00eda en su nuevo disco.<\/a> El h\u00e1bito de las monjas, entre otros s\u00edmbolos cat\u00f3licos, lleva d\u00e9cadas <a href=\"https:\/\/elpais.com\/babelia\/2025-10-17\/misticismo-crimenes-y-amores-no-solo-espirituales-todas-las-historias-que-encierra-el-convento.html\" target=\"_self\" rel=\"nofollow noopener\" title=\"https:\/\/elpais.com\/babelia\/2025-10-17\/misticismo-crimenes-y-amores-no-solo-espirituales-todas-las-historias-que-encierra-el-convento.html\">inspirando a la moda, por no hablar de la m\u00fasica o el cine. <\/a>Mientras a\u00fan tenemos frescas a las monjas revolucionarias del \u00faltimo largometraje de Paul Thomas Anderson, Una batalla tras otra, cabe recordar que <a href=\"https:\/\/elpais.com\/cultura\/2017\/08\/17\/actualidad\/1502969399_955420.html\" target=\"_self\" rel=\"nofollow noopener\" title=\"https:\/\/elpais.com\/cultura\/2017\/08\/17\/actualidad\/1502969399_955420.html\">una de las mejores pel\u00edculas espa\u00f1olas de la historia, Viridiana, <\/a>est\u00e1 protagonizada por una novicia y que a su director, Luis Bu\u00f1uel, le encantaba disfrazarse de monja. Pero el esc\u00e1ndalo y la transgresi\u00f3n de ayer lleva tiempo diluida en la inanidad est\u00e9tica del presente. <\/p>\n<p>M\u00e1s informaci\u00f3n<\/p>\n<p class=\"\">Cuanto m\u00e1s se desacraliza nuestra sociedad, m\u00e1s f\u00e1cil resulta recurrir a ciertos s\u00edmbolos sin herir susceptibilidades. Lo cual no ha impedido que la coincidencia entre el h\u00e1bito de monja de Rosal\u00eda y el estreno de Los domingos, la pel\u00edcula de Alauda Ruiz de Az\u00faa que <a href=\"\" rel=\"\" title=\"\">se alz\u00f3 con la Concha de Oro en el \u00faltimo festival de San Sebasti\u00e1n, <\/a>haya incentivado el ejercicio de cierta cr\u00edtica cultural de ocasi\u00f3n bajo la abundancia digital. <\/p>\n<p class=\"\">Los domingos parte de una pregunta compleja y, visto lo visto, oportuna: \u00bfy si tu hija adolescente decide meterse a monja de clausura? Ruiz de Az\u00faa pone sobre la mesa esa cuesti\u00f3n y lo hace sobre un mantel muy determinado: el de una familia vasca m\u00e1s bien conservadora, desestructurada por la muerte de la madre, que lleva a sus hijas a un colegio religioso concertado y que, ante el deseo de ingresar en un convento de la primog\u00e9nita, se enfrasca en un tenso debate.<\/p>\n<p><img decoding=\"auto\" class=\"_re lazyload a_m-h\" height=\"277\"  width=\"414\"  src=\"https:\/\/www.europesays.com\/es\/wp-content\/uploads\/2025\/10\/AEFWN7L5FZHZTNPMFVIEJTDD2I.jpg\" loading=\"lazy\"\/>Blanca Soroa, abajo, en el coro del colegio de &#8216;Los domingos&#8217;, de Alauda Ruiz de Az\u00faa.David Herranz<\/p>\n<p class=\"\">Como ocurr\u00eda con la maternidad en <a href=\"https:\/\/elpais.com\/cultura\/2022-05-20\/cinco-lobitos-el-gozo-y-el-tormento-de-ser-madre-en-una-pelicula-prodigiosa.html\" target=\"_self\" rel=\"nofollow noopener\" title=\"https:\/\/elpais.com\/cultura\/2022-05-20\/cinco-lobitos-el-gozo-y-el-tormento-de-ser-madre-en-una-pelicula-prodigiosa.html\">Cinco lobitos, el primer y celebrado largometraje de Ruiz de Az\u00faa,<\/a> o en <a href=\"https:\/\/elpais.com\/television\/2024-10-20\/querer-arte-sin-adjetivos.html\" target=\"_self\" rel=\"nofollow noopener\" title=\"https:\/\/elpais.com\/television\/2024-10-20\/querer-arte-sin-adjetivos.html\">Querer, <\/a>su sobresaliente serie sobre los abusos dentro del matrimonio, a la directora lo que le interesa es el impacto de su propuesta en el seno de esa familia, organismo nuclear de la sociedad espa\u00f1ola. <\/p>\n<p class=\"\">Si los Javis cerraban su emocionante <a href=\"https:\/\/elpais.com\/television\/2023-11-25\/la-mesias-pasote.html\" target=\"_self\" rel=\"nofollow noopener\" title=\"https:\/\/elpais.com\/television\/2023-11-25\/la-mesias-pasote.html\">La Mes\u00edas<\/a> con una puerta abierta a la b\u00fasqueda de espiritualidad pese a la losa de la familia y la religi\u00f3n, Los domingos se entrega a la llamada divina desde una ambigua mezcla de catarsis m\u00edstica y clase de catequesis que provoca sentimientos encontrados. Ainara (magn\u00edfico debut de Blanca Soroa) quiere ser monja, y su decisi\u00f3n \u2014aterradora a ojos de un espectador laico\u2014 baja a tierra a trav\u00e9s de su ego\u00edsta y pusil\u00e1nime padre (Miguel Garc\u00e9s) y la fiera atea de su t\u00eda <a href=\"https:\/\/elpais.com\/eps\/2024-09-28\/patricia-lopez-arnaiz-me-siento-muy-vasca-aunque-no-tenga-los-ocho-apellidos.html\" target=\"_self\" rel=\"nofollow noopener\" title=\"https:\/\/elpais.com\/eps\/2024-09-28\/patricia-lopez-arnaiz-me-siento-muy-vasca-aunque-no-tenga-los-ocho-apellidos.html\">(Patricia L\u00f3pez Arnaiz)<\/a>. La direcci\u00f3n de actores es, como en los trabajos anteriores de Ruiz de Az\u00faa, uno de sus puntos m\u00e1s fuertes; la tensi\u00f3n de esta pel\u00edcula recae en ellos, aunque su protagonista quede relegada a un ensimismamiento con el que cuesta empatizar. <\/p>\n<p class=\"\">El esfuerzo de Ruiz de Az\u00faa se enfoca en mantener una equidistancia cuya sobria cautela perjudica sobre todo al personaje de la t\u00eda, una \u201cgestora cultural\u201d cuya exagerada animadversi\u00f3n por el clero convierte en visceral y dogm\u00e1tica su comprensible contrariedad por la decisi\u00f3n de su sobrina. El personaje de L\u00f3pez Arnaiz es el m\u00e1s sensato, pero Az\u00faa insiste en un retrato familiar antip\u00e1tico, donde solo se habla del dios dinero o mal de los dem\u00e1s. El materialismo se suma al car\u00e1cter airado de los adultos, algo que se contrapone al silencio, la introspecci\u00f3n y la paz de la vida monacal. Aunque hay momentos escalofriantes bajo la cruz \u2014como la secuencia del encuentro del padre y la t\u00eda con las monjas o las dos conversaciones de la cr\u00eda con el cura del colegio y la sibilina hermana que borda <a href=\"https:\/\/elpais.com\/cultura\/cine\/2025-09-22\/nagore-aranburu-la-protagonista-de-querer-esta-en-todos-lados-estrena-tres-peliculas-y-una-serie-en-san-sebastian.html\" target=\"_self\" rel=\"nofollow noopener\" title=\"https:\/\/elpais.com\/cultura\/cine\/2025-09-22\/nagore-aranburu-la-protagonista-de-querer-esta-en-todos-lados-estrena-tres-peliculas-y-una-serie-en-san-sebastian.html\">Nagore Aranburu\u2014<\/a> el retrato de las monjas es amable y transmite verdad. Pese a eso, el impulso de la muchacha se parece m\u00e1s a una huida que al deslumbramiento de la fe.<\/p>\n<p>M\u00e1s informaci\u00f3n<\/p>\n<p class=\"\">Los domingos no quiere elegir bando, juega a los grises en su fotograf\u00eda y en su puesta en escena, pero en su af\u00e1n por entender al otro (la directora y guionista se declara no creyente) acaba por despreciar a los suyos y la idea de perder a una hija, o sobrina, en un convento deviene, a ritmo de un emotivo coro, en algo parecido al fervor religioso y la glorificaci\u00f3n de la llamada divina. Los domingos se mueve as\u00ed como una polilla alrededor de la luz de un complejo debate cuyas certezas y contradicciones quedan en el aire. <\/p>\n<p>Los domingos<\/p>\n<p><strong>Direcci\u00f3n:<\/strong> Alauda Ruiz de Az\u00faa.<\/p>\n<p><strong>Int\u00e9rpretes: <\/strong>Blanca Soroa, Patricia L\u00f3pez Arnaiz, Miguel Garc\u00e9s, Nagore Aranburu, Juan Minuj\u00edn, Mabel Rivera.\u00a0<\/p>\n<p><strong>G\u00e9nero: <\/strong>drama. Espa\u00f1a, 2025.<\/p>\n<p><strong>Duraci\u00f3n: <\/strong>115 minutos.\u00a0<\/p>\n<p><strong>Estreno: 24 de octubre.<\/strong><\/p>\n","protected":false},"excerpt":{"rendered":"Resulta chocante el revuelo de los \u00faltimos d\u00edas ante la iconograf\u00eda que despliega Rosal\u00eda en su nuevo disco.&hellip;\n","protected":false},"author":2,"featured_media":197555,"comment_status":"","ping_status":"","sticky":false,"template":"","format":"standard","meta":{"footnotes":""},"categories":[169],"tags":[177,26334,12374,209,9265,146,147,25,24,9555,176,9217,175,42236,753,23],"class_list":{"0":"post-197554","1":"post","2":"type-post","3":"status-publish","4":"format-standard","5":"has-post-thumbnail","7":"category-cine","8":"tag-cine","9":"tag-cine-autor","10":"tag-cine-espanol","11":"tag-cultura","12":"tag-directores-cine","13":"tag-entertainment","14":"tag-entretenimiento","15":"tag-es","16":"tag-espana","17":"tag-festival-san-sebastian","18":"tag-film","19":"tag-monjas","20":"tag-movies","21":"tag-patricia-lopez-arnaiz","22":"tag-peliculas","23":"tag-spain"},"share_on_mastodon":{"url":"https:\/\/pubeurope.com\/@es\/115427306703843034","error":""},"_links":{"self":[{"href":"https:\/\/www.europesays.com\/es\/wp-json\/wp\/v2\/posts\/197554","targetHints":{"allow":["GET"]}}],"collection":[{"href":"https:\/\/www.europesays.com\/es\/wp-json\/wp\/v2\/posts"}],"about":[{"href":"https:\/\/www.europesays.com\/es\/wp-json\/wp\/v2\/types\/post"}],"author":[{"embeddable":true,"href":"https:\/\/www.europesays.com\/es\/wp-json\/wp\/v2\/users\/2"}],"replies":[{"embeddable":true,"href":"https:\/\/www.europesays.com\/es\/wp-json\/wp\/v2\/comments?post=197554"}],"version-history":[{"count":0,"href":"https:\/\/www.europesays.com\/es\/wp-json\/wp\/v2\/posts\/197554\/revisions"}],"wp:featuredmedia":[{"embeddable":true,"href":"https:\/\/www.europesays.com\/es\/wp-json\/wp\/v2\/media\/197555"}],"wp:attachment":[{"href":"https:\/\/www.europesays.com\/es\/wp-json\/wp\/v2\/media?parent=197554"}],"wp:term":[{"taxonomy":"category","embeddable":true,"href":"https:\/\/www.europesays.com\/es\/wp-json\/wp\/v2\/categories?post=197554"},{"taxonomy":"post_tag","embeddable":true,"href":"https:\/\/www.europesays.com\/es\/wp-json\/wp\/v2\/tags?post=197554"}],"curies":[{"name":"wp","href":"https:\/\/api.w.org\/{rel}","templated":true}]}}