{"id":197560,"date":"2025-10-24T04:43:11","date_gmt":"2025-10-24T04:43:11","guid":{"rendered":"https:\/\/www.europesays.com\/es\/197560\/"},"modified":"2025-10-24T04:43:11","modified_gmt":"2025-10-24T04:43:11","slug":"muere-a-los-66-anos-david-ball-teclista-del-duo-de-pop-electronico-soft-cell","status":"publish","type":"post","link":"https:\/\/www.europesays.com\/es\/197560\/","title":{"rendered":"Muere a los 66 a\u00f1os David Ball, teclista del d\u00fao de pop electr\u00f3nico Soft Cell"},"content":{"rendered":"<p class=\"article-text\">\n        David Ball, pionero de la <a href=\"https:\/\/www.eldiario.es\/cultura\/musica\/nueva-historia-musica-escrita-pista-baile_1_9821167.html\" data-mrf-recirculation=\"links-noticia\" class=\"link\" rel=\"nofollow noopener\" target=\"_blank\">m\u00fasica electr\u00f3nica<\/a> y confundador del d\u00fao brit\u00e1nico Soft Cell junto a Marc Almond, ha muerto a los 66 a\u00f1os \u201cpac\u00edficamente mientras dorm\u00eda\u201d. As\u00ed lo ha comunicado su compa\u00f1ero Almond en un comunicado a trav\u00e9s de <a href=\"https:\/\/www.instagram.com\/p\/DQJxQOzke4q\/?hl=es\" target=\"_blank\" data-mrf-recirculation=\"links-noticia\" class=\"link\" rel=\"nofollow noopener\">Instagram<\/a>, donde, aunque no da detalles sobre la causa de la muerte, se\u00f1ala que \u201cllevaba mucho tiempo enfermo y su salud se hab\u00eda ido deteriorando lentamente en los \u00faltimos a\u00f1os\u201d.\n    <\/p>\n<p>    <a href=\"https:\/\/www.eldiario.es\/cultura\/musica\/rosalia-hakuna-imagineria-cristiana-vuelto-musica_1_12692371.html\" data-mrf-recirculation=\"saber-mas\" data-dl-event=\"saber-mas\" rel=\"nofollow noopener\" target=\"_blank\"><\/p>\n<p class=\"know-more__title\">De Rosal\u00eda a Hakuna, \u00bfpor qu\u00e9 la imaginer\u00eda cristiana ha vuelto a la m\u00fasica?<\/p>\n<p>            <img decoding=\"async\" class=\"lazy\" loading=\"lazy\" data-src=\"https:\/\/static.eldiario.es\/clip\/103523b1-40c3-49d6-9a1c-7deac373363a_16-9-aspect-ratio_default_0.jpg\" src=\"data:image\/svg+xml,%3Csvg xmlns=\" http:=\"\" viewbox=\"0 0 880 495\" alt=\"De Rosal\u00eda a Hakuna, \u00bfpor qu\u00e9 la imaginer\u00eda cristiana ha vuelto a la m\u00fasica?\"\/><\/p>\n<p>                        <\/a><\/p>\n<p class=\"article-text\">\n        El grupo, cuya canci\u00f3n m\u00e1s famosa en su versi\u00f3n de Tainted Love, ha marcado a toda una generaci\u00f3n en <a href=\"https:\/\/www.eldiario.es\/cultura\/vuelve-oasis-batalla-personal-cultural-lucrativa-reino-unido_1_12416751.html\" data-mrf-recirculation=\"links-noticia\" class=\"link\" rel=\"nofollow noopener\" target=\"_blank\">Reino Unido<\/a> desde la publicaci\u00f3n de su disco debut Non-Stop Erotic Cabaret en 1981. \u201cOjal\u00e1 hubiera podido quedarse para celebrar el 50 aniversario dentro de un par de a\u00f1os. Siempre ser\u00e1 querido por los fans que amaban su m\u00fasica\u201d, declara Marc Almond, quien agrega que, aunque \u201ces un clich\u00e9 decirlo\u201d, la m\u00fasica de Ball \u201csigue viva y, en alg\u00fan lugar del mundo, en cualquier momento, alguien escucha, toca, baila y disfruta alguna canci\u00f3n de Soft Cell\u201d.\n    <\/p>\n<p class=\"article-text\">\n        Almond ha destacado que el teclista \u201csiempre regresaba con un esp\u00edritu decidido a continuar su trabajo en el estudio\u201d y, aunque no pod\u00eda viajar al extranjero, segu\u00eda siendo capaz de actuar con \u00e9l algunas veces en Reino Unido. \u201cSu \u00faltima aparici\u00f3n fue en el festival Rewind hace unas semanas, donde fuimos cabezas de cartel ante m\u00e1s de 20 000 personas, tras lo cual se sinti\u00f3 euf\u00f3rico y recibi\u00f3 un enorme impulso\u201d, ha afirmado el artista.\n    <\/p>\n<p>            <img decoding=\"async\" class=\"lazy\" loading=\"lazy\" data-src=\"https:\/\/static.eldiario.es\/clip\/67c9f28e-a109-42a6-a4d9-1c2d11c0f5c4_16-9-discover-aspect-ratio_default_1128689.jpg\" src=\"data:image\/svg+xml,%3Csvg xmlns=\" http:=\"\" viewbox=\"0 0 5294 2978\" alt=\"David Ball de Soft Cell, en un concierto en 2024\"\/><\/p>\n<p class=\"article-text\">\n        Asimismo, Almond ha revelado que ambos acababan de terminar un disco juntos, titulado Danceteria. Este ser\u00e1 el \u00faltimo trabajo que la banda saque a la luz, aunque todav\u00eda no tiene fecha de lanzamiento. \u201cNos lleva de vuelta a casi el principio de todo, a la Nueva York de principios de los 80, el lugar y la \u00e9poca que realmente nos molde\u00f3\u201d, ha indicado el artista.\n    <\/p>\n<p class=\"article-text\">\n        \u201cSiempre nos hemos sentido una banda estadounidense honoraria, adem\u00e1s de esencialmente brit\u00e1nica. Siempre hemos hecho referencia a la historia y los mitos de Soft Cell, y este \u00e1lbum, en muchos sentidos, cerrar\u00e1 ese c\u00edrculo para nosotros\u201d, ha a\u00f1adido. Nacido en Chester en 1959, Ball se mud\u00f3 de Blackpool a Leeds para estudiar Bellas Artes. Trabaj\u00f3 por primera vez con Almond cuando le proporcion\u00f3 un sonido electr\u00f3nico a una pieza improvisada.\n    <\/p>\n<p>    <a href=\"https:\/\/www.eldiario.es\/cultura\/david-arnoff-fotografo-escena-punk-angeles-competitivos-querian-molar-nadie_1_12698147.html\" data-mrf-recirculation=\"saber-mas-abajo\" data-dl-event=\"saber-mas-abajo\" rel=\"nofollow noopener\" target=\"_blank\"><\/p>\n<p class=\"know-more__title\">David Arnoff, el fot\u00f3grafo de la escena punk de Los \u00c1ngeles: \u201cEran competitivos, todos quer\u00edan molar m\u00e1s que nadie\u201d<\/p>\n<p>            <img decoding=\"async\" class=\"lazy\" loading=\"lazy\" data-src=\"https:\/\/static.eldiario.es\/clip\/b39ef510-ec4b-4c6e-bfbe-93efaab2f9f9_16-9-aspect-ratio_default_0.jpg\" src=\"data:image\/svg+xml,%3Csvg xmlns=\" http:=\"\" viewbox=\"0 0 880 495\" alt=\"David Arnoff, el fot\u00f3grafo de la escena punk de Los \u00c1ngeles: \u201cEran competitivos, todos quer\u00edan molar m\u00e1s que nadie\u201d\"\/><\/p>\n<p>                        <\/a><\/p>\n<p class=\"article-text\">\n        \u201cMis pensamientos est\u00e1n con su familia en estos momentos. Gracias, Dave, por ser una parte tan importante de mi vida y por la m\u00fasica que me diste. No estar\u00eda donde estoy sin ti\u201d, ha concluido en su carta Almond, que describe a David Ball como un \u201cmaravilloso y brillante genio musical\u201d. Entre 1982 y 2021, Soft Cell ha publicado cuatro \u00e1lbumes de estudio m\u00e1s aparte de su debut: The Art Of Falling Apart, This Last Night In Sodom, Cruelty Without Beauty y *Happiness not included.\n    <\/p>\n<p>                                    <script async src=\"\/\/www.instagram.com\/embed.js\"><\/script><\/p>\n","protected":false},"excerpt":{"rendered":"David Ball, pionero de la m\u00fasica electr\u00f3nica y confundador del d\u00fao brit\u00e1nico Soft Cell junto a Marc Almond,&hellip;\n","protected":false},"author":2,"featured_media":197561,"comment_status":"","ping_status":"","sticky":false,"template":"","format":"standard","meta":{"footnotes":""},"categories":[91],"tags":[27623,988,11203,11139,2429,16738,51769,146,147,25,24,8938,6765,17079,23,54710],"class_list":{"0":"post-197560","1":"post","2":"type-post","3":"status-publish","4":"format-standard","5":"has-post-thumbnail","7":"category-entretenimiento","8":"tag-27623","9":"tag-anos","10":"tag-ball","11":"tag-cell","12":"tag-david","13":"tag-duo","14":"tag-electronico","15":"tag-entertainment","16":"tag-entretenimiento","17":"tag-es","18":"tag-espana","19":"tag-muere","20":"tag-pop","21":"tag-soft","22":"tag-spain","23":"tag-teclista"},"share_on_mastodon":{"url":"https:\/\/pubeurope.com\/@es\/115427318480174089","error":""},"_links":{"self":[{"href":"https:\/\/www.europesays.com\/es\/wp-json\/wp\/v2\/posts\/197560","targetHints":{"allow":["GET"]}}],"collection":[{"href":"https:\/\/www.europesays.com\/es\/wp-json\/wp\/v2\/posts"}],"about":[{"href":"https:\/\/www.europesays.com\/es\/wp-json\/wp\/v2\/types\/post"}],"author":[{"embeddable":true,"href":"https:\/\/www.europesays.com\/es\/wp-json\/wp\/v2\/users\/2"}],"replies":[{"embeddable":true,"href":"https:\/\/www.europesays.com\/es\/wp-json\/wp\/v2\/comments?post=197560"}],"version-history":[{"count":0,"href":"https:\/\/www.europesays.com\/es\/wp-json\/wp\/v2\/posts\/197560\/revisions"}],"wp:featuredmedia":[{"embeddable":true,"href":"https:\/\/www.europesays.com\/es\/wp-json\/wp\/v2\/media\/197561"}],"wp:attachment":[{"href":"https:\/\/www.europesays.com\/es\/wp-json\/wp\/v2\/media?parent=197560"}],"wp:term":[{"taxonomy":"category","embeddable":true,"href":"https:\/\/www.europesays.com\/es\/wp-json\/wp\/v2\/categories?post=197560"},{"taxonomy":"post_tag","embeddable":true,"href":"https:\/\/www.europesays.com\/es\/wp-json\/wp\/v2\/tags?post=197560"}],"curies":[{"name":"wp","href":"https:\/\/api.w.org\/{rel}","templated":true}]}}