{"id":197566,"date":"2025-10-24T04:46:08","date_gmt":"2025-10-24T04:46:08","guid":{"rendered":"https:\/\/www.europesays.com\/es\/197566\/"},"modified":"2025-10-24T04:46:08","modified_gmt":"2025-10-24T04:46:08","slug":"la-tormenta-tropical-melissa-se-fortalece-en-el-caribe-y-amenaza-con-convertirse-en-huracan-grande-y-peligroso-paises-en-alerta-y-pronostico","status":"publish","type":"post","link":"https:\/\/www.europesays.com\/es\/197566\/","title":{"rendered":"La tormenta tropical \u2018Melissa\u2019 se fortalece en el Caribe y amenaza con convertirse en \u201churac\u00e1n grande y peligroso\u201d: pa\u00edses en alerta y pron\u00f3stico"},"content":{"rendered":"<p class=\"\">La tormenta tropical Melissa sigue ganando fuerza en el mar Caribe central y podr\u00eda transformarse en \u201churac\u00e1n grande y peligroso\u201d, de acuerdo con el <a href=\"https:\/\/www.nhc.noaa.gov\/text\/refresh\/MIATDSAT3%2Bshtml\/211446.shtml\" target=\"_self\" rel=\"nofollow noopener\" title=\"https:\/\/www.nhc.noaa.gov\/text\/refresh\/MIATDSAT3%2Bshtml\/211446.shtml\">reporte m\u00e1s reciente del Centro Nacional de Huracanes<\/a> de Estados Unidos (NHC), publicado a las 11.00 de este jueves (UTC 15.00). El organismo ha alertado que el cicl\u00f3n se mueve con lentitud, lo que eleva el riesgo de un periodo prolongado de fuertes vientos y lluvias intensas que podr\u00edan derivar en inundaciones repentinas y deslizamientos de tierra en las <a href=\"https:\/\/verne.elpais.com\/verne\/2015\/08\/05\/articulo\/1438791476_909728.html\" target=\"_self\" rel=\"nofollow noopener\" title=\"https:\/\/verne.elpais.com\/verne\/2015\/08\/05\/articulo\/1438791476_909728.html\">islas del Caribe central<\/a>, especialmente en Jamaica. <\/p>\n<p class=\"\">Seg\u00fan el NHC, el sistema ha experimentado una \u201cmetamorfosis estructural\u201d: presenta bandas nubosas bien definidas y una convecci\u00f3n m\u00e1s organizada; adem\u00e1s, la cizalladura del viento se ha reducido por debajo de los 20 nudos, una condici\u00f3n que \u201cpodr\u00eda permitir una <a href=\"https:\/\/elpais.com\/mexico\/2025-06-20\/erick-el-ultimo-ejemplo-de-huracanes-cada-vez-mas-precoces-y-que-se-intensifican-rapidamente.html\" target=\"_self\" rel=\"nofollow noopener\" title=\"https:\/\/elpais.com\/mexico\/2025-06-20\/erick-el-ultimo-ejemplo-de-huracanes-cada-vez-mas-precoces-y-que-se-intensifican-rapidamente.html\">intensificaci\u00f3n m\u00e1s r\u00e1pida<\/a> en las pr\u00f3ximas horas\u201d. <\/p>\n<p>Ubicaci\u00f3n actual y trayectoria prevista<\/p>\n<p class=\"\">A las 11.00, la tormenta tropical Melissa se ubicaba en la latitud 15,4\u00b0 norte y longitud 74,9\u00b0 oeste, con vientos m\u00e1ximos sostenidos de 75 kil\u00f3metros por hora y rachas m\u00e1s intensas. De acuerdo con el NHC, el sistema continuar\u00e1 movi\u00e9ndose lentamente hacia el norte durante las pr\u00f3ximas 24 horas, antes de girar gradualmente al oeste entre el s\u00e1bado y el lunes, influenciado por una cresta de nivel medio sobre el Atl\u00e1ntico. <\/p>\n<p class=\"\">Sin embargo, los <a href=\"https:\/\/elpais.com\/proyecto-tendencias\/2025-06-18\/los-modelos-meteorologicos-basados-en-ia-tropiezan-con-la-prediccion-de-fenomenos-ineditos.html\" target=\"_self\" rel=\"nofollow noopener\" title=\"https:\/\/elpais.com\/proyecto-tendencias\/2025-06-18\/los-modelos-meteorologicos-basados-en-ia-tropiezan-con-la-prediccion-de-fenomenos-ineditos.html\">modelos meteorol\u00f3gicos <\/a>a\u00fan no coinciden en la trayectoria exacta. Por ahora, el pron\u00f3stico oficial mantiene a Jamaica en el centro del cono de incertidumbre, y con altas posibilidades de lluvias intensas y marejadas en los pr\u00f3ximos d\u00edas.<\/p>\n<p>Pron\u00f3stico: el riesgo de que \u2018Melissa\u2019 se convierta en un hurac\u00e1n mayor<\/p>\n<p class=\"\">Las condiciones atmosf\u00e9ricas son cada vez m\u00e1s favorables para que el sistema se fortalezca r\u00e1pidamente. Las temperaturas del mar (30\u00b0\u201331 \u00b0C) y la baja cizalladura del viento (10\u201315 nudos) favorecen el desarrollo de un n\u00facleo interno bien definido, lo que abrir\u00eda la puerta a una intensificaci\u00f3n acelerada. <\/p>\n<p class=\"\">Este es el pron\u00f3stico hasta el momento: <\/p>\n<ul>\n<li>En 48 horas puede alcanzar la categor\u00eda de hurac\u00e1n;<\/li>\n<li>En 72 horas puede convertirse en un hurac\u00e1n mayor, con vientos m\u00e1ximos de hasta 215 kil\u00f3metros por hora;<\/li>\n<\/ul>\n<p>Pa\u00edses en riesgo y efectos<\/p>\n<p class=\"\">El mayor riesgo hasta ahora es el movimiento lento de la tormenta y las consecuencias que esto traer\u00eda. De acuerdo con el NHC, estos pa\u00edses son los m\u00e1s afectados: <\/p>\n<ul>\n<li>Jamaica. Se prev\u00e9n lluvias intensas, vientos potencialmente da\u00f1inos y oleaje elevado desde el viernes. Las autoridades locales han pedido a la poblaci\u00f3n acelerar los preparativos ante posibles inundaciones y deslizamientos de tierra;<\/li>\n<li>Hait\u00ed. Especialmente en la pen\u00ednsula de Tibur\u00f3n, los efectos del viento y la lluvia podr\u00edan sentirse durante uno o dos d\u00edas, con alto riesgo de inundaciones repentinas<\/li>\n<li>Rep\u00fablica Dominicana. En el sur del pa\u00eds, las precipitaciones intensas podr\u00edan extenderse hasta comienzos de la pr\u00f3xima semana, generando crecidas de r\u00edos y deslizamientos en \u00e1reas monta\u00f1osas.<\/li>\n<\/ul>\n","protected":false},"excerpt":{"rendered":"La tormenta tropical Melissa sigue ganando fuerza en el mar Caribe central y podr\u00eda transformarse en \u201churac\u00e1n grande&hellip;\n","protected":false},"author":2,"featured_media":197567,"comment_status":"","ping_status":"","sticky":false,"template":"","format":"standard","meta":{"footnotes":""},"categories":[42],"tags":[889,17,18,54711,13193,13,14,24065,11,21272,61,62,63,64,29744,19,20,1804,28088,9,10,15,16,19665,12,8091,21,22,6641,65,66,67],"class_list":{"0":"post-197566","1":"post","2":"type-post","3":"status-publish","4":"format-standard","5":"has-post-thumbnail","7":"category-internacional","8":"tag-america","9":"tag-breaking-news","10":"tag-breakingnews","11":"tag-ciclones","12":"tag-el-tiempo","13":"tag-featured-news","14":"tag-featurednews","15":"tag-haiti","16":"tag-headlines","17":"tag-huracanes","18":"tag-internacional","19":"tag-international","20":"tag-international-news","21":"tag-internationalnews","22":"tag-jamaica","23":"tag-latest-news","24":"tag-latestnews","25":"tag-latinoamerica","26":"tag-lluvias-torrenciales","27":"tag-news","28":"tag-noticias","29":"tag-noticias-destacadas","30":"tag-noticiasdestacadas","31":"tag-republica-dominicana","32":"tag-titulares","33":"tag-tormentas","34":"tag-ultimas-noticias","35":"tag-ultimasnoticias","36":"tag-viento","37":"tag-world","38":"tag-world-news","39":"tag-worldnews"},"share_on_mastodon":{"url":"","error":"Validation failed: Text character limit of 500 exceeded"},"_links":{"self":[{"href":"https:\/\/www.europesays.com\/es\/wp-json\/wp\/v2\/posts\/197566","targetHints":{"allow":["GET"]}}],"collection":[{"href":"https:\/\/www.europesays.com\/es\/wp-json\/wp\/v2\/posts"}],"about":[{"href":"https:\/\/www.europesays.com\/es\/wp-json\/wp\/v2\/types\/post"}],"author":[{"embeddable":true,"href":"https:\/\/www.europesays.com\/es\/wp-json\/wp\/v2\/users\/2"}],"replies":[{"embeddable":true,"href":"https:\/\/www.europesays.com\/es\/wp-json\/wp\/v2\/comments?post=197566"}],"version-history":[{"count":0,"href":"https:\/\/www.europesays.com\/es\/wp-json\/wp\/v2\/posts\/197566\/revisions"}],"wp:featuredmedia":[{"embeddable":true,"href":"https:\/\/www.europesays.com\/es\/wp-json\/wp\/v2\/media\/197567"}],"wp:attachment":[{"href":"https:\/\/www.europesays.com\/es\/wp-json\/wp\/v2\/media?parent=197566"}],"wp:term":[{"taxonomy":"category","embeddable":true,"href":"https:\/\/www.europesays.com\/es\/wp-json\/wp\/v2\/categories?post=197566"},{"taxonomy":"post_tag","embeddable":true,"href":"https:\/\/www.europesays.com\/es\/wp-json\/wp\/v2\/tags?post=197566"}],"curies":[{"name":"wp","href":"https:\/\/api.w.org\/{rel}","templated":true}]}}