{"id":197568,"date":"2025-10-24T04:47:08","date_gmt":"2025-10-24T04:47:08","guid":{"rendered":"https:\/\/www.europesays.com\/es\/197568\/"},"modified":"2025-10-24T04:47:08","modified_gmt":"2025-10-24T04:47:08","slug":"cribados-de-cancer-de-mama-los-infundios-de-andalucia-son-las-mismas-mierdas-de-madrid-el-pp-tropieza-de-nuevo-con-las-victimas-espana","status":"publish","type":"post","link":"https:\/\/www.europesays.com\/es\/197568\/","title":{"rendered":"Cribados de c\u00e1ncer de mama: Los \u201cinfundios\u201d de Andaluc\u00eda son las \u201cmismas mierdas\u201d de Madrid: el PP tropieza de nuevo con las v\u00edctimas | Espa\u00f1a"},"content":{"rendered":"<p class=\"\">Sin estridencias ni alharacas, Juan Manuel Moreno Bonilla se ha dedicado en sus siete a\u00f1os de gobierno en Andaluc\u00eda a marcar la diferencia, a reivindicar una forma de hacer pol\u00edtica dentro del PP contrapuesta a la de <a href=\"https:\/\/elpais.com\/espana\/2025-10-10\/malestar-en-el-pp-con-ayuso-tras-su-ultimo-desafio-antiabortista-deja-a-los-demas-con-el-culo-al-aire.html\" target=\"_self\" rel=\"nofollow noopener\" title=\"https:\/\/elpais.com\/espana\/2025-10-10\/malestar-en-el-pp-con-ayuso-tras-su-ultimo-desafio-antiabortista-deja-a-los-demas-con-el-culo-al-aire.html\">tierra quemada de Isabel D\u00edaz Ayuso<\/a> y la incompetencia de Carlos Maz\u00f3n. La crisis de los <a href=\"https:\/\/elpais.com\/sociedad\/2025-10-02\/la-junta-admite-que-2000-mujeres-han-sufrido-los-retrasos-en-los-diagnosticos-del-cancer-de-mama.html\" target=\"_self\" rel=\"nofollow noopener\" title=\"https:\/\/elpais.com\/sociedad\/2025-10-02\/la-junta-admite-que-2000-mujeres-han-sufrido-los-retrasos-en-los-diagnosticos-del-cancer-de-mama.html\">cribados del c\u00e1ncer de mama<\/a> ha hecho saltar las costuras tambi\u00e9n de esa estrategia y el PP andaluz ha transitado esta semana por el carril que frecuenta el madrile\u00f1o: los<a href=\"https:\/\/elpais.com\/sociedad\/2025-10-22\/el-consejero-andaluz-de-salud-pide-explicaciones-por-las-denuncias-falsas-sobre-los-cribados.html\" target=\"_self\" rel=\"nofollow noopener\" title=\"https:\/\/elpais.com\/sociedad\/2025-10-22\/el-consejero-andaluz-de-salud-pide-explicaciones-por-las-denuncias-falsas-sobre-los-cribados.html\"> \u201cinfundios\u201d <\/a>de los que el nuevo consejero andaluz acus\u00f3 a la Asociaci\u00f3n de Mujeres con C\u00e1ncer de Mama (Amama) suenan a algo parecido a <a href=\"https:\/\/www.youtube.com\/watch?v=VlNcqVGEe6k\" target=\"_self\" rel=\"nofollow noopener\" title=\"https:\/\/www.youtube.com\/watch?v=VlNcqVGEe6k\">las \u201cmismas mierdas\u201d de las que habl\u00f3 D\u00edaz Ayuso<\/a> para referirse a las muertes en las residencias de ancianos durante la pandemia. <\/p>\n<p class=\"\">No son crisis con la misma entidad, pero hay un patr\u00f3n de comportamiento compartido entre los tres gobiernos del PP: se\u00f1alar a las v\u00edctimas y sembrar dudas sobre la honestidad de su causa. Fue lo que hizo entonces la presidenta madrile\u00f1a al no desautorizar a su director de gabinete, Miguel \u00c1ngel Rodr\u00edguez, cuando acus\u00f3 al <a href=\"https:\/\/elpais.com\/espana\/madrid\/2025-02-17\/miguel-angel-rodriguez-miente-sobre-las-victimas-de-las-residencias-de-la-covid-y-luego-rectifica-entre-peticiones-de-dimision.html\" target=\"_self\" rel=\"nofollow noopener\" title=\"https:\/\/elpais.com\/espana\/madrid\/2025-02-17\/miguel-angel-rodriguez-miente-sobre-las-victimas-de-las-residencias-de-la-covid-y-luego-rectifica-entre-peticiones-de-dimision.html\">familiar de un fallecido de inventarse un testimonio<\/a>. \u201cSiempre est\u00e1n critic\u00e1ndonos con lo mismo, siempre nos est\u00e1n llevando con las mismas mierdas\u201d, reproch\u00f3 a la oposici\u00f3n, ignorando el dolor de quienes perdieron a sus padres y abuelos tras la aplicaci\u00f3n de los \u201cprotocolos de la verg\u00fcenza\u201d. \u201cDesde el cari\u00f1o\u201d, dijo Antonio Sanz a la asociaci\u00f3n Amama, \u201cdejen de lanzar infundios y dejen de intentar desprestigiar al sistema sanitario\u201d. <\/p>\n<p class=\"\">La estrategia de dibujar a las integrantes de la asociaci\u00f3n de mujeres con c\u00e1ncer de mama como activistas de izquierdas suena demasiado a lo que hemos visto en Madrid y, deber\u00edan saberlo, tiene muy poco recorrido pol\u00edtico. La crisis de confianza en la sanidad andaluza no se debe a las declaraciones que hace <a href=\"https:\/\/elpais.com\/sociedad\/2025-10-12\/la-presidenta-de-la-asociacion-de-mujeres-con-cancer-de-sevilla-moreno-y-yo-no-hablamos-el-mismo-idioma.html\" target=\"_self\" rel=\"nofollow noopener\" title=\"https:\/\/elpais.com\/sociedad\/2025-10-12\/la-presidenta-de-la-asociacion-de-mujeres-con-cancer-de-sevilla-moreno-y-yo-no-hablamos-el-mismo-idioma.html\">\u00c1ngela Claverol, la presidenta de Amama<\/a>, sino a la experiencia personal que muchos andaluces evocan cada vez que la escuchan o la Junta se enreda en sus explicaciones. Lo debe de saber bien el nuevo consejero andaluz, que es un veterano dirigente pol\u00edtico. La reuni\u00f3n de su antecesora con Amama complic\u00f3 la relaci\u00f3n con la Junta y la asociaci\u00f3n, por ahora, no ha querido reunirse con el presidente. Deber\u00eda de mirarse en el espejo de sus colegas en otros territorios, quiz\u00e1 en el de la Comunidad Valenciana, donde Carlos Maz\u00f3n est\u00e1 pagando su frivolidad en el trato a los afectados: \u201cNo ha abierto las puertas, no est\u00e1, no tiende la mano, no hace nada de todo eso\u201d, se lament\u00f3 <a href=\"https:\/\/elpais.com\/espana\/comunidad-valenciana\/2025-09-25\/rosa-alvarez-presidenta-de-la-asociacion-victimas-mortales-de-la-dana-nos-marchamos-de-las-cortes-por-la-retahila-de-mentiras-de-mazon.html\" target=\"_self\" rel=\"nofollow noopener\" title=\"https:\/\/elpais.com\/espana\/comunidad-valenciana\/2025-09-25\/rosa-alvarez-presidenta-de-la-asociacion-victimas-mortales-de-la-dana-nos-marchamos-de-las-cortes-por-la-retahila-de-mentiras-de-mazon.html\">Rosa \u00c1lvarez, presidenta de la Asociaci\u00f3n de V\u00edctimas Mortales de la Dana<\/a>, el d\u00eda que <a href=\"https:\/\/elpais.com\/espana\/comunidad-valenciana\/2025-09-23\/victimas-de-la-dana-abandonan-indignadas-les-corts-tras-asegurar-mazon-que-siempre-les-tiende-la-mano.html\" target=\"_self\" rel=\"nofollow noopener\" title=\"https:\/\/elpais.com\/espana\/comunidad-valenciana\/2025-09-23\/victimas-de-la-dana-abandonan-indignadas-les-corts-tras-asegurar-mazon-que-siempre-les-tiende-la-mano.html\">abandon\u00f3 las Cortes<\/a> tras o\u00edr al president decir todo lo contrario. <\/p>\n<p class=\"\">Se\u00f1alar a las v\u00edctimas est\u00e1 en el manual de lo que no se tiene que hacer en pol\u00edtica, pero Moreno Bonilla est\u00e1 en un escenario in\u00e9dito en su trayectoria. Ha habitado hasta ahora en un ecosistema muy particular en el que la pol\u00edtica nacional ha servido para reforzarse sin tener que rendir demasiadas cuentas por los asuntos de su competencia. En el Parlamento andaluz se ha estado debatiendo del Gobierno de Espa\u00f1a m\u00e1s que de Andaluc\u00eda, con la amplificaci\u00f3n pertinente de la televisi\u00f3n p\u00fablica auton\u00f3mica. <a href=\"https:\/\/elpais.com\/espana\/2025-02-09\/el-sistematico-doble-rasero-de-canal-sur-a-favor-del-pp.html\" target=\"_self\" rel=\"nofollow noopener\" title=\"https:\/\/elpais.com\/espana\/2025-02-09\/el-sistematico-doble-rasero-de-canal-sur-a-favor-del-pp.html\">Canal Sur hablando de Pedro S\u00e1nchez<\/a> a todas horas mientras los focos nacionales solo apuntaban a Moreno Bonilla para glosar su perfil antag\u00f3nico al de D\u00edaz Ayuso. <\/p>\n<p class=\"\">Todo esto ha cambiado. La pol\u00edtica nacional ahora se le vuelve en contra porque Andaluc\u00eda est\u00e1 en el centro del debate, <a href=\"https:\/\/elpais.com\/sociedad\/2025-10-23\/la-fiscalia-andaluza-investiga-los-fallos-en-el-cribado-de-cancer-de-mama.html\" target=\"_self\" rel=\"nofollow noopener\" title=\"https:\/\/elpais.com\/sociedad\/2025-10-23\/la-fiscalia-andaluza-investiga-los-fallos-en-el-cribado-de-cancer-de-mama.html\">la Fiscal\u00eda ha abierto una investigaci\u00f3n<\/a> y G\u00e9nova tiene su propia din\u00e1mica. Moreno Bonilla no puede restablecer la confianza en el sistema sanitario sin transparencia, pero Alberto N\u00fa\u00f1ez Feij\u00f3o justifica que las <a href=\"https:\/\/elpais.com\/espana\/2025-10-22\/genova-consensuo-con-los-gobiernos-del-pp-el-plante-a-la-peticion-de-sanidad-sobre-los-cribados-de-cancer.html\" target=\"_self\" rel=\"nofollow noopener\" title=\"https:\/\/elpais.com\/espana\/2025-10-22\/genova-consensuo-con-los-gobiernos-del-pp-el-plante-a-la-peticion-de-sanidad-sobre-los-cribados-de-cancer.html\">comunidades aut\u00f3nomas se niegan a ofrecer datos al ministerio<\/a> sobre los cribados de c\u00e1ncer. \u201cTodo parece indicar que tiene que ver con un inter\u00e9s m\u00e1s pol\u00edtico y partidista que sanitario\u201d, argumenta el l\u00edder del PP. Lo que puede valerle a Feij\u00f3o en este contexto, perjudica a Moreno Bonilla. Andaluc\u00eda, de hecho, ha garantizado al Gobierno que ofrecer\u00e1 datos. <\/p>\n<p class=\"\">Que Andaluc\u00eda deje de ser una isla es una mala noticia para Moreno Bonilla porque le resulta mucho m\u00e1s dif\u00edcil controlar el relato y porque todo se parece demasiado a las piedras con las que han tropezado los populares. Los comentarios despreocupados sobre las v\u00edctimas recuerdan los de otros dirigentes en otras crisis, igual que el intento de confundir las cr\u00edticas a su gesti\u00f3n con el ataque a los profesionales; eso tambi\u00e9n lo vimos en Madrid en la pandemia. Y, por supuesto, el recurso de matar al mensajero y acusar a los medios de difundir bulos a cuenta de las <a href=\"https:\/\/elpais.com\/sociedad\/2025-10-21\/las-mujeres-afectadas-por-los-cribados-piden-a-la-fiscalia-que-investigue-la-desaparicion-de-historiales-medicos.html\" target=\"_self\" rel=\"nofollow noopener\" title=\"https:\/\/elpais.com\/sociedad\/2025-10-21\/las-mujeres-afectadas-por-los-cribados-piden-a-la-fiscalia-que-investigue-la-desaparicion-de-historiales-medicos.html\">dudas que Amama<\/a> ha expresado sobre el acceso a las historias cl\u00ednicas de las pacientes. \u201cNo todo vale en pol\u00edtica\u201d, se lament\u00f3 el PP andaluz en X, acusando a Pedro S\u00e1nchez de \u201chacerse eco de un bulo que ha levantado el PSOE de Andaluc\u00eda\u201d. Habr\u00e1 que ver c\u00f3mo avanzan las investigaciones en marcha. Y lo de la difusi\u00f3n de bulos en el Congreso de los Diputados que se lo pregunten a algunos compa\u00f1eros de partido. <\/p>\n","protected":false},"excerpt":{"rendered":"Sin estridencias ni alharacas, Juan Manuel Moreno Bonilla se ha dedicado en sus siete a\u00f1os de gobierno en&hellip;\n","protected":false},"author":2,"featured_media":197569,"comment_status":"","ping_status":"","sticky":false,"template":"","format":"standard","meta":{"footnotes":""},"categories":[8],"tags":[6069,259,51067,17,18,5795,17019,2007,25,24,13,14,11,4274,3515,26166,19,20,8811,9,10,15,16,956,23,12,21,22,431],"class_list":{"0":"post-197568","1":"post","2":"type-post","3":"status-publish","4":"format-standard","5":"has-post-thumbnail","7":"category-espana","8":"tag-alberto-nunez-feijoo","9":"tag-andalucia","10":"tag-antonio-sanz","11":"tag-breaking-news","12":"tag-breakingnews","13":"tag-canal-sur","14":"tag-cancer-mama","15":"tag-carlos-mazon","16":"tag-es","17":"tag-espana","18":"tag-featured-news","19":"tag-featurednews","20":"tag-headlines","21":"tag-inundaciones-dana-octubre-2024","22":"tag-isabel-diaz-ayuso","23":"tag-juan-manuel-moreno","24":"tag-latest-news","25":"tag-latestnews","26":"tag-miguel-angel-rodriguez","27":"tag-news","28":"tag-noticias","29":"tag-noticias-destacadas","30":"tag-noticiasdestacadas","31":"tag-pp","32":"tag-spain","33":"tag-titulares","34":"tag-ultimas-noticias","35":"tag-ultimasnoticias","36":"tag-victimas"},"share_on_mastodon":{"url":"","error":"Validation failed: Text character limit of 500 exceeded"},"_links":{"self":[{"href":"https:\/\/www.europesays.com\/es\/wp-json\/wp\/v2\/posts\/197568","targetHints":{"allow":["GET"]}}],"collection":[{"href":"https:\/\/www.europesays.com\/es\/wp-json\/wp\/v2\/posts"}],"about":[{"href":"https:\/\/www.europesays.com\/es\/wp-json\/wp\/v2\/types\/post"}],"author":[{"embeddable":true,"href":"https:\/\/www.europesays.com\/es\/wp-json\/wp\/v2\/users\/2"}],"replies":[{"embeddable":true,"href":"https:\/\/www.europesays.com\/es\/wp-json\/wp\/v2\/comments?post=197568"}],"version-history":[{"count":0,"href":"https:\/\/www.europesays.com\/es\/wp-json\/wp\/v2\/posts\/197568\/revisions"}],"wp:featuredmedia":[{"embeddable":true,"href":"https:\/\/www.europesays.com\/es\/wp-json\/wp\/v2\/media\/197569"}],"wp:attachment":[{"href":"https:\/\/www.europesays.com\/es\/wp-json\/wp\/v2\/media?parent=197568"}],"wp:term":[{"taxonomy":"category","embeddable":true,"href":"https:\/\/www.europesays.com\/es\/wp-json\/wp\/v2\/categories?post=197568"},{"taxonomy":"post_tag","embeddable":true,"href":"https:\/\/www.europesays.com\/es\/wp-json\/wp\/v2\/tags?post=197568"}],"curies":[{"name":"wp","href":"https:\/\/api.w.org\/{rel}","templated":true}]}}