{"id":197575,"date":"2025-10-24T04:55:15","date_gmt":"2025-10-24T04:55:15","guid":{"rendered":"https:\/\/www.europesays.com\/es\/197575\/"},"modified":"2025-10-24T04:55:15","modified_gmt":"2025-10-24T04:55:15","slug":"preocuparme-por-verstappen-no-me-ayudara-a-ganar-el-titulo","status":"publish","type":"post","link":"https:\/\/www.europesays.com\/es\/197575\/","title":{"rendered":"Preocuparme por Verstappen no me ayudar\u00e1 a ganar el t\u00edtulo"},"content":{"rendered":"<p><a href=\"https:\/\/lat.motorsport.com\/driver\/oscar-piastri\/828724\/\" target=\"_blank\" rel=\"noopener nofollow\">Oscar Piastri<\/a> asegura que no cambiar\u00e1 su enfoque a pesar de la recuperaci\u00f3n de su rival por el t\u00edtulo de pilotos, <a href=\"https:\/\/lat.motorsport.com\/driver\/max-verstappen\/465982\/\" target=\"_blank\" rel=\"noopener nofollow\">Max Verstappen<\/a>, en el campeonato de F1 2025.<\/p>\n<p>La ventaja de Piastri sobre Verstappen, que era de 104 puntos, se redujo a 40 en apenas cuatro grandes premios, ya que el piloto de Red Bull logr\u00f3 cuatro victorias (incluida una en carrera sprint) y un segundo puesto en ese per\u00edodo. Mientras tanto, el l\u00edder del campeonato y piloto de McLaren atraves\u00f3 una racha de bajo rendimiento, que incluy\u00f3 un costoso accidente en la primera vuelta del Gran Premio de Azerbaiy\u00e1n.<\/p>\n<p>\u00abLa racha de resultados que [Verstappen] ha tenido desde Monza ha sido un poco sorprendente\u00bb, admiti\u00f3 Piastri en la previa del GP de M\u00e9xico. \u00abDe nuevo, ya hab\u00edamos visto destellos de ese nivel de rendimiento en ciertos momentos al inicio de la temporada, pero tambi\u00e9n hubo ca\u00eddas bastante grandes. As\u00ed que ahora, al ser consistente, creo que eso ha sido algo sorprendente.<\/p>\n<p>\u00abSabemos que todav\u00eda han estado probando muchas cosas en su coche, tratando de mejorarlo, as\u00ed que en cierto modo no es una gran sorpresa. Pero \u00e9l ha entrado en la pelea m\u00e1s r\u00e1pido de lo que esperaba\u00bb.<\/p>\n<p>Con cinco grandes premios por disputarse, Verstappen es ahora un contendiente cre\u00edble por el t\u00edtulo frente a Piastri y <a href=\"https:\/\/lat.motorsport.com\/driver\/lando-norris\/468557\/\" target=\"_blank\" rel=\"noopener nofollow\">Lando Norris<\/a>, quien est\u00e1 a 14 puntos de su compa\u00f1ero de equipo en McLaren.<\/p>\n<p>Sin embargo, cuando se le pregunt\u00f3 si eso estaba cambiando su enfoque, el australiano respondi\u00f3: \u00abNo, para ser honesto.<\/p>\n<p>\u00abObviamente, la brecha se ha reducido un poco en las \u00faltimas carreras, pero para m\u00ed, el enfoque siempre ha sido simplemente intentar ir lo m\u00e1s r\u00e1pido que pueda y sacar el m\u00e1ximo provecho de cada fin de semana, lo cual, en algunos de ellos, hemos logrado y, en otros, definitivamente no\u00bb, dijo Piastri, que ya hab\u00eda asegurado que su mal fin de semana en Austin fue un caso aislado.<\/p>\n<p>   <img decoding=\"async\" draggable=\"false\" src=\"https:\/\/www.europesays.com\/es\/wp-content\/uploads\/2025\/10\/1761281715_704_oscar-piastri-mclaren.jpg\" alt=\"Oscar Piastri, McLaren\" width=\"1200\" height=\"800\" loading=\"lazy\"\/> <\/p>\n<p class=\"title\">Oscar Piastri, McLaren<\/p>\n<p class=\"photographer\">Photo by: Steven Tee \/ LAT Images via Getty Images<\/p>\n<p>\u00abAs\u00ed que eso es realmente en lo que estoy enfocado y, bueno, creo que si hago un buen trabajo en mantener eso cada fin de semana, realmente no importa c\u00f3mo se vea la situaci\u00f3n general\u00bb.<\/p>\n<p>Al ser presionado sobre si le preocupaba que su ventaja sobre Verstappen se redujera tanto, Piastri insisti\u00f3: \u00abRealmente no es algo en lo que piense, no.<\/p>\n<p>\u00abCreo que \u00e9l ha sido muy consistente en los \u00faltimos fines de semana y tambi\u00e9n ha estado fuerte, eso no se puede negar. Para m\u00ed, no hay ning\u00fan beneficio en preocuparme por eso o enfocarme en eso.<\/p>\n<p>\u00abLo que me va a ayudar a ganar este campeonato es tratar de sacar lo m\u00e1ximo de m\u00ed mismo, lo m\u00e1ximo del coche, lo m\u00e1ximo del equipo que tengo alrededor. Preocuparme por cualquier otro piloto de la parrilla no es concentrarme en eso. \u00c9l est\u00e1 ah\u00ed, est\u00e1 en la pelea, pero en \u00faltima instancia eso no cambia c\u00f3mo voy a enfocar mi conducci\u00f3n\u00bb.<\/p>\n<p>De todos modos, Piastri ha liderado el campeonato durante 15 grandes premios, actualmente la racha m\u00e1s larga de la historia para un piloto que a\u00fan no ha sido campe\u00f3n, y es un rol que le sienta muy bien.<\/p>\n<p>\u00abA todos les gusta una buena historia de &#8216;desaf\u00edo&#8217;, o que alguien intente recuperarse, que a veces es un poco m\u00e1s f\u00e1cil, pero yo prefiero tener el liderazgo del campeonato que estar en cualquier otro lugar\u00bb, agreg\u00f3 el piloto de 24 a\u00f1os. \u00abSiempre he dicho que me gusta eso porque normalmente significa que est\u00e1s haciendo algo bien\u00bb.<\/p>\n<p>M\u00e1s de la F\u00f3rmula 1:<\/p>\n<p>            Queremos tu opini\u00f3n<\/p>\n<p class=\"mt-auto\">\u00bfQu\u00e9 le gustar\u00eda ver en Motorsport.com?<\/p>\n<p>            <a href=\"#\" class=\"ms-link text-link font-bold\">Responda a nuestra encuesta de 5 minutos.<\/a><\/p>\n<p class=\"mt-1 text-body\">&#8211; El equipo de Motorsport.com<\/p>\n","protected":false},"excerpt":{"rendered":"Oscar Piastri asegura que no cambiar\u00e1 su enfoque a pesar de la recuperaci\u00f3n de su rival por el&hellip;\n","protected":false},"author":2,"featured_media":197576,"comment_status":"","ping_status":"","sticky":false,"template":"","format":"standard","meta":{"footnotes":""},"categories":[270],"tags":[37858,168,25,24,306,271,272,1230,54671,2099,2089,2106,54714,2092,23,167],"class_list":{"0":"post-197575","1":"post","2":"type-post","3":"status-publish","4":"format-standard","5":"has-post-thumbnail","7":"category-formula-1","8":"tag-autodromo-hermanos-rodriguez","9":"tag-deportes","10":"tag-es","11":"tag-espana","12":"tag-f1","13":"tag-formula-1","14":"tag-formula1","15":"tag-fu00f3rmula-1","16":"tag-gp-ciudad-de-mu00e9xico","17":"tag-max-verstappen","18":"tag-mclaren-f1","19":"tag-oscar-piastri","20":"tag-piastri-preocuparme-por-verstappen-no-me-ayudaru00e1-a-ganar-el-tu00edtulo","21":"tag-red-bull-racing","22":"tag-spain","23":"tag-sports"},"share_on_mastodon":{"url":"https:\/\/pubeurope.com\/@es\/115427365820502385","error":""},"_links":{"self":[{"href":"https:\/\/www.europesays.com\/es\/wp-json\/wp\/v2\/posts\/197575","targetHints":{"allow":["GET"]}}],"collection":[{"href":"https:\/\/www.europesays.com\/es\/wp-json\/wp\/v2\/posts"}],"about":[{"href":"https:\/\/www.europesays.com\/es\/wp-json\/wp\/v2\/types\/post"}],"author":[{"embeddable":true,"href":"https:\/\/www.europesays.com\/es\/wp-json\/wp\/v2\/users\/2"}],"replies":[{"embeddable":true,"href":"https:\/\/www.europesays.com\/es\/wp-json\/wp\/v2\/comments?post=197575"}],"version-history":[{"count":0,"href":"https:\/\/www.europesays.com\/es\/wp-json\/wp\/v2\/posts\/197575\/revisions"}],"wp:featuredmedia":[{"embeddable":true,"href":"https:\/\/www.europesays.com\/es\/wp-json\/wp\/v2\/media\/197576"}],"wp:attachment":[{"href":"https:\/\/www.europesays.com\/es\/wp-json\/wp\/v2\/media?parent=197575"}],"wp:term":[{"taxonomy":"category","embeddable":true,"href":"https:\/\/www.europesays.com\/es\/wp-json\/wp\/v2\/categories?post=197575"},{"taxonomy":"post_tag","embeddable":true,"href":"https:\/\/www.europesays.com\/es\/wp-json\/wp\/v2\/tags?post=197575"}],"curies":[{"name":"wp","href":"https:\/\/api.w.org\/{rel}","templated":true}]}}