{"id":197581,"date":"2025-10-24T04:58:16","date_gmt":"2025-10-24T04:58:16","guid":{"rendered":"https:\/\/www.europesays.com\/es\/197581\/"},"modified":"2025-10-24T04:58:16","modified_gmt":"2025-10-24T04:58:16","slug":"victoria-beckham-habla-por-primera-vez-sobre-brooklyn-tras-su-distanciamiento-la-comunicacion-es-fundamental","status":"publish","type":"post","link":"https:\/\/www.europesays.com\/es\/197581\/","title":{"rendered":"Victoria Beckham habla por primera vez sobre Brooklyn tras su distanciamiento: \u00abLa comunicaci\u00f3n es fundamental\u00bb"},"content":{"rendered":"<p id=\"e0VgpRRwrQ\" data-wc=\"122\">Que existe una brecha familiar entre <strong>Brooklyn y Nicola Peltz<\/strong> con los Beckham es un hecho que nadie puede negar. Durante 25 a\u00f1os, el futbolista, la dise\u00f1adora y sus cuatro hijos han demostrado ser una pi\u00f1a, pero todo ha cambiado entre ellos y han dejado de ser una familia id\u00edlica para convertirse en un clan donde las disputas est\u00e1n a la orden del d\u00eda. Adem\u00e1s, con el paso del tiempo, lejos de calmarse las aguas, la distancia entre ellos contin\u00faa aumentando. A pesar de que su hijo dej\u00f3 claro en unas recientes declaraciones que lo m\u00e1s importante para \u00e9l es su mujer,<a class=\"hm-link ho-link\" href=\"https:\/\/www.hola.com\/actualidad\/20251022863148\/victoria-beckham-sobre-el-romance-de-david-con-rebecca-loos\/\" data-mrf-recirculation=\"article-body-link\" rel=\"nofollow noopener\" target=\"_blank\">\u00a0la dise\u00f1adora\u00a0ha roto su silencio<\/a><strong>\u00a0por primera vez sobre este asunto, dejando claro cu\u00e1l es su postura al respecto.\u00a0<\/strong><\/p>\n<p> <img src=\"https:\/\/www.europesays.com\/es\/wp-content\/uploads\/2025\/10\/37862930ddad-gettyimages-2180321748-1.jpg\"   width=\"1024\" height=\"699\" loading=\"lazy\" decoding=\"async\" alt=\"Victoria Beckham en un partido del Inter de Miami en Florida el 25 de octubre de 2024\" fetchpriority=\"auto\" class=\"image ho-image\"\/>\u00a9 Getty Images<\/p>\n<p> <img src=\"https:\/\/www.europesays.com\/es\/wp-content\/uploads\/2025\/08\/aa0d8f3e9fd0-img7069.jpg\"   width=\"850\" height=\"1024\" loading=\"lazy\" decoding=\"async\" alt=\"Familia Beckham y Nicola Peltz\" fetchpriority=\"auto\" class=\"image ho-image\"\/>\u00a9 @brooklynpeltzbeckham<\/p>\n<p id=\"e_ll0z84uK\" data-wc=\"84\">Durante una conversaci\u00f3n en el p\u00f3dcast Call Her Daddy, en la que no qued\u00f3 ning\u00fan tema sin tratar, la presentadora Alex Cooper quiso abordar con Victoria Beckham la brecha familiar que acapara titulares d\u00eda tras d\u00eda. Sacaron el tema a colaci\u00f3n despu\u00e9s de mostrarle una foto de su boda en la que sostiene a su hijo en brazos:<strong>\u00a0\u00abOh, mira al beb\u00e9 Brooklyn\u00bb,<\/strong> comenz\u00f3 diciendo,<a class=\"hm-link ho-link\" href=\"https:\/\/www.hola.com\/actualidad\/20250925857964\/brooklyn-beckham-habla-primera-vez-ruptura-familiar\/\" data-mrf-recirculation=\"article-body-link\" rel=\"nofollow noopener\" target=\"_blank\">\u00a0siendo estas sus primeras palabras sobre su primog\u00e9nito<\/a> desde que surgieron las noticias sobre la mala relaci\u00f3n entre ambos.<\/p>\n<p id=\"eGqC-xdfYJU\" data-wc=\"60\">Posteriormente, y sin querer profundizar en el tema, habl\u00f3 sobre lo que significan para ella sus seres queridos: \u00abSomos una familia muy unida\u00bb. Adem\u00e1s, quiso dejar claro cu\u00e1l considera que es la clave para mantenerlos cerca:<strong>\u00a0\u00abLa comunicaci\u00f3n es fundamental. Siempre les recordamos que este es un espacio seguro para hablar de cualquier cosa. Pero deben seguir su propio camino\u00bb.<\/strong><\/p>\n<p> <img src=\"https:\/\/www.europesays.com\/es\/wp-content\/uploads\/2025\/10\/cfd055912b19-gettyimages-1976115166.jpg\"   width=\"1024\" height=\"776\" loading=\"lazy\" decoding=\"async\" alt=\"Brooklyn Beckham y Nicola Peltz posan con Victoria con Cruz Bexckham durante un estreno\" fetchpriority=\"auto\" class=\"image ho-image\"\/>\u00a9 Getty Images<\/p>\n<p id=\"eEgrhL2quu\" data-wc=\"107\">Otra de las preguntas que quiso hacerle la conductora del programa<a class=\"hm-link ho-link\" href=\"https:\/\/www.hola.com\/fashion\/20251022863109\/victoria-beckham-moda-prenda-favorita-entrevista\/\" data-mrf-recirculation=\"article-body-link\" rel=\"nofollow noopener\" target=\"_blank\">\u00a0fue en relaci\u00f3n a c\u00f3mo afrontan Victoria<\/a> y David Beckham el hecho de que sus hijos hayan crecido, tomen sus propias decisiones y elijan su propio camino en la vida: \u00abSiempre hemos sido as\u00ed con los ni\u00f1os. Y estoy emocionada por ellos; son todos muy diferentes. A cada uno le gusta hacer cosas distintas\u00bb. En ese momento, mientras hablaban sobre las trayectorias profesionales de sus hijos, mencionaron el fen\u00f3meno \u00abnepo baby\u00bb \u2014abreviatura de nepotismo baby, t\u00e9rmino que se refiere a los hijos de famosos que acceden a oportunidades profesionales gracias a la influencia de sus padres\u2014.\u00a0<\/p>\n<p> <img src=\"https:\/\/www.europesays.com\/es\/wp-content\/uploads\/2025\/10\/32c19e127cf1-gettyimages-2201204925.jpg\"   width=\"1024\" height=\"682\" loading=\"lazy\" decoding=\"async\" alt=\"Nicola Peltz y Brooklyn Beckham\" fetchpriority=\"auto\" class=\"image ho-image\"\/>\u00a9 Getty Images<\/p>\n<p> <img src=\"https:\/\/www.europesays.com\/es\/wp-content\/uploads\/2025\/08\/fa6df4a7c304-so-much-love-yesterday-supporting-brooklyn-cloud23-is-so-amazing-i-cant-wait-f.jpg\"   width=\"841\" height=\"1024\" loading=\"lazy\" decoding=\"async\" alt=\"La foto que destap\u00f3 la ruptura de Brooklyn y Nicola con la familia Beckham\" fetchpriority=\"auto\" class=\"image ho-image\"\/>\u00a9 nicolaannepeltzbeckham<\/p>\n<p id=\"eOwYwgsmX4\" data-wc=\"123\">La dise\u00f1adora aprovech\u00f3 para hacer una petici\u00f3n en defensa de los suyos:<strong>\u00a0\u00abHay que dar oportunidades. Denles una oportunidad a los ni\u00f1os.\u00a0<\/strong>No es su culpa, \u00bfsaben? Y creo que simplemente hay que darles una oportunidad. Y nuestros hijos son realmente buenos, dulces y amables. Ser amable es fundamental, ser trabajadores. No esperan que las cosas sucedan sin m\u00e1s\u00bb. Posteriormente, elogi\u00f3 la trayectoria de Cruz, quien est\u00e1 iniciando su carrera musical, destacando que \u201cdomina su oficio\u201d y trabaja con esfuerzo para alcanzar su gran momento. Antes de zanjar este tema, Victoria Beckham quiso dejar claro que lo m\u00e1s importante para ella es su familia, todos y cada uno de sus miembros y que pase lo que pase con Brooklyn siempre ser\u00e9 su madre.\u00a0<\/p>\n<p> <img src=\"https:\/\/www.europesays.com\/es\/wp-content\/uploads\/2025\/10\/de7ba60c2232-gettyimages-501112304.jpg\"   width=\"965\" height=\"1024\" loading=\"lazy\" decoding=\"async\" alt=\"Media Image\" fetchpriority=\"auto\" class=\"image ho-image\"\/>\u00a9 Getty Images<br \/>\nSobre Rebecca Loos<\/p>\n<p id=\"eyf9oAcX6p\" data-wc=\"124\">Otro de los temas que trataron durante esta entrevista fue en relaci\u00f3n a la<strong>\u00a0etapa en la que Rebecca Loos lleg\u00f3 a su vida despu\u00e9s de salir a la luz un supuesto romance de la exmanager con su marido en el 2004.<\/strong> En aquel entonces, el futbolista llevaba m\u00e1s de cuatro a\u00f1os casado con la exitosa dise\u00f1adora, era padre de dos hijos y acababa de fichar por el Real Madrid. Para introducir el pol\u00e9mico tema, la presentadora comenz\u00f3 diciendo: <strong>\u00abHas tenido que lidiar con especulaciones sobre tu matrimonio a lo largo de toda tu carrera\u00bb. \u00ab\u00bbodo lo que David y yo hemos pasado solo ha servido para hacer nuestro matrimonio m\u00e1s fuerte con el tiempo\u00bb,\u00a0<\/strong>respondi\u00f3 la que fuera miembro de las Spice Girls.\u00a0<\/p>\n<p> <img src=\"https:\/\/www.europesays.com\/es\/wp-content\/uploads\/2025\/10\/64684fd0503e-gettyimages-583675070.jpg\"   width=\"689\" height=\"1024\" loading=\"lazy\" decoding=\"async\" alt=\"Media Image\" fetchpriority=\"auto\" class=\"image ho-image\"\/>\u00a9 Getty Images<\/p>\n","protected":false},"excerpt":{"rendered":"Que existe una brecha familiar entre Brooklyn y Nicola Peltz con los Beckham es un hecho que nadie&hellip;\n","protected":false},"author":2,"featured_media":197582,"comment_status":"","ping_status":"","sticky":false,"template":"","format":"standard","meta":{"footnotes":""},"categories":[174],"tags":[517,3064,255,3062,146,147,25,24,256,23,3063],"class_list":{"0":"post-197581","1":"post","2":"type-post","3":"status-publish","4":"format-standard","5":"has-post-thumbnail","7":"category-famosos","8":"tag-actualidad","9":"tag-brooklyn-beckham","10":"tag-celebrities","11":"tag-david-beckham","12":"tag-entertainment","13":"tag-entretenimiento","14":"tag-es","15":"tag-espana","16":"tag-famosos","17":"tag-spain","18":"tag-victoria-beckham"},"share_on_mastodon":{"url":"https:\/\/pubeurope.com\/@es\/115427378867980042","error":""},"_links":{"self":[{"href":"https:\/\/www.europesays.com\/es\/wp-json\/wp\/v2\/posts\/197581","targetHints":{"allow":["GET"]}}],"collection":[{"href":"https:\/\/www.europesays.com\/es\/wp-json\/wp\/v2\/posts"}],"about":[{"href":"https:\/\/www.europesays.com\/es\/wp-json\/wp\/v2\/types\/post"}],"author":[{"embeddable":true,"href":"https:\/\/www.europesays.com\/es\/wp-json\/wp\/v2\/users\/2"}],"replies":[{"embeddable":true,"href":"https:\/\/www.europesays.com\/es\/wp-json\/wp\/v2\/comments?post=197581"}],"version-history":[{"count":0,"href":"https:\/\/www.europesays.com\/es\/wp-json\/wp\/v2\/posts\/197581\/revisions"}],"wp:featuredmedia":[{"embeddable":true,"href":"https:\/\/www.europesays.com\/es\/wp-json\/wp\/v2\/media\/197582"}],"wp:attachment":[{"href":"https:\/\/www.europesays.com\/es\/wp-json\/wp\/v2\/media?parent=197581"}],"wp:term":[{"taxonomy":"category","embeddable":true,"href":"https:\/\/www.europesays.com\/es\/wp-json\/wp\/v2\/categories?post=197581"},{"taxonomy":"post_tag","embeddable":true,"href":"https:\/\/www.europesays.com\/es\/wp-json\/wp\/v2\/tags?post=197581"}],"curies":[{"name":"wp","href":"https:\/\/api.w.org\/{rel}","templated":true}]}}