{"id":197591,"date":"2025-10-24T05:03:09","date_gmt":"2025-10-24T05:03:09","guid":{"rendered":"https:\/\/www.europesays.com\/es\/197591\/"},"modified":"2025-10-24T05:03:09","modified_gmt":"2025-10-24T05:03:09","slug":"decorado-el-mundo-cuqui-entra-en-depresion-cine-estrenos-y-criticas","status":"publish","type":"post","link":"https:\/\/www.europesays.com\/es\/197591\/","title":{"rendered":"\u2018Decorado\u2019: el mundo cuqui entra en depresi\u00f3n | Cine: estrenos y cr\u00edticas"},"content":{"rendered":"<p class=\"\">En su ensayo El poder de lo cuqui, Simon May apuntaba a c\u00f3mo detr\u00e1s de lo \u201ccute\u201d \u2014t\u00e9rmino que aglutina a la tendencia est\u00e9tica de lo tierno, mono y adorable\u2014 se esconden muchos de los miedos e inquietudes de este tiempo. Seg\u00fan esa teor\u00eda, bajo lo cuqui y su apariencia de felicidad redonda color rosa, subyace todo lo que no va bien. <\/p>\n<p>M\u00e1s informaci\u00f3n<\/p>\n<p class=\"\">En su anterior pel\u00edcula animada,<a href=\"https:\/\/elpais.com\/cultura\/2022-10-21\/unicorn-wars-la-nueva-joya-de-la-animacion-para-adultos-es-una-guerra-sordida-de-ositos-amorosos-contra-unicornios.html\" target=\"_self\" rel=\"nofollow noopener\" title=\"https:\/\/elpais.com\/cultura\/2022-10-21\/unicorn-wars-la-nueva-joya-de-la-animacion-para-adultos-es-una-guerra-sordida-de-ositos-amorosos-contra-unicornios.html\"> Unicorn Wars,<\/a> Alberto V\u00e1zquez contrapon\u00eda a sus ositos amorosos a un mundo violento y b\u00e9lico. <a href=\"https:\/\/elpais.com\/cultura\/2017\/02\/23\/actualidad\/1487852764_888358.html\" target=\"_self\" rel=\"nofollow noopener\" title=\"https:\/\/elpais.com\/cultura\/2017\/02\/23\/actualidad\/1487852764_888358.html\">En su nuevo largometraje,<\/a> Decorado, son unos lindos ratoncitos (las mismas caras redondas, los mismos ojos grandes entre naricillas infantiles) los que se enfrentan a un complejo entramado de peque\u00f1as miserias, laborales, de pareja&#8230; <\/p>\n<p><img decoding=\"auto\" class=\"_re lazyload a_m-h\" height=\"234\"  width=\"414\"  src=\"https:\/\/www.europesays.com\/es\/wp-content\/uploads\/2025\/10\/LICXZXXEHJAJJDMQ32ARCO67LY.jpg\" loading=\"lazy\"\/>Imagen de &#8216;Decorado&#8217;.<\/p>\n<p class=\"\">Decorado parte del cortometraje hom\u00f3nimo (ganador del Goya de 2017) para narrar la historia de Mar\u00eda y Arnold, una pareja enfrentada a una crisis existencial en la que cabe todo, incluso demasiado. Pel\u00edcula de autoayuda, drama rom\u00e1ntico, terror dist\u00f3pico, historia de juguetes rotos, aventura espiritual, apocalipsis capitalista, espejo de depresiones y fantasmas\u2026 esa sobrecarga en la mochila de Decorado es su punto m\u00e1s d\u00e9bil.<\/p>\n<p class=\"\">Con todo, V\u00e1zquez logra transmitir un desasosiego muy particular, y sus tiernos dibujos se convierten en veh\u00edculos de una sordidez que incomoda. En Decorado, Arnold es el personaje principal. Un rat\u00f3n en paro que poco a poco cae en la depresi\u00f3n y el abandono. El mundo que le rodea no es para menos. Se trata de una realidad orwelliana con ecos a El show de Truman en la que se despliega un universo lleno de referencias al presente. <\/p>\n<p>M\u00e1s informaci\u00f3n<\/p>\n<p class=\"\">Entre los mejores personajes est\u00e1n una setita y sus hijos (vendedores ambulantes de los productos de Alma, la corporaci\u00f3n que lo rige todo, con ecos a multinacionales bien conocidas) que sufren todo tipo de humillaciones. Esta trama colateral, como la de la amistad con el fantasma Ramiro, funciona mejor que la crisis de pareja que vertebra la pel\u00edcula. F\u00e1bula sobre el vac\u00edo existencial del presente, Decorado es c\u00e1ustica en su b\u00fasqueda de una salida para sus personajes, un oscuro laberinto que sit\u00faa al espectador ante el fracaso de un mundo en el que no hay salida ni para los m\u00e1s tiernos. <\/p>\n<p>Decorado<\/p>\n<p><strong>Direcci\u00f3n: <\/strong>Alberto V\u00e1zquez.\u00a0<\/p>\n<p><strong>G\u00e9nero:<\/strong> drama. Espa\u00f1a, 2025.<\/p>\n<p><strong>Duraci\u00f3n: <\/strong>96 minutos.<\/p>\n<p><strong>Estreno: 24 de octubre.<\/strong><\/p>\n<p>\u00a0<\/p>\n","protected":false},"excerpt":{"rendered":"En su ensayo El poder de lo cuqui, Simon May apuntaba a c\u00f3mo detr\u00e1s de lo \u201ccute\u201d \u2014t\u00e9rmino&hellip;\n","protected":false},"author":2,"featured_media":197592,"comment_status":"","ping_status":"","sticky":false,"template":"","format":"standard","meta":{"footnotes":""},"categories":[169],"tags":[10689,177,12374,11344,209,9265,146,147,25,24,176,175,753,23],"class_list":{"0":"post-197591","1":"post","2":"type-post","3":"status-publish","4":"format-standard","5":"has-post-thumbnail","7":"category-cine","8":"tag-animacion","9":"tag-cine","10":"tag-cine-espanol","11":"tag-critica-cine","12":"tag-cultura","13":"tag-directores-cine","14":"tag-entertainment","15":"tag-entretenimiento","16":"tag-es","17":"tag-espana","18":"tag-film","19":"tag-movies","20":"tag-peliculas","21":"tag-spain"},"share_on_mastodon":{"url":"https:\/\/pubeurope.com\/@es\/115427397228181992","error":""},"_links":{"self":[{"href":"https:\/\/www.europesays.com\/es\/wp-json\/wp\/v2\/posts\/197591","targetHints":{"allow":["GET"]}}],"collection":[{"href":"https:\/\/www.europesays.com\/es\/wp-json\/wp\/v2\/posts"}],"about":[{"href":"https:\/\/www.europesays.com\/es\/wp-json\/wp\/v2\/types\/post"}],"author":[{"embeddable":true,"href":"https:\/\/www.europesays.com\/es\/wp-json\/wp\/v2\/users\/2"}],"replies":[{"embeddable":true,"href":"https:\/\/www.europesays.com\/es\/wp-json\/wp\/v2\/comments?post=197591"}],"version-history":[{"count":0,"href":"https:\/\/www.europesays.com\/es\/wp-json\/wp\/v2\/posts\/197591\/revisions"}],"wp:featuredmedia":[{"embeddable":true,"href":"https:\/\/www.europesays.com\/es\/wp-json\/wp\/v2\/media\/197592"}],"wp:attachment":[{"href":"https:\/\/www.europesays.com\/es\/wp-json\/wp\/v2\/media?parent=197591"}],"wp:term":[{"taxonomy":"category","embeddable":true,"href":"https:\/\/www.europesays.com\/es\/wp-json\/wp\/v2\/categories?post=197591"},{"taxonomy":"post_tag","embeddable":true,"href":"https:\/\/www.europesays.com\/es\/wp-json\/wp\/v2\/tags?post=197591"}],"curies":[{"name":"wp","href":"https:\/\/api.w.org\/{rel}","templated":true}]}}