{"id":197596,"date":"2025-10-24T05:06:12","date_gmt":"2025-10-24T05:06:12","guid":{"rendered":"https:\/\/www.europesays.com\/es\/197596\/"},"modified":"2025-10-24T05:06:12","modified_gmt":"2025-10-24T05:06:12","slug":"esta-es-la-ultima-lista-de-nominados-de-supervivientes-all-stars-2-antes-de-la-final-programas","status":"publish","type":"post","link":"https:\/\/www.europesays.com\/es\/197596\/","title":{"rendered":"Esta es la \u00faltima lista de nominados de \u2018Supervivientes All Stars 2\u2019 antes de la final | Programas"},"content":{"rendered":"<p><b>Jorge Javier V\u00e1zquez<\/b> comenzaba la gala de Supervivientes All Stars 2 de este jueves anunciando la fecha de la final. Dej\u00f3 claro que el domingo los concursantes se mudar\u00eda a Cayo Paloma donde vivir\u00e1n sus \u00faltimos d\u00edas de aventura. El martes habr\u00e1 un \u00faltimo expulsado y el jueves sabremos qui\u00e9n es el ganador. Todo eso se lo pierde <a href=\"https:\/\/los40.com\/2025\/10\/20\/gloria-camila-ortega-vs-jessica-bueno-el-duelo-que-ha-marcado-la-ultima-expulsion-de-supervivientes-all-stars-2\/\" target=\"_blank\" rel=\"nofollow noopener\" title=\"https:\/\/los40.com\/2025\/10\/20\/gloria-camila-ortega-vs-jessica-bueno-el-duelo-que-ha-marcado-la-ultima-expulsion-de-supervivientes-all-stars-2\/\"><b>Gloria Camila<\/b><\/a>, la \u00faltima expulsada que se reencontraba con su padre Jos\u00e9 Ortega Cano.<\/p>\n<p>Pero antes, uno de los nominados, iba a descubrir que se iba a perder todo eso. Tras salvarse <a href=\"https:\/\/los40.com\/2025\/10\/22\/ruben-torres-miri-perez-cabrero-y-carlos-alba-se-enfrentan-a-la-ceremonia-de-salvacion-mas-decisiva-de-supervivientes-all-stars-2\/\" target=\"_blank\" rel=\"nofollow noopener\" title=\"https:\/\/los40.com\/2025\/10\/22\/ruben-torres-miri-perez-cabrero-y-carlos-alba-se-enfrentan-a-la-ceremonia-de-salvacion-mas-decisiva-de-supervivientes-all-stars-2\/\"><b>Miri P\u00e9rez-Cabrero<\/b><\/a> el pasado martes, la cosa quedaba entre <b>Rub\u00e9n Torres<\/b> y <b>Carlos Alba<\/b>. Antes de conocer la decisi\u00f3n de la audiencia, el bombero ten\u00eda que enfrentarse a su <a href=\"https:\/\/los40.com\/2025\/10\/22\/la-mesa-de-las-tentaciones-de-supervivientes-all-stars-2-nos-deja-cambios-de-imagen-extremos-y-una-decision-dificil-pendiente\/\" target=\"_blank\" rel=\"nofollow noopener\" title=\"https:\/\/los40.com\/2025\/10\/22\/la-mesa-de-las-tentaciones-de-supervivientes-all-stars-2-nos-deja-cambios-de-imagen-extremos-y-una-decision-dificil-pendiente\/\">mesa de tentaciones<\/a> como hicieron el resto de sus compa\u00f1eros el pasado martes.<\/p>\n<p>Despu\u00e9s de mucha negociaci\u00f3n, acab\u00f3 aceptando <b>quitarse la barba, el bigote y las cejas y raparse el pelo<\/b> a cambio de una generosa cantidad de chuches y migas.<\/p>\n<p><img decoding=\"async\" src=\"https:\/\/los40.com\/pf\/resources\/img\/logo-40-v-c.svg?d=893\" alt=\"LOS40\" class=\"i-pro\" width=\"68\" height=\"68\" loading=\"lazy\"\/><\/p>\n<p>As\u00ed llegaba a la palapa para saber si se convert\u00eda en el expulsado de la semana. Pero no, <a href=\"https:\/\/los40.com\/2025\/10\/24\/el-ultimo-expulsado-de-supervivientes-all-stars-2-se-queda-a-las-puertas-de-la-gran-final-y-se-pierde-las-ultimas-nominaciones\/\" target=\"_blank\" rel=\"nofollow noopener\" title=\"https:\/\/los40.com\/2025\/10\/24\/el-ultimo-expulsado-de-supervivientes-all-stars-2-se-queda-a-las-puertas-de-la-gran-final-y-se-pierde-las-ultimas-nominaciones\/\"><b>Jorge Javier V\u00e1zquez<\/b><\/a> anunciaba que \u00e9l se salvaba y tocaba despedir al chef que no se iba sin darle ante su beso de la traici\u00f3n a <b>Tony Spina<\/b>.<\/p>\n<p>Hab\u00eda juego de l\u00edder que disputaban Miri y Rub\u00e9n. Como siempre, un momento duro que terminaba por ganar ella consiguiendo de esta manera <b>el \u00faltimo collar de la edici\u00f3n, la inmunidad y convertirse en la primera finalista de la edici\u00f3n<\/b>.<\/p>\n<p><b>Las \u00faltimas nominaciones<\/b><\/p>\n<p>Luego llegaban las \u00faltimas nominaciones de la edici\u00f3n con pocos compa\u00f1eros ya a los que votar.<\/p>\n<ul>\n<li><b>Tony Spina<\/b>: Le daba su voto a Jessica Bueno, \u201cpor descarte, le tengo mucho cari\u00f1o porque con Adara y Torres empec\u00e9 y solo por eso\u201d.<\/li>\n<li><b>Jessica Bueno<\/b>: Solo ten\u00eda tres opciones y le acababa dando su voto a Adara, \u201cno tengo ninguna raz\u00f3n\u201d.<\/li>\n<li><b>Rub\u00e9n Torres<\/b>: Nuevo voto para Adara \u201cporque es la \u00fanica persona que no ha estado nominada en la recta final\u201d.<\/li>\n<\/ul>\n<p>La primera nominada del grupo era Adara Molinero, pero hab\u00eda un triple empate a un punto entre Jessica, Tony y Torres. Como l\u00edder, <b>le tocaba decidir a Miri<\/b> que ten\u00eda que desempatar y dar su voto directo. <\/p>\n<p>\u201cVa a sorprender, pero es que <b>voy a liberar a Tony<\/b>, siempre me dice que nunca le doy tregua y a m\u00ed me gusta darla. Lleva muchas semanas nominado, sobre todo por m\u00ed, creo que todas las nominaciones han sido por m\u00ed y esta vez, le voy a dar la tregua que se merece\u201d, explicaba.<\/p>\n<p>De esta manera, la \u00faltima lista de nominados incluye a Jessica, Adara y Torres. <b>Miri y Tony se convierten en los dos primeros finalistas <\/b>de la edici\u00f3n.<\/p>\n<p>La cuenta atr\u00e1s ya ha comenzado.<\/p>\n","protected":false},"excerpt":{"rendered":"Jorge Javier V\u00e1zquez comenzaba la gala de Supervivientes All Stars 2 de este jueves anunciando la fecha de&hellip;\n","protected":false},"author":2,"featured_media":197597,"comment_status":"","ping_status":"","sticky":false,"template":"","format":"standard","meta":{"footnotes":""},"categories":[91],"tags":[1765,146,147,25,24,23,1766],"class_list":{"0":"post-197596","1":"post","2":"type-post","3":"status-publish","4":"format-standard","5":"has-post-thumbnail","7":"category-entretenimiento","8":"tag-bestof","9":"tag-entertainment","10":"tag-entretenimiento","11":"tag-es","12":"tag-espana","13":"tag-spain","14":"tag-topix"},"share_on_mastodon":{"url":"https:\/\/pubeurope.com\/@es\/115427409023492720","error":""},"_links":{"self":[{"href":"https:\/\/www.europesays.com\/es\/wp-json\/wp\/v2\/posts\/197596","targetHints":{"allow":["GET"]}}],"collection":[{"href":"https:\/\/www.europesays.com\/es\/wp-json\/wp\/v2\/posts"}],"about":[{"href":"https:\/\/www.europesays.com\/es\/wp-json\/wp\/v2\/types\/post"}],"author":[{"embeddable":true,"href":"https:\/\/www.europesays.com\/es\/wp-json\/wp\/v2\/users\/2"}],"replies":[{"embeddable":true,"href":"https:\/\/www.europesays.com\/es\/wp-json\/wp\/v2\/comments?post=197596"}],"version-history":[{"count":0,"href":"https:\/\/www.europesays.com\/es\/wp-json\/wp\/v2\/posts\/197596\/revisions"}],"wp:featuredmedia":[{"embeddable":true,"href":"https:\/\/www.europesays.com\/es\/wp-json\/wp\/v2\/media\/197597"}],"wp:attachment":[{"href":"https:\/\/www.europesays.com\/es\/wp-json\/wp\/v2\/media?parent=197596"}],"wp:term":[{"taxonomy":"category","embeddable":true,"href":"https:\/\/www.europesays.com\/es\/wp-json\/wp\/v2\/categories?post=197596"},{"taxonomy":"post_tag","embeddable":true,"href":"https:\/\/www.europesays.com\/es\/wp-json\/wp\/v2\/tags?post=197596"}],"curies":[{"name":"wp","href":"https:\/\/api.w.org\/{rel}","templated":true}]}}