{"id":197606,"date":"2025-10-24T05:11:21","date_gmt":"2025-10-24T05:11:21","guid":{"rendered":"https:\/\/www.europesays.com\/es\/197606\/"},"modified":"2025-10-24T05:11:21","modified_gmt":"2025-10-24T05:11:21","slug":"campeonato-mundial-de-trampolin-2025","status":"publish","type":"post","link":"https:\/\/www.europesays.com\/es\/197606\/","title":{"rendered":"Campeonato Mundial de Trampol\u00edn 2025"},"content":{"rendered":"<p>Del 5 al 16 de noviembre, Pamplona acoger\u00e1 el Campeonato Mundial de Trampol\u00edn 2025, el m\u00e1ximo exponente de esta competici\u00f3n antes de los JJOO.\u00a0<\/p>\n<p>La gimnasia en trampol\u00edn es un deporte en el que se puede ver a los atletas saltar m\u00e1s de 8 metros en el aire mientras realizan una serie de complejos giros y acrobacias. La competici\u00f3n que tendr\u00e1 lugar en Navarra Arena reunir\u00e1 a m\u00e1s de 2000 deportistas procedentes de 42 pa\u00edses y se dividir\u00e1 en dos semanas. Del 5 al 9 de noviembre ser\u00e1 el turno del Campeonato del Mundo Absoluto y, del 13 al 16 de noviembre, el Campeonato del Mundo Junior y por Edades.<\/p>\n","protected":false},"excerpt":{"rendered":"Del 5 al 16 de noviembre, Pamplona acoger\u00e1 el Campeonato Mundial de Trampol\u00edn 2025, el m\u00e1ximo exponente de&hellip;\n","protected":false},"author":2,"featured_media":197607,"comment_status":"","ping_status":"","sticky":false,"template":"","format":"standard","meta":{"footnotes":""},"categories":[5],"tags":[17,18,39779,39777,25,24,39780,39778,39782,13,14,11,19,20,39775,9,10,15,16,39776,39781,23,12,21,22],"class_list":{"0":"post-197606","1":"post","2":"type-post","3":"status-publish","4":"format-standard","5":"has-post-thumbnail","7":"category-titulares","8":"tag-breaking-news","9":"tag-breakingnews","10":"tag-comprar-entradas-navarra-arena","11":"tag-conciertos-en-pamplona","12":"tag-es","13":"tag-espana","14":"tag-espectaculos-deportivos-pamplona","15":"tag-eventos-en-navarra","16":"tag-eventos-pamplona","17":"tag-featured-news","18":"tag-featurednews","19":"tag-headlines","20":"tag-latest-news","21":"tag-latestnews","22":"tag-navarra-arena","23":"tag-news","24":"tag-noticias","25":"tag-noticias-destacadas","26":"tag-noticiasdestacadas","27":"tag-recinto-multiusos-pamplona","28":"tag-sala-de-conciertos-navarra","29":"tag-spain","30":"tag-titulares","31":"tag-ultimas-noticias","32":"tag-ultimasnoticias"},"share_on_mastodon":{"url":"https:\/\/pubeurope.com\/@es\/115427428489589768","error":""},"_links":{"self":[{"href":"https:\/\/www.europesays.com\/es\/wp-json\/wp\/v2\/posts\/197606","targetHints":{"allow":["GET"]}}],"collection":[{"href":"https:\/\/www.europesays.com\/es\/wp-json\/wp\/v2\/posts"}],"about":[{"href":"https:\/\/www.europesays.com\/es\/wp-json\/wp\/v2\/types\/post"}],"author":[{"embeddable":true,"href":"https:\/\/www.europesays.com\/es\/wp-json\/wp\/v2\/users\/2"}],"replies":[{"embeddable":true,"href":"https:\/\/www.europesays.com\/es\/wp-json\/wp\/v2\/comments?post=197606"}],"version-history":[{"count":0,"href":"https:\/\/www.europesays.com\/es\/wp-json\/wp\/v2\/posts\/197606\/revisions"}],"wp:featuredmedia":[{"embeddable":true,"href":"https:\/\/www.europesays.com\/es\/wp-json\/wp\/v2\/media\/197607"}],"wp:attachment":[{"href":"https:\/\/www.europesays.com\/es\/wp-json\/wp\/v2\/media?parent=197606"}],"wp:term":[{"taxonomy":"category","embeddable":true,"href":"https:\/\/www.europesays.com\/es\/wp-json\/wp\/v2\/categories?post=197606"},{"taxonomy":"post_tag","embeddable":true,"href":"https:\/\/www.europesays.com\/es\/wp-json\/wp\/v2\/tags?post=197606"}],"curies":[{"name":"wp","href":"https:\/\/api.w.org\/{rel}","templated":true}]}}