{"id":197610,"date":"2025-10-24T05:17:07","date_gmt":"2025-10-24T05:17:07","guid":{"rendered":"https:\/\/www.europesays.com\/es\/197610\/"},"modified":"2025-10-24T05:17:07","modified_gmt":"2025-10-24T05:17:07","slug":"una-estrella-con-pasado-en-el-movistar-para-el-illes-balears-arabay","status":"publish","type":"post","link":"https:\/\/www.europesays.com\/es\/197610\/","title":{"rendered":"Una estrella con pasado en el Movistar para el Illes Balears Arabay"},"content":{"rendered":"<p><strong>Una estrella con pasado en el <a href=\"https:\/\/www.ultimahora.es\/etiqueta\/Movistar+Team.html?utm_source=Inline-tag&amp;utm_medium=internal\" rel=\"nofollow noopener\" target=\"_blank\">Movistar Team<\/a> para el <a href=\"https:\/\/www.ultimahora.es\/etiqueta\/Illes+Balears.html?utm_source=Inline-tag&amp;utm_medium=internal\" rel=\"nofollow noopener\" target=\"_blank\">Illes Balears<\/a> Arabay 2026.<\/strong> Con esos galones aterrizar\u00e1 en la estructura cafetera que capitanea Toni Vallcaneras <strong>el ciclista puertorrique\u00f1o Abner Gonz\u00e1lez (Moca, 2000), quien tras una temporada en el Caja Rural-Seguros RGA<\/strong> busca sus mejores sensaciones en el \u00fanico equipo UCI Continental espa\u00f1ol. La llegada del corredor caribe\u00f1o es consecuencia de la apuesta realizada por el equipo, que ha incrementado su presupuesto hasta los dos millones de euros con el fin de avanzar en sus planes de ser escuadra ProTeam.<\/p>\n<p><strong>Tres temporadas en las filas del Movistar Team (2021-23)<\/strong> dieron a conocer a Abner Gonz\u00e1lez, que dio el salto al campo profesional en el Inteja (2019), antes de llegar a Europa de la mano del Telcom On Clima (2020), antes de firmar por el Movistar, para despu\u00e9s probar fortuna en el Efapel portugu\u00e9s (2024) y esta temporada correr en el Caja Rural-Seguros RGA.<\/p>\n<p>Tercero en la Vuelta a Portugal de 2024, adem\u00e1s de<strong> cuatro veces campe\u00f3n de <a href=\"https:\/\/www.ultimahora.es\/etiqueta\/Puerto+Rico.html?utm_source=Inline-tag&amp;utm_medium=internal\" rel=\"nofollow noopener\" target=\"_blank\">Puerto Rico<\/a> de ruta (2019, 2021, 2022 y 2025)<\/strong>, adem\u00e1s de contrarreloj, cuenta con seis victorias en el campo profesional tras siete campa\u00f1as, habiendo participado tambi\u00e9n en la Mil\u00e1n-San Remo de 2022. Junto al mallorqu\u00edn Xavi Ca\u00f1ellas, Ra\u00fal Rota o \u00c1lex Mart\u00edn, Abner Gonz\u00e1lez ser\u00e1 una de las incorporaciones del nuevo Illes Balears Arabay, que tendr\u00e1 a Marc Buades como director t\u00e9cnico en la que ser\u00e1 su tercera incursi\u00f3n dentro del campo profesional.<\/p>\n","protected":false},"excerpt":{"rendered":"Una estrella con pasado en el Movistar Team para el Illes Balears Arabay 2026. Con esos galones aterrizar\u00e1&hellip;\n","protected":false},"author":2,"featured_media":197611,"comment_status":"","ping_status":"","sticky":false,"template":"","format":"standard","meta":{"footnotes":""},"categories":[273],"tags":[45026,313,312,1916,168,25,24,329,54229,8660,1915,2247,23,167,327,1794,1917],"class_list":{"0":"post-197610","1":"post","2":"type-post","3":"status-publish","4":"format-standard","5":"has-post-thumbnail","7":"category-ciclismo","8":"tag-arabay-team","9":"tag-ciclismo","10":"tag-cycling","11":"tag-deporte-balear","12":"tag-deportes","13":"tag-es","14":"tag-espana","15":"tag-golf","16":"tag-illes-balears","17":"tag-movistar-team","18":"tag-otros-deportes","19":"tag-puerto-rico","20":"tag-spain","21":"tag-sports","22":"tag-tenis","23":"tag-vela","24":"tag-voleibol"},"share_on_mastodon":{"url":"https:\/\/pubeurope.com\/@es\/115427452169118900","error":""},"_links":{"self":[{"href":"https:\/\/www.europesays.com\/es\/wp-json\/wp\/v2\/posts\/197610","targetHints":{"allow":["GET"]}}],"collection":[{"href":"https:\/\/www.europesays.com\/es\/wp-json\/wp\/v2\/posts"}],"about":[{"href":"https:\/\/www.europesays.com\/es\/wp-json\/wp\/v2\/types\/post"}],"author":[{"embeddable":true,"href":"https:\/\/www.europesays.com\/es\/wp-json\/wp\/v2\/users\/2"}],"replies":[{"embeddable":true,"href":"https:\/\/www.europesays.com\/es\/wp-json\/wp\/v2\/comments?post=197610"}],"version-history":[{"count":0,"href":"https:\/\/www.europesays.com\/es\/wp-json\/wp\/v2\/posts\/197610\/revisions"}],"wp:featuredmedia":[{"embeddable":true,"href":"https:\/\/www.europesays.com\/es\/wp-json\/wp\/v2\/media\/197611"}],"wp:attachment":[{"href":"https:\/\/www.europesays.com\/es\/wp-json\/wp\/v2\/media?parent=197610"}],"wp:term":[{"taxonomy":"category","embeddable":true,"href":"https:\/\/www.europesays.com\/es\/wp-json\/wp\/v2\/categories?post=197610"},{"taxonomy":"post_tag","embeddable":true,"href":"https:\/\/www.europesays.com\/es\/wp-json\/wp\/v2\/tags?post=197610"}],"curies":[{"name":"wp","href":"https:\/\/api.w.org\/{rel}","templated":true}]}}