{"id":197612,"date":"2025-10-24T05:18:11","date_gmt":"2025-10-24T05:18:11","guid":{"rendered":"https:\/\/www.europesays.com\/es\/197612\/"},"modified":"2025-10-24T05:18:11","modified_gmt":"2025-10-24T05:18:11","slug":"arropa-aficion-mexicana-a-isack-hadjar","status":"publish","type":"post","link":"https:\/\/www.europesays.com\/es\/197612\/","title":{"rendered":"Arropa afici\u00f3n mexicana a Isack Hadjar"},"content":{"rendered":"<p class=\"gr_datos_tiempo\">01 MIN 00 SEG<\/p>\n<p class=\"gr_datos_autor\">Rodrigo Goyeneche<\/p>\n<p class=\"gr_datos_lugar_fecha\">Cd. de M\u00e9xico  (23 octubre 2025) .-19:25 hrs<\/p>\n<p><img decoding=\"async\" id=\"imgCerrarSticky\" style=\"display:none;\" class=\"stickyImg\" onclick=\"cerrarSticky()\" src=\"https:\/\/www.europesays.com\/es\/wp-content\/uploads\/2025\/07\/btn_cerrar.png\"\/><img decoding=\"async\" src=\"https:\/\/www.europesays.com\/es\/wp-content\/uploads\/2025\/10\/1761283090_910_expande.png\" alt=\"\"\/><img decoding=\"async\" src=\"https:\/\/www.europesays.com\/es\/wp-content\/uploads\/2025\/10\/6055805.jpg&#038;imagencompleta=1.jpeg\" alt=\"El franc\u00e9s Isack Hadjar se mostr\u00f3 sorprendido por el cari\u00f1o de la afici\u00f3n mexicana.\" class=\"imgArt zoomable-image\"\/><\/p>\n<p class=\"gr_pie_de_foto\">El franc\u00e9s Isack Hadjar se mostr\u00f3 sorprendido por el cari\u00f1o de la afici\u00f3n mexicana. Cr\u00e9dito: Rodrigo Goyeneche<\/p>\n<p>Entre los debutantes que conforman la parrilla en la campa\u00f1a 2025 de la F\u00f3rmula Uno, Isack Hadjar es uno de los que vivir\u00e1 su primer Gran Premio de M\u00e9xico.Y los fan\u00e1ticos tricolores le hicieron sentir su cari\u00f1o al piloto de origen argelino en un evento celebrado en Plaza Antara, donde un gran contingente se congreg\u00f3 para ver al novato de Racing Bulls.<\/p>\n<p><img decoding=\"async\" width=\"35px\" height=\"35px\" style=\"display:none;\" src=\"https:\/\/www.europesays.com\/es\/wp-content\/uploads\/2025\/10\/1761283091_388_contrae2.png\" alt=\"\" id=\"closeM\"\/><img class=\"modal-content\"\/><\/p>\n","protected":false},"excerpt":{"rendered":"01 MIN 00 SEG Rodrigo Goyeneche Cd. de M\u00e9xico (23 octubre 2025) .-19:25 hrs El franc\u00e9s Isack Hadjar&hellip;\n","protected":false},"author":2,"featured_media":197613,"comment_status":"","ping_status":"","sticky":false,"template":"","format":"standard","meta":{"footnotes":""},"categories":[270],"tags":[1679,168,25,24,306,271,3603,272,16702,2109,23,167],"class_list":{"0":"post-197612","1":"post","2":"type-post","3":"status-publish","4":"format-standard","5":"has-post-thumbnail","7":"category-formula-1","8":"tag-cancha","9":"tag-deportes","10":"tag-es","11":"tag-espana","12":"tag-f1","13":"tag-formula-1","14":"tag-formula-uno","15":"tag-formula1","16":"tag-gran-premio-de-mexico","17":"tag-isack-hadjar","18":"tag-spain","19":"tag-sports"},"share_on_mastodon":{"url":"https:\/\/pubeurope.com\/@es\/115427456379348238","error":""},"_links":{"self":[{"href":"https:\/\/www.europesays.com\/es\/wp-json\/wp\/v2\/posts\/197612","targetHints":{"allow":["GET"]}}],"collection":[{"href":"https:\/\/www.europesays.com\/es\/wp-json\/wp\/v2\/posts"}],"about":[{"href":"https:\/\/www.europesays.com\/es\/wp-json\/wp\/v2\/types\/post"}],"author":[{"embeddable":true,"href":"https:\/\/www.europesays.com\/es\/wp-json\/wp\/v2\/users\/2"}],"replies":[{"embeddable":true,"href":"https:\/\/www.europesays.com\/es\/wp-json\/wp\/v2\/comments?post=197612"}],"version-history":[{"count":0,"href":"https:\/\/www.europesays.com\/es\/wp-json\/wp\/v2\/posts\/197612\/revisions"}],"wp:featuredmedia":[{"embeddable":true,"href":"https:\/\/www.europesays.com\/es\/wp-json\/wp\/v2\/media\/197613"}],"wp:attachment":[{"href":"https:\/\/www.europesays.com\/es\/wp-json\/wp\/v2\/media?parent=197612"}],"wp:term":[{"taxonomy":"category","embeddable":true,"href":"https:\/\/www.europesays.com\/es\/wp-json\/wp\/v2\/categories?post=197612"},{"taxonomy":"post_tag","embeddable":true,"href":"https:\/\/www.europesays.com\/es\/wp-json\/wp\/v2\/tags?post=197612"}],"curies":[{"name":"wp","href":"https:\/\/api.w.org\/{rel}","templated":true}]}}