{"id":197614,"date":"2025-10-24T05:19:12","date_gmt":"2025-10-24T05:19:12","guid":{"rendered":"https:\/\/www.europesays.com\/es\/197614\/"},"modified":"2025-10-24T05:19:12","modified_gmt":"2025-10-24T05:19:12","slug":"luwawu-cabarrot-y-poco-mas-en-belgrado","status":"publish","type":"post","link":"https:\/\/www.europesays.com\/es\/197614\/","title":{"rendered":"Luwawu-Cabarrot y poco m\u00e1s en Belgrado"},"content":{"rendered":"<p>\n        <strong>3 Nowell<\/strong> | Una nueva actuaci\u00f3n floja por su parte, y no es la primera. Pasa por multitud de altibajos durante un mismo partido, con bastantes m\u00e1s bajos que altos, adem\u00e1s. De momento, se le queda grande ser el base titular del Baskonia, m\u00e1s todav\u00eda en la Euroliga.\n<\/p>\n<p>            <a href=\"https:\/\/www.noticiasdealava.eus\/baskonia\/2025\/10\/23\/baskonia-belgrado-90-72-10257898.html\" title=\"El Baskonia, un querer y no poder en Belgrado (90-72)\" class=\"new__media\" rel=\"nofollow noopener\" target=\"_blank\"><\/p>\n<p>                <img alt=\"El Baskonia, un querer y no poder en Belgrado (90-72)\" data-src=\"https:\/\/www.europesays.com\/es\/wp-content\/uploads\/2025\/10\/e30f57ac-7a79-4564-97ae-c45d0ebf43c3_16-9-aspect-ratio_default_0.jpg\" class=\"lozad\"\/><\/p>\n<p>        <\/a><\/p>\n<p>        <a href=\"https:\/\/www.noticiasdealava.eus\/baskonia\/2025\/10\/23\/baskonia-belgrado-90-72-10257898.html\" title=\"El Baskonia, un querer y no poder en Belgrado (90-72)\" class=\"new__headline\" rel=\"nofollow noopener\" target=\"_blank\"><br \/>\n            El Baskonia, un querer y no poder en Belgrado (90-72)<br \/>\n        <\/a><\/p>\n<p class=\"article-body__text \">\n        <strong>4 Villar<\/strong> | Su titularidad apuntaba a que tendr\u00eda mayor participaci\u00f3n que en anteriores noches de Euroliga, pero no fue as\u00ed. Apenas jug\u00f3 tres minutos y no intent\u00f3 ning\u00fan tiro.\n<\/p>\n<p class=\"article-body__text \">\n        <strong>5 Diallo<\/strong> | Es un jugador muy est\u00e9tico, que divierte y gusta ver. Ahora bien, eso no siempre es bueno para el equipo. Tuvo poco acierto en tiros de dos (5\/12) y las faltas del tercer cuarto le desconectaron del partido. No puede perder el foco con tanta facilidad.\u00a0\n<\/p>\n<p class=\"article-body__text \">\n        <strong>4 Sedekerskis<\/strong> | Est\u00e1 varios escalones por debajo f\u00edsicamente. Y no respecto a sus compa\u00f1eros, sino comparado con su mejor versi\u00f3n. Esa que enamor\u00f3 al Buesa Arena durante tanto tiempo. Est\u00e1 cometiendo errores impropios de \u00e9l, tanto en ataque como en defensa.\u00a0\n<\/p>\n<p>            <a href=\"https:\/\/www.noticiasdealava.eus\/baskonia\/2025\/10\/23\/galbiati-baskonia-estrella-roja-10257502.html\" title=\"Galbiati: &quot;Hemos sido incapaces de volver al partido&quot;\" class=\"new__media\" rel=\"nofollow noopener\" target=\"_blank\"><\/p>\n<p>                <img alt=\"Galbiati: &quot;Hemos sido incapaces de volver al partido&quot;\" data-src=\"https:\/\/www.europesays.com\/es\/wp-content\/uploads\/2025\/10\/87ec317a-6cf1-4e98-8300-8d93ea36d77d_16-9-aspect-ratio_default_0.jpg\" class=\"lozad\"\/><\/p>\n<p>        <\/a><\/p>\n<p>        <a href=\"https:\/\/www.noticiasdealava.eus\/baskonia\/2025\/10\/23\/galbiati-baskonia-estrella-roja-10257502.html\" title=\"Galbiati: &quot;Hemos sido incapaces de volver al partido&quot;\" class=\"new__headline\" rel=\"nofollow noopener\" target=\"_blank\"><br \/>\n            Galbiati: \u00abHemos sido incapaces de volver al partido\u00bb<br \/>\n        <\/a><\/p>\n<p class=\"article-body__text \">\n        <strong>3 Diakite<\/strong> | El d\u00eda y la noche con lo visto hace unos d\u00edas en Granada, donde fue el mejor. Se le vio desconectado, sufriendo en defensa en cada ofensiva del Estrella Roja y cometiendo faltas innecesarias. Sus 0 puntos tampoco ayudaron.\u00a0\n<\/p>\n<p class=\"article-body__text \">\n        <strong>8 Luwawu-Cabarrot<\/strong> | Est\u00e1 de dulce, y se nota. Cada decisi\u00f3n la toma con confianza y trata de liderar al resto de compa\u00f1eros sobre la cancha. Ahora bien, necesita ayuda. Cuando Galbiati le sienta, el equipo pr\u00e1cticamente desaparece.\n<\/p>\n<p class=\"article-body__text \">\n        <strong>2 Kurucs<\/strong> | Su cabeza no estuvo en Belgrado, ni m\u00e1s ni menos. Se mostr\u00f3 con dudas cada vez que recibi\u00f3 el bal\u00f3n, incapaz de mirar a canasta, cediendo a otros la responsabilidad. Est\u00e1 falto de confianza, seguramente por la falta de continuidad.\n<\/p>\n<p class=\"article-body__text \">\n        <strong>4 Diop<\/strong> | Salvo alguna que otra buena aportaci\u00f3n, como un gran tap\u00f3n a Moneke, rindi\u00f3 a su nivel habitual. Es decir, por debajo de lo que se espera de un p\u00edvot de Baskonia. Peca de inocente en muchas jugadas.\u00a0Sus tiros libres son una cruz a\u00f1adida.\n<\/p>\n<p class=\"article-body__text \">\n        <strong>6 <\/strong><a href=\"https:\/\/www.noticiasdealava.eus\/baskonia\/2025\/10\/23\/galbiati-baskonia-estrella-roja-10257502.html\" title=\"Simmons\" target=\"_blank\" class=\"link copy\" rel=\"nofollow noopener\"><strong>Simmons<\/strong><\/a><strong> <\/strong>| Buenos minutos, considerando que solo lleva dos d\u00edas junto al equipo. Si coge ritmo y se adapta a sus compa\u00f1eros, puede ser \u00fatil. Lo m\u00e1s positivo fueron sus pases interiores.\u00a0\u00a0\n<\/p>\n<p class=\"article-body__text \">\n        <strong>6 Joksimovic<\/strong> | M\u00e1s all\u00e1 de su descaro, valent\u00eda y talento, que es importante para su edad, lo que seguro convence a Galbiati es que no comete errores importantes. Hace lo que tiene que hacer.\u00a0\n<\/p>\n<p class=\"article-body__text \">\n        <strong>4 Spagnolo<\/strong> | Pas\u00f3 bastante desapercibido, y no solo en cuanto a n\u00fameros, que tambi\u00e9n. Donde m\u00e1s aport\u00f3 fue en los rebotes (5), superado por Tadas.\u00a0\n<\/p>\n<p class=\"article-body__text \">\n        <strong>-Frisch<\/strong> | Jug\u00f3 en los \u00faltimos minutos, cuando estaba ya todo decidido hace rato. Sorprendi\u00f3 que Galbiati no le probara antes, eso s\u00ed.\u00a0<\/p>\n","protected":false},"excerpt":{"rendered":"3 Nowell | Una nueva actuaci\u00f3n floja por su parte, y no es la primera. Pasa por multitud&hellip;\n","protected":false},"author":2,"featured_media":197615,"comment_status":"","ping_status":"","sticky":false,"template":"","format":"standard","meta":{"footnotes":""},"categories":[269],"tags":[10306,299,298,4714,168,25,24,14267,42782,13644,23,167],"class_list":{"0":"post-197614","1":"post","2":"type-post","3":"status-publish","4":"format-standard","5":"has-post-thumbnail","7":"category-baloncesto","8":"tag-1x1","9":"tag-baloncesto","10":"tag-basketball","11":"tag-baskonia","12":"tag-deportes","13":"tag-es","14":"tag-espana","15":"tag-estrella","16":"tag-luwawu","17":"tag-roja","18":"tag-spain","19":"tag-sports"},"share_on_mastodon":{"url":"https:\/\/pubeurope.com\/@es\/115427460201799375","error":""},"_links":{"self":[{"href":"https:\/\/www.europesays.com\/es\/wp-json\/wp\/v2\/posts\/197614","targetHints":{"allow":["GET"]}}],"collection":[{"href":"https:\/\/www.europesays.com\/es\/wp-json\/wp\/v2\/posts"}],"about":[{"href":"https:\/\/www.europesays.com\/es\/wp-json\/wp\/v2\/types\/post"}],"author":[{"embeddable":true,"href":"https:\/\/www.europesays.com\/es\/wp-json\/wp\/v2\/users\/2"}],"replies":[{"embeddable":true,"href":"https:\/\/www.europesays.com\/es\/wp-json\/wp\/v2\/comments?post=197614"}],"version-history":[{"count":0,"href":"https:\/\/www.europesays.com\/es\/wp-json\/wp\/v2\/posts\/197614\/revisions"}],"wp:featuredmedia":[{"embeddable":true,"href":"https:\/\/www.europesays.com\/es\/wp-json\/wp\/v2\/media\/197615"}],"wp:attachment":[{"href":"https:\/\/www.europesays.com\/es\/wp-json\/wp\/v2\/media?parent=197614"}],"wp:term":[{"taxonomy":"category","embeddable":true,"href":"https:\/\/www.europesays.com\/es\/wp-json\/wp\/v2\/categories?post=197614"},{"taxonomy":"post_tag","embeddable":true,"href":"https:\/\/www.europesays.com\/es\/wp-json\/wp\/v2\/tags?post=197614"}],"curies":[{"name":"wp","href":"https:\/\/api.w.org\/{rel}","templated":true}]}}