{"id":197677,"date":"2025-10-24T05:58:28","date_gmt":"2025-10-24T05:58:28","guid":{"rendered":"https:\/\/www.europesays.com\/es\/197677\/"},"modified":"2025-10-24T05:58:28","modified_gmt":"2025-10-24T05:58:28","slug":"horario-y-donde-ver-la-gala-en-directo-por-television-y-online","status":"publish","type":"post","link":"https:\/\/www.europesays.com\/es\/197677\/","title":{"rendered":"horario y d\u00f3nde ver la gala en directo por televisi\u00f3n y online"},"content":{"rendered":"<p class=\"c-paragraph\">Los <a href=\"https:\/\/www.20minutos.es\/tags\/temas\/premios-princesa-de-asturias.html\" title=\"Premios Princesa de Asturias\" rel=\"nofollow noopener\" target=\"_blank\">Premios Princesa de Asturias 2025 <\/a>se celebrar\u00e1n el <b>viernes 24 de octubre de 2025<\/b> en el <b>Teatro Campoamor de Oviedo<\/b>, comenzando a las <b>18:30 horas<\/b> (hora peninsular espa\u00f1ola). Esta ceremonia anual<a href=\"https:\/\/www.20minutos.es\/nacional\/quien-elige-premiados-premios-princesa-asturias_6537501_0.html\" title=\"Qui\u00e9n elige a los premiados en los Premios Princesa de Asturias\" rel=\"nofollow noopener\" target=\"_blank\"> reconoce a personas e instituciones <\/a>que se han destacado en diversos \u00e1mbitos, como la ciencia, la cultura, el deporte y la cooperaci\u00f3n internacional.\u00a0<\/p>\n<p class=\"c-paragraph\">La gala se ha consolidado como uno de los eventos m\u00e1s importantes del calendario cultural espa\u00f1ol, atrayendo la atenci\u00f3n de medios y p\u00fablico de todo el pa\u00eds, as\u00ed como a nivel internacional. Adem\u00e1s, c<b>ontar\u00e1 con la presencia de Sus Majestades los Reyes <\/b>y Sus <a href=\"https:\/\/www.20minutos.es\/mujer\/moda\/los-mejores-looks-leonor-los-premios-princesa-asturias_6530651_1.html\" title=\"Los mejores &#039;looks&#039; de Leonor en los Premios Princesa de Asturias\" rel=\"nofollow noopener\" target=\"_blank\">Altezas Reales la Princesa de Asturias <\/a><b>y la Infanta Sof\u00eda<\/b>, quienes entregar\u00e1n los premios a los galardonados en las distintas categor\u00edas.<\/p>\n<p>\u00bfD\u00f3nde ver la gala de premiaci\u00f3n?<\/p>\n<p class=\"c-paragraph\">Este a\u00f1o, la ceremonia se podr\u00e1 seguir en directo tanto por televisi\u00f3n como por internet. <b>Televisi\u00f3n Espa\u00f1ola (TVE)<\/b> transmitir\u00e1 la gala en sus canales <b>La 1 y Canal 24 Horas<\/b>, ofreciendo una cobertura completa que incluye la llegada de los invitados, entrevistas y la entrega de los premios. Adem\u00e1s, la <b>plataforma de streaming RTVE Play<\/b> permitir\u00e1 seguir la gala en tiempo real desde cualquier dispositivo conectado a internet.<\/p>\n<p class=\"c-paragraph\">La <b>Radiotelevisi\u00f3n del Principado de Asturias (RTPA)<\/b> tambi\u00e9n realizar\u00e1 conexiones en vivo desde la alfombra roja y desde el Hotel de la Reconquista, ofreciendo un seguimiento especial de todos los detalles previos al inicio de la ceremonia. Finalmente, la <b>Fundaci\u00f3n Princesa de Asturias<\/b> emitir\u00e1 la gala y otros actos previos<a href=\"https:\/\/www.fpa.es\/es\/especial-2025\/\" rel=\"nofollow noreferrer noopener\" target=\"_blank\"> a trav\u00e9s de su canal oficial online<\/a>, permitiendo a los espectadores acceder a contenido adicional, como<b> entrevistas exclusivas y reportajes sobre los premiados.<\/b><\/p>\n<p>Semana de premios\u00a0<\/p>\n<p class=\"c-paragraph\">La <b>Semana de los Premios<\/b>, que precede a la ceremonia oficial, incluye actividades culturales abiertas al p\u00fablico en Oviedo y otras localidades asturianas. <b>Conferencias, exposiciones y encuentros con los premiados<\/b> permiten que la ciudadan\u00eda participe activamente en esta celebraci\u00f3n y conozca de cerca a quienes han sido reconocidos por su contribuci\u00f3n al progreso en distintos campos.<\/p>\n","protected":false},"excerpt":{"rendered":"Los Premios Princesa de Asturias 2025 se celebrar\u00e1n el viernes 24 de octubre de 2025 en el Teatro&hellip;\n","protected":false},"author":2,"featured_media":197678,"comment_status":"","ping_status":"","sticky":false,"template":"","format":"standard","meta":{"footnotes":""},"categories":[5],"tags":[45,1770,17,18,25,24,13,14,11,319,19,20,9,10,15,16,532,1650,3215,23,12,21,22],"class_list":{"0":"post-197677","1":"post","2":"type-post","3":"status-publish","4":"format-standard","5":"has-post-thumbnail","7":"category-titulares","8":"tag-45","9":"tag-asturias","10":"tag-breaking-news","11":"tag-breakingnews","12":"tag-es","13":"tag-espana","14":"tag-featured-news","15":"tag-featurednews","16":"tag-headlines","17":"tag-horario","18":"tag-latest-news","19":"tag-latestnews","20":"tag-news","21":"tag-noticias","22":"tag-noticias-destacadas","23":"tag-noticiasdestacadas","24":"tag-premios","25":"tag-princesa","26":"tag-seo20","27":"tag-spain","28":"tag-titulares","29":"tag-ultimas-noticias","30":"tag-ultimasnoticias"},"share_on_mastodon":{"url":"https:\/\/pubeurope.com\/@es\/115427613333464372","error":""},"_links":{"self":[{"href":"https:\/\/www.europesays.com\/es\/wp-json\/wp\/v2\/posts\/197677","targetHints":{"allow":["GET"]}}],"collection":[{"href":"https:\/\/www.europesays.com\/es\/wp-json\/wp\/v2\/posts"}],"about":[{"href":"https:\/\/www.europesays.com\/es\/wp-json\/wp\/v2\/types\/post"}],"author":[{"embeddable":true,"href":"https:\/\/www.europesays.com\/es\/wp-json\/wp\/v2\/users\/2"}],"replies":[{"embeddable":true,"href":"https:\/\/www.europesays.com\/es\/wp-json\/wp\/v2\/comments?post=197677"}],"version-history":[{"count":0,"href":"https:\/\/www.europesays.com\/es\/wp-json\/wp\/v2\/posts\/197677\/revisions"}],"wp:featuredmedia":[{"embeddable":true,"href":"https:\/\/www.europesays.com\/es\/wp-json\/wp\/v2\/media\/197678"}],"wp:attachment":[{"href":"https:\/\/www.europesays.com\/es\/wp-json\/wp\/v2\/media?parent=197677"}],"wp:term":[{"taxonomy":"category","embeddable":true,"href":"https:\/\/www.europesays.com\/es\/wp-json\/wp\/v2\/categories?post=197677"},{"taxonomy":"post_tag","embeddable":true,"href":"https:\/\/www.europesays.com\/es\/wp-json\/wp\/v2\/tags?post=197677"}],"curies":[{"name":"wp","href":"https:\/\/api.w.org\/{rel}","templated":true}]}}