{"id":197687,"date":"2025-10-24T06:05:14","date_gmt":"2025-10-24T06:05:14","guid":{"rendered":"https:\/\/www.europesays.com\/es\/197687\/"},"modified":"2025-10-24T06:05:14","modified_gmt":"2025-10-24T06:05:14","slug":"ganem-conmemora-60-anos-de-la-primera-victoria-de-honda-en-la-f1","status":"publish","type":"post","link":"https:\/\/www.europesays.com\/es\/197687\/","title":{"rendered":"Ganem conmemora 60 a\u00f1os de la primera victoria de Honda en la F1"},"content":{"rendered":"<p>\n                        (24\/10\/25). Ganem y Honda M\u00e9xico presentan una nueva campa\u00f1a que celebra los 60 a\u00f1os de la primera victoria de Honda en la m\u00e1xima categor\u00eda, un logro hist\u00f3rico que tuvo lugar en el Gran Premio de M\u00e9xico en 1965 cuando el piloto Richie Ginther logr\u00f3 la victoria con el RA272.\u00a0\n                    <\/p>\n<p>En homenaje a ese momento que marc\u00f3 un antes y un despu\u00e9s en la historia del automovilismo y de la marca. La campa\u00f1a se cre\u00f3 en torno al concepto \u201cEl poder de los sue\u00f1os\u201d, una idea que resalta que los sue\u00f1os que parecen imposibles son precisamente los que cambian la historia.\u00a0<\/p>\n<p>El film de la campa\u00f1a estuvo a cargo de la directora Yupi Segura junto al fot\u00f3grafo Pedro Luque (ganador del Goya por La Sociedad de la Nieve), y fue creado a partir de un 50% de pietaje hist\u00f3rico de aquella \u00e9poca y otro 50% de tomas recreadas donde incluso el vestuario y la direcci\u00f3n de arte fueron cuidadosamente replicados. Una de las joyas de esta pieza es la aparici\u00f3n del legendario RA272, el monoplaza con el que Honda alcanz\u00f3 su primera victoria permitiendo revivir con fidelidad y emoci\u00f3n aquel momento \u00e9pico acompa\u00f1ado de un texto profundamente inspirador.\u00a0\u00a0<\/p>\n<p>La campa\u00f1a se complementa con una serie de im\u00e1genes en blanco y negro fotografiadas por Pep \u00c1vila, que retratan al RA272 con una est\u00e9tica \u00fanica y textos reflexivos que nos adentran en lo que vive un piloto de los m\u00e1ximos circuitos y su auto, pero siempre desde la \u00f3ptica del poder de los sue\u00f1os.\u00a0<\/p>\n<p>Para Ganem M\u00e9xico, esta es una de las campa\u00f1as m\u00e1s significativas en los 11 a\u00f1os de colaboraci\u00f3n con Honda de M\u00e9xico, reafirmando el compromiso de la agencia por crear ideas \u00fanicas, inspiradoras e ic\u00f3nicas junto a una de las marcas automotrices m\u00e1s importantes del mundo, especialmente en un momento en el que el mercado se llena de m\u00e1s competidores, es importante mostrar la herencia que solo una marca como Honda puede tener. Con esta campa\u00f1a, no solo celebran una haza\u00f1a deportiva, sino el poder de so\u00f1ar en grande y hacer historia.\u00a0<\/p>\n<p><strong>El poder de los sue\u00f1os. <\/strong><strong> Anunciante:<\/strong> Honda M\u00e9xico. <strong> Marca:<\/strong> Campa\u00f1a Honda &#8211; El Poder de los Sue\u00f1os. <strong> Producto:<\/strong> Honda &#8211; 60 a\u00f1os Primera Victoria en la F1. <strong>Head de Ventas:<\/strong> Eliel Trujillo \/ <strong>Gerente de Mercadotecnia y Relaciones P\u00fablica de HDM:<\/strong> Fernando Maqueo \/ <strong>Coordinador de marketing:<\/strong> Mar\u00eda Dominguez. <strong> Agencia:<\/strong> Ganem M\u00e9xico. <strong> CEO:<\/strong> Jorge M\u00e9ndez. <strong> CCO:<\/strong> Jorge M\u00e9ndez. <strong> CSO:<\/strong> Rodrigo de Le\u00f3n. <strong> Director Creativo:<\/strong> Jimena Morales. <strong> Redactor:<\/strong> Octavio Navarro y Jorge M\u00e9ndez. <strong> Head of Art:<\/strong> Zuriel Linares. <strong> Head of:<\/strong> <strong>Digital:<\/strong> Octavio Navarro. <strong> Director de Arte:<\/strong> Zuriel Linares, Jorge M\u00e9ndez, Marco Aguilar y Abril Portillo. <strong> Director General de Cuentas:<\/strong> Diana Nu\u00f1o. <strong> Supervisor de Cuentas:<\/strong> Berenice V\u00e1zquez. <strong> Director de Cuentas:<\/strong> Gabriel Orozco. <strong> Ejecutivo de Cuentas:<\/strong> Gonzalo Ram\u00edrez. <strong> Productor Agencia:<\/strong> \u00c1ngelica Hern\u00e1ndez. <strong> Director de Producci\u00f3n:<\/strong> Mar\u00eda Fernanda Sodi. <strong> Agencia de Medios:<\/strong> Ganem Media. <strong> Productora:<\/strong> Oriental Films. <strong> Realizador \/ Director:<\/strong> Yupi Segura. <strong> Productor Ejecutivo:<\/strong> Mauri Calvillo, Paola Ortega y Mar\u00eda Lezaca. <strong> Post-producci\u00f3n:<\/strong> V\u00edctor Oseguera, Pedro Arag\u00f3n y Alicia Ortega. <strong> Director de Fotograf\u00eda:<\/strong> Pedro Luque. <strong> Fot\u00f3grafo:<\/strong> Pep \u00c1vila. <strong> M\u00fasica:<\/strong> Dan Zlotnik. <strong>Casa Productora Foto:<\/strong> NT Producciones \/ <strong>Productor Casa Productora Foto:<\/strong> Kristian Natalicchio, Daniel, Guardati y Karla Gil. <strong> Pa\u00eds:<\/strong> M\u00e9xico. <strong> Categor\u00eda:<\/strong> Autom\u00f3viles. <\/p>\n","protected":false},"excerpt":{"rendered":"(24\/10\/25). Ganem y Honda M\u00e9xico presentan una nueva campa\u00f1a que celebra los 60 a\u00f1os de la primera victoria&hellip;\n","protected":false},"author":2,"featured_media":197688,"comment_status":"","ping_status":"","sticky":false,"template":"","format":"standard","meta":{"footnotes":""},"categories":[270],"tags":[54739,168,54731,54732,25,24,306,54733,271,272,54728,54727,54726,54738,54735,54734,54730,54737,54729,54741,54742,54736,23,167,54740],"class_list":{"0":"post-197687","1":"post","2":"type-post","3":"status-publish","4":"format-standard","5":"has-post-thumbnail","7":"category-formula-1","8":"tag-camilo-gomez","9":"tag-deportes","10":"tag-el-poder-de-los-suenos","11":"tag-eliel-trujillo","12":"tag-es","13":"tag-espana","14":"tag-f1","15":"tag-fernando-maqueo","16":"tag-formula-1","17":"tag-formula1","18":"tag-ganem-media","19":"tag-ganem-mexico","20":"tag-honda-mexico","21":"tag-jimena-morales","22":"tag-jorge-mendez","23":"tag-maria-dominguez","24":"tag-nt-producciones","25":"tag-octavio-navarro","26":"tag-oriental-films","27":"tag-pedro-luque","28":"tag-pep-avila","29":"tag-rodrigo-de-leon","30":"tag-spain","31":"tag-sports","32":"tag-yupi-segura"},"share_on_mastodon":{"url":"https:\/\/pubeurope.com\/@es\/115427640878007608","error":""},"_links":{"self":[{"href":"https:\/\/www.europesays.com\/es\/wp-json\/wp\/v2\/posts\/197687","targetHints":{"allow":["GET"]}}],"collection":[{"href":"https:\/\/www.europesays.com\/es\/wp-json\/wp\/v2\/posts"}],"about":[{"href":"https:\/\/www.europesays.com\/es\/wp-json\/wp\/v2\/types\/post"}],"author":[{"embeddable":true,"href":"https:\/\/www.europesays.com\/es\/wp-json\/wp\/v2\/users\/2"}],"replies":[{"embeddable":true,"href":"https:\/\/www.europesays.com\/es\/wp-json\/wp\/v2\/comments?post=197687"}],"version-history":[{"count":0,"href":"https:\/\/www.europesays.com\/es\/wp-json\/wp\/v2\/posts\/197687\/revisions"}],"wp:featuredmedia":[{"embeddable":true,"href":"https:\/\/www.europesays.com\/es\/wp-json\/wp\/v2\/media\/197688"}],"wp:attachment":[{"href":"https:\/\/www.europesays.com\/es\/wp-json\/wp\/v2\/media?parent=197687"}],"wp:term":[{"taxonomy":"category","embeddable":true,"href":"https:\/\/www.europesays.com\/es\/wp-json\/wp\/v2\/categories?post=197687"},{"taxonomy":"post_tag","embeddable":true,"href":"https:\/\/www.europesays.com\/es\/wp-json\/wp\/v2\/tags?post=197687"}],"curies":[{"name":"wp","href":"https:\/\/api.w.org\/{rel}","templated":true}]}}