{"id":197695,"date":"2025-10-24T06:09:09","date_gmt":"2025-10-24T06:09:09","guid":{"rendered":"https:\/\/www.europesays.com\/es\/197695\/"},"modified":"2025-10-24T06:09:09","modified_gmt":"2025-10-24T06:09:09","slug":"graciela-iturbide-y-la-revolucion-silenciosa-de-la-fotografia-mexicana","status":"publish","type":"post","link":"https:\/\/www.europesays.com\/es\/197695\/","title":{"rendered":"Graciela Iturbide y la revoluci\u00f3n silenciosa de la fotograf\u00eda mexicana"},"content":{"rendered":"<p class=\"\">La fot\u00f3grafa mexicana <a href=\"https:\/\/elpais.com\/mexico\/2025-05-24\/graciela-iturbide-fotografiar-pueblos-indigenas-no-es-realismo-magico-es-la-vida.html\" target=\"_self\" rel=\"nofollow noopener\" title=\"https:\/\/elpais.com\/mexico\/2025-05-24\/graciela-iturbide-fotografiar-pueblos-indigenas-no-es-realismo-magico-es-la-vida.html\">Graciela Iturbide<\/a> afirm\u00f3 en una entrevista en 2018 que <a href=\"https:\/\/elpais.com\/cultura\/2018\/05\/31\/actualidad\/1527720200_801578.html\" target=\"_self\" rel=\"nofollow noopener\" title=\"https:\/\/elpais.com\/cultura\/2018\/05\/31\/actualidad\/1527720200_801578.html\">\u201cuna fotograf\u00eda nunca cambiar\u00e1 el mundo\u201d<\/a>. Lo dec\u00eda la mirada art\u00edstica y antropol\u00f3gica que se ha posado en los pueblos olvidados del M\u00e9xico profundo, agrietados de pobreza, y en los rostros de los ind\u00edgenas a quienes ha dignificado. Puede que una fotograf\u00eda no cambie el mundo, pero las po\u00e9ticas im\u00e1genes en blanco y negro de Iturbide (Ciudad de M\u00e9xico, 1942) han logrado descolonizar la mirada condescendiente que se posa en esas poblaciones para retratar la vida misma, sin adjetivos. Una revoluci\u00f3n silenciosa en la fotograf\u00eda mexicana que este viernes recibir\u00e1 en Oviedo el <a href=\"https:\/\/elpais.com\/cultura\/2025-05-23\/la-fotografa-mexicana-graciela-iturbide-premio-princesa-de-asturias-de-las-artes-2025.html#?rel=mas\" target=\"_self\" rel=\"nofollow noopener\" title=\"https:\/\/elpais.com\/cultura\/2025-05-23\/la-fotografa-mexicana-graciela-iturbide-premio-princesa-de-asturias-de-las-artes-2025.html#?rel=mas\">Premio Princesa de Asturias de las Artes 2025<\/a>. \u201cSomos la sociedad, nosotros, los que tenemos que cambiar al mundo, no las fotos\u201d, afirmaba Iturbide.<\/p>\n<p class=\"\">La artista que ha dicho que la fotograf\u00eda la salv\u00f3 de la locura tambi\u00e9n ha predicado con el ejemplo, movi\u00e9ndose a aquellos lugares que han llamado su atenci\u00f3n para presentar un retrato \u00edntimo y respetuoso de sus habitantes. <a href=\"https:\/\/elpais.com\/mexico\/2022-04-02\/graciela-iturbide-el-realismo-magico-es-una-etiqueta-colonial-y-racista.html#?rel=mas\" target=\"_self\" rel=\"nofollow noopener\" title=\"https:\/\/elpais.com\/mexico\/2022-04-02\/graciela-iturbide-el-realismo-magico-es-una-etiqueta-colonial-y-racista.html#?rel=mas\">Su obra se enfoca en la documentaci\u00f3n de la cultura ind\u00edgena y la relaci\u00f3n con la naturaleza<\/a>. En los pasados a\u00f1os setenta viaj\u00f3 a Sonora, al norte de M\u00e9xico, para retratar al pueblo seri y de aquella experiencia surgi\u00f3 uno de sus trabajos m\u00e1s memorables, Los que viven en la arena. Iturbide logr\u00f3 la complicidad de los habitantes de aquellas inh\u00f3spitas regiones y produjo algunas de las im\u00e1genes m\u00e1s ic\u00f3nicas de su carrera, como el Autorretrato como Seri, en la que aparece con su rostro pintado de la forma tradicional de las mujeres de esa poblaci\u00f3n, y<b> <\/b>Mujer \u00c1ngel, tomada mientras descend\u00eda de una cueva, en 1979.<\/p>\n<p class=\"\">Iturbide quiso ser antrop\u00f3loga, pero era una aspiraci\u00f3n demasiado ambiciosa para una joven nacida en el seno de una familia conservadora, que reg\u00eda su vida bajo los mandatos religiosos. \u201cMi t\u00eda ten\u00eda una peque\u00f1a capilla en su casa con el Sant\u00edsimo expuesto y siempre hab\u00eda arzobispos, obispos, gentes del Opus Dei\u201d, cont\u00f3 en mayo, tras conocer que hab\u00eda ganado el Princesa de Asturias. Tambi\u00e9n quiso ser escritora, pero tampoco se lo permitieron. \u201cLuego estuve siempre en escuela de monjas, en el Sagrado Coraz\u00f3n. Me sirvi\u00f3 estar en ese internado porque ten\u00edan una biblioteca muy buena del Siglo de Oro espa\u00f1ol que pod\u00edas estar leyendo. Porque no te dejaban hablar, era como ser monja. Mi pap\u00e1 nunca me dej\u00f3 ir a la universidad a estudiar literatura\u201d, dijo. Ni escritora ni antrop\u00f3loga de profesi\u00f3n, pero s\u00ed de pasi\u00f3n. Su mirada antropol\u00f3gica han retratado un M\u00e9xico que, por lo menos, hab\u00eda estado en la oscuridad. \u201cMe encantan todas las ruinas, toda la historia de M\u00e9xico. De alguna manera la fotograf\u00eda me ayuda a descubrir la parte arqueol\u00f3gica de M\u00e9xico, la parte po\u00e9tica. La c\u00e1mara te da muchas posibilidades\u201d, dijo.<\/p>\n<p>M\u00e1s informaci\u00f3n<\/p>\n<p class=\"\">Esa pasi\u00f3n por M\u00e9xico la llev\u00f3 en los a\u00f1os ochenta a internarse por seis a\u00f1os en Juchit\u00e1n, un municipio de la Oaxaca rural, localizado en el istmo de Tehuantepec, donde retrat\u00f3 el d\u00eda a d\u00eda de esa comunidad ind\u00edgena, un pueblo conocido por la riqueza de sus tradiciones zapotecas. Tal vez sea su trabajo m\u00e1s celebrado, el que la catapult\u00f3 a la cumbre de la fotograf\u00eda mundial. Fue por invitaci\u00f3n del artista <a href=\"https:\/\/elpais.com\/cultura\/2019\/09\/06\/actualidad\/1567736716_369213.html\" target=\"_self\" rel=\"nofollow noopener\" title=\"https:\/\/elpais.com\/cultura\/2019\/09\/06\/actualidad\/1567736716_369213.html\">Francisco Toledo<\/a>, quien naci\u00f3 en aquel pueblo. \u201cToledo fue un gran artista y un hombre muy generoso. Me dio unos grabados para que yo los vendiera y pudiera viajar a Juchit\u00e1n\u201d, dijo Iturbide. Toledo, adem\u00e1s, le dio su recomendaci\u00f3n, por lo que la gente de Juchit\u00e1n la recibi\u00f3 con hospitalidad. Iturbide se asombr\u00f3 del poder\u00edo de las mujeres en aquel poblado, <a href=\"https:\/\/elpais.com\/babelia\/2021-04-22\/graciela-iturbide-sonar-para-atrapar-la-vida.html\" target=\"_self\" rel=\"nofollow noopener\" title=\"https:\/\/elpais.com\/babelia\/2021-04-22\/graciela-iturbide-sonar-para-atrapar-la-vida.html\">una utop\u00eda matriarcal<\/a>. \u201cViv\u00eda en casas de las mujeres juchitecas y pude hacer al final un libro que se llama Juchit\u00e1n de las mujeres, con <a href=\"https:\/\/elpais.com\/mexico\/elecciones-mexicanas\/2024-05-27\/elena-poniatowska-tengo-una-enorme-esperanza-en-claudia-sheinbaum-porque-la-conozco-hace-mil-anos.html\" target=\"_self\" rel=\"nofollow noopener\" title=\"https:\/\/elpais.com\/mexico\/elecciones-mexicanas\/2024-05-27\/elena-poniatowska-tengo-una-enorme-esperanza-en-claudia-sheinbaum-porque-la-conozco-hace-mil-anos.html\">Elena Poniatowska<\/a> [1989]. Iba y estaba dos semanas, porque all\u00ed era fiesta y beber, entonces yo dec\u00eda: \u2018Ya, ya\u2019. Les acompa\u00f1aba, tomaba mis fotos, ven\u00eda, las revelaba, ve\u00eda. Y despu\u00e9s de seis a\u00f1os yendo y viniendo, lo que me dijo Toledo, que le agradezco mucho, fue: \u2018Cuando tengas las fotos hay que exponerlas en la Casa de la Cultura de Juchit\u00e1n, para que las mujeres vean lo que hiciste\u2019. Hicimos esa exposici\u00f3n, mi primera. Fue muy lindo regresarle a la gente lo que hab\u00eda hecho. Toledo fue otra de las personas claves en mi vida\u00bb, narr\u00f3.<\/p>\n<p><img decoding=\"auto\" class=\"_re lazyload a_m-h\" height=\"276\"  width=\"414\"  src=\"https:\/\/www.europesays.com\/es\/wp-content\/uploads\/2025\/10\/UUZRT2PW4BP5HDEERPTUSHRIJM.jpg\" loading=\"lazy\"\/>Graciela Iturbide en el Hotel de la Reconquista de Oviedo, el 19 de octubre. Paco Paredes (EFE)<\/p>\n<p class=\"\">El fot\u00f3grafo mexicano Pablo Ortiz Monasterio trabaj\u00f3 con Iturbide como editor en aquel proyecto. Son amigos muy queridos y dice que admira su trabajo, su forma de enfrentarse a sus empresas fotogr\u00e1ficas. \u201cMi propio crecimiento ha sido con Graciela\u201d, afirma. \u201cElla tiene esas cualidades femeninas que hoy tanto apreciamos de dulzura, de maternidad, de ver la muerte, del respeto. Ella representa una actitud de rectitud y honestidad con los retratados, con lo retratado. Adem\u00e1s, ha sido consecuente y se le nota, porque vas viendo sus fotos y todo tiene dignidad y mucha belleza. Ella es un referente global. Yo dir\u00eda que hoy por hoy no hay ning\u00fan mexicano que tenga esa proyecci\u00f3n\u201d, afirma.<\/p>\n<p class=\"\">La fot\u00f3grafa mexicana <a href=\"https:\/\/elpais.com\/mexico\/2025-10-12\/elsa-medina-la-fotografia-es-una-toma-de-conciencia.html\" target=\"_self\" rel=\"nofollow noopener\" title=\"https:\/\/elpais.com\/mexico\/2025-10-12\/elsa-medina-la-fotografia-es-una-toma-de-conciencia.html\">Elsa Medina<\/a>, una de las mayores exponentes del fotoperiodismo en el pa\u00eds, afirma que Iturbide ha dejado un profundo legado en la fotograf\u00eda mexicana, con un trabajo que ha calado en varias generaciones de autores locales. \u201cNo puedes dejar de ver sus im\u00e1genes hermosas como las de las aves, por ejemplo, y otras terror\u00edficas como las que tom\u00f3 siguiendo a la gente hacia un pante\u00f3n. Es admirable que siga trabajando con fotograf\u00eda anal\u00f3gica, me parece digno de seguirlo haciendo. Su trabajo es un gran legado que deja a este pa\u00eds dentro de la fotograf\u00eda, con su nombre, pero tambi\u00e9n en nombre de las mujeres de M\u00e9xico\u201d, explica.<\/p>\n<p class=\"\">Iturbide dice que es precisamente el respeto hacia el otro lo que le ha permitido hacer su trabajo. \u201cQuiero tomar a la gente con el respeto que merecen, no fotografiar la pobreza porque s\u00ed. Eso nunca me ha interesado, lo odio. Me gusta tener complicidad con ellos y trato de que tengan dignidad. De ellos tenemos mucho que aprender, pertenecen a nuestra cultura. Sin embargo, la fotograf\u00eda es subjetiva, las im\u00e1genes de las mujeres que tom\u00e9 de Juchit\u00e1n es mi Juchit\u00e1n. No es como cuando vienen de fuera a ver \u2018lo ex\u00f3tico\u201d, reafirma. Tal vez una fotograf\u00eda nunca cambiar\u00e1 al mundo, pero la mirada de Graciela Iturbide ha logrado que veamos de una manera m\u00e1s digna, sin exotizar, la vida que ella atrap\u00f3 en sus po\u00e9ticas fotos en blanco y negro.<\/p>\n","protected":false},"excerpt":{"rendered":"La fot\u00f3grafa mexicana Graciela Iturbide afirm\u00f3 en una entrevista en 2018 que \u201cuna fotograf\u00eda nunca cambiar\u00e1 el mundo\u201d.&hellip;\n","protected":false},"author":2,"featured_media":197696,"comment_status":"","ping_status":"","sticky":false,"template":"","format":"standard","meta":{"footnotes":""},"categories":[173],"tags":[889,229,233,231,230,209,232,234,146,147,25,24,244,54744,13937,1804,1906,54647,23],"class_list":{"0":"post-197695","1":"post","2":"type-post","3":"status-publish","4":"format-standard","5":"has-post-thumbnail","7":"category-arte-y-diseno","8":"tag-america","9":"tag-arte","10":"tag-arte-y-diseno","11":"tag-arts","12":"tag-arts-and-design","13":"tag-cultura","14":"tag-design","15":"tag-diseno","16":"tag-entertainment","17":"tag-entretenimiento","18":"tag-es","19":"tag-espana","20":"tag-fotografia","21":"tag-graciela-iturbide","22":"tag-indigenas","23":"tag-latinoamerica","24":"tag-mexico","25":"tag-princesa-de-asturias","26":"tag-spain"},"share_on_mastodon":{"url":"https:\/\/pubeurope.com\/@es\/115427656766481328","error":""},"_links":{"self":[{"href":"https:\/\/www.europesays.com\/es\/wp-json\/wp\/v2\/posts\/197695","targetHints":{"allow":["GET"]}}],"collection":[{"href":"https:\/\/www.europesays.com\/es\/wp-json\/wp\/v2\/posts"}],"about":[{"href":"https:\/\/www.europesays.com\/es\/wp-json\/wp\/v2\/types\/post"}],"author":[{"embeddable":true,"href":"https:\/\/www.europesays.com\/es\/wp-json\/wp\/v2\/users\/2"}],"replies":[{"embeddable":true,"href":"https:\/\/www.europesays.com\/es\/wp-json\/wp\/v2\/comments?post=197695"}],"version-history":[{"count":0,"href":"https:\/\/www.europesays.com\/es\/wp-json\/wp\/v2\/posts\/197695\/revisions"}],"wp:featuredmedia":[{"embeddable":true,"href":"https:\/\/www.europesays.com\/es\/wp-json\/wp\/v2\/media\/197696"}],"wp:attachment":[{"href":"https:\/\/www.europesays.com\/es\/wp-json\/wp\/v2\/media?parent=197695"}],"wp:term":[{"taxonomy":"category","embeddable":true,"href":"https:\/\/www.europesays.com\/es\/wp-json\/wp\/v2\/categories?post=197695"},{"taxonomy":"post_tag","embeddable":true,"href":"https:\/\/www.europesays.com\/es\/wp-json\/wp\/v2\/tags?post=197695"}],"curies":[{"name":"wp","href":"https:\/\/api.w.org\/{rel}","templated":true}]}}