{"id":197710,"date":"2025-10-24T06:18:14","date_gmt":"2025-10-24T06:18:14","guid":{"rendered":"https:\/\/www.europesays.com\/es\/197710\/"},"modified":"2025-10-24T06:18:14","modified_gmt":"2025-10-24T06:18:14","slug":"oro-sube-por-los-riesgos-geopoliticos-y-antes-de-datos-de-inflacion-en-eeuu","status":"publish","type":"post","link":"https:\/\/www.europesays.com\/es\/197710\/","title":{"rendered":"Oro sube por los riesgos geopol\u00edticos y antes de datos de inflaci\u00f3n en EEUU"},"content":{"rendered":"\n<p class=\"yf-1090901\">Por Noel John y Pablo Sinha<\/p>\n<p class=\"yf-1090901\">23 oct (Reuters) -Los precios del oro subieron m\u00e1s de un 1% el jueves tras dos sesiones consecutivas de p\u00e9rdidas, ya que los nuevos riesgos geopol\u00edticos reforzaron la demanda de refugio mientras los inversores se preparan para los datos de inflaci\u00f3n de Estados Unidos que se publicar\u00e1n el viernes.<\/p>\n<p class=\"yf-1090901\">* A las 1505 GMT, el oro al contado ganaba un 1,4%, a 4.149,39 d\u00f3lares por onza, tras haber tocado m\u00ednimos de casi dos semanas en la v\u00edspera. Los futuros del oro en Estados Unidos para entrega en diciembre sub\u00edan un 2,5%, a 4.165,80 d\u00f3lares.<\/p>\n<p class=\"yf-1090901\">* Los precios hab\u00edan alcanzado un m\u00e1ximo hist\u00f3rico de 4.381,21 d\u00f3lares el lunes, pero registraron su mayor ca\u00edda en cinco a\u00f1os en la sesi\u00f3n siguiente.<\/p>\n<p class=\"yf-1090901\">* \u00abTodos los factores fundamentales que han impulsado la subida del oro este a\u00f1o siguen vigentes. Hubo algunas compras oportunistas en las ca\u00eddas y tal vez un repunte de las tensiones comercial y geopol\u00edtica ha propiciado la subida de hoy\u00bb, dijo Peter Grant, vicepresidente y estratega jefe de metales de Zaner Metals.<\/p>\n<p class=\"yf-1090901\">* Los precios del oro acumulan un alza cercana al 57% este a\u00f1o por las incertidumbres geopol\u00edticas y econ\u00f3micas, las apuestas de recorte de tasas de inter\u00e9s y la compra sostenida de los bancos centrales.<\/p>\n<p class=\"yf-1090901\">* El Gobierno del presidente estadounidense, Donald Trump, est\u00e1 evaluando un plan para frenar una serie de exportaciones de software a China, desde computadoras port\u00e1tiles hasta motores a reacci\u00f3n, como represalia ante la \u00faltima ronda de restricciones a la exportaci\u00f3n de tierras raras de Pek\u00edn.<\/p>\n<p class=\"yf-1090901\">* Trump adem\u00e1s impuso sanciones relacionadas con Ucrania a Rusia por primera vez en su segundo mandato, dirigidas contra las petroleras Lukoil y Rosneft.<\/p>\n<p class=\"yf-1090901\">* La atenci\u00f3n se centra ahora en el \u00cdndice de Precios al Consumo (IPC) de Estados Unidos, que se publicar\u00e1 el viernes, con retraso debido al cierre del Gobierno, y se espera arroje m\u00e1s luz sobre la senda de recortes de tasas de la Reserva Federal.<\/p>\n<p class=\"yf-1090901\">* Entre otros metales preciosos, la plata al contado sub\u00eda un 1,5%, a 49,25 d\u00f3lares la onza; el platino ganaba un 0,1%, a 1.623,99 d\u00f3lares; y el paladio avanzaba un 0,8%, a 1.470,71 d\u00f3lares.<\/p>\n<p class=\"yf-1090901\">(Editado en espa\u00f1ol por Carlos Serrano)<\/p>\n","protected":false},"excerpt":{"rendered":"Por Noel John y Pablo Sinha 23 oct (Reuters) -Los precios del oro subieron m\u00e1s de un 1%&hellip;\n","protected":false},"author":2,"featured_media":197711,"comment_status":"","ping_status":"","sticky":false,"template":"","format":"standard","meta":{"footnotes":""},"categories":[80],"tags":[82,352,95,94,25,24,54746,54748,54747,23,26454],"class_list":{"0":"post-197710","1":"post","2":"type-post","3":"status-publish","4":"format-standard","5":"has-post-thumbnail","7":"category-economia","8":"tag-business","9":"tag-donald-trump","10":"tag-economia","11":"tag-economy","12":"tag-es","13":"tag-espana","14":"tag-pablo-sinha","15":"tag-peter-grant","16":"tag-por-noel-john","17":"tag-spain","18":"tag-tasas-de-interes"},"share_on_mastodon":{"url":"https:\/\/pubeurope.com\/@es\/115427692432709527","error":""},"_links":{"self":[{"href":"https:\/\/www.europesays.com\/es\/wp-json\/wp\/v2\/posts\/197710","targetHints":{"allow":["GET"]}}],"collection":[{"href":"https:\/\/www.europesays.com\/es\/wp-json\/wp\/v2\/posts"}],"about":[{"href":"https:\/\/www.europesays.com\/es\/wp-json\/wp\/v2\/types\/post"}],"author":[{"embeddable":true,"href":"https:\/\/www.europesays.com\/es\/wp-json\/wp\/v2\/users\/2"}],"replies":[{"embeddable":true,"href":"https:\/\/www.europesays.com\/es\/wp-json\/wp\/v2\/comments?post=197710"}],"version-history":[{"count":0,"href":"https:\/\/www.europesays.com\/es\/wp-json\/wp\/v2\/posts\/197710\/revisions"}],"wp:featuredmedia":[{"embeddable":true,"href":"https:\/\/www.europesays.com\/es\/wp-json\/wp\/v2\/media\/197711"}],"wp:attachment":[{"href":"https:\/\/www.europesays.com\/es\/wp-json\/wp\/v2\/media?parent=197710"}],"wp:term":[{"taxonomy":"category","embeddable":true,"href":"https:\/\/www.europesays.com\/es\/wp-json\/wp\/v2\/categories?post=197710"},{"taxonomy":"post_tag","embeddable":true,"href":"https:\/\/www.europesays.com\/es\/wp-json\/wp\/v2\/tags?post=197710"}],"curies":[{"name":"wp","href":"https:\/\/api.w.org\/{rel}","templated":true}]}}